{"id":2660,"date":"2024-08-02T17:40:26","date_gmt":"2024-08-02T15:40:26","guid":{"rendered":"https:\/\/blogs.fu-berlin.de\/open-access-berlin\/?p=2660"},"modified":"2024-11-05T10:47:41","modified_gmt":"2024-11-05T09:47:41","slug":"quo-vadis-4-auftaktveranstaltung","status":"publish","type":"post","link":"https:\/\/blogs.fu-berlin.de\/open-access-berlin\/2024\/08\/02\/quo-vadis-4-auftaktveranstaltung\/","title":{"rendered":"21. Oktober 2024: Open Access Monitoring \u2013 Chancen und Herausforderungen f\u00fcr die offene Wissenschaft (Auftaktveranstaltung in der Reihe &#8222;Quo vadis offene Wissenschaft in Berlin und Brandenburg&#8220;)"},"content":{"rendered":"<h4>\u00a0<\/h4>\r\n<p><!--more--><\/p>\r\n<h4>Auftaktveranstaltung der Reihe &#8222;Quo vadis offene Wissenschaft in Berlin und Brandenburg&#8220; am 21. Oktober 2024<\/h4>\r\n<!-- \/wp:post-content -->\r\n\r\n<!-- wp:paragraph -->\r\n<p><strong>Termin:<\/strong> 21. Oktober 2024, 14:00\u201315:30 Uhr<br \/><strong>Ort: <\/strong>Online via Webex<br \/><strong>Veranstaltende:<\/strong> Institut f\u00fcr Bibliotheks- und Informationswissenschaft (IBI) der Humboldt-Universit\u00e4t zu Berlin und Open-Access-B\u00fcro Berlin<\/p>\r\n<!-- \/wp:paragraph -->\r\n\r\n<!-- wp:paragraph -->\r\n<p>Diese Diskussion bildet die Auftaktveranstaltung in der Reihe <a href=\"https:\/\/blogs.fu-berlin.de\/open-access-berlin\/2024\/08\/02\/quo-vadis-4\/\">Quo vadis offene Wissenschaft in Berlin und Brandenburg 2024\/25. <\/a><\/p>\r\n<!-- \/wp:paragraph -->\r\n\r\n<!-- wp:more -->\r\n<p><!--more--><\/p>\r\n<!-- \/wp:more -->\r\n\r\n<!-- wp:heading {\"level\":1} -->\r\n<p>Um die Entwicklung der Transformation zu Open Access zu bestimmen, werden oftmals Indikatoren wie Publikationszahlen oder Publikationskosten betrachtet. Offene Daten sind daf\u00fcr ein zentraler Baustein. Mit <a href=\"https:\/\/openalex.org\/\">OpenAlex<\/a> und der flankierenden <a href=\"https:\/\/barcelona-declaration.org\/\">Barcelona Declaration on Open Research Information<\/a> ist die Open Access Community weltweit auf einem guten Weg, das Monitoring nicht nur kommerziellen Anbietern zu \u00fcberlassen. Gleichzeitig stellen sich bei dem Monitoring neue Herausforderungen, wenn es z.B. darum geht, weitergehende Prinzipien der offenen Wissenschaft z.B. im Bereich des wissenschaftsgeleiteten Open-Access-Publizierens in den Blick zu nehmen oder weitere Publikationsformate und -praktiken zu betrachten. Fragen die sich hier stellen, sind u.a.:<\/p>\r\n<ul>\r\n<li>Wie k\u00f6nnen wir beispielsweise die wachsende Zahl von Community-Led-Initiativen und ihre Publikations- und Finanzierungsmodelle erfassen und dabei nicht nur die Zahl der Outputs von Journals und Artikels z\u00e4hlen?<\/li>\r\n<li>Wie k\u00f6nnen Einrichtungen ihre Bem\u00fchungen zum Aufbau offener Publikationsinfrastrukturen besser sichtbar machen und wie kann die Umsetzung von Strategien nicht nur mit Blick auf das Ergebnis zu einem Zeitpunkt X, sondern mit Blick auf den Prozess sichtbar gemacht werden?<\/li>\r\n<li>Wie viel Einfluss hat das, was wir messen und bestimmen, auf den Weg, den wir bei der Open-Access-Transformation einschlagen?<\/li>\r\n<\/ul>\r\n<p>Organisiert wird die Veranstaltung\u00a0 zum Start der <a href=\"https:\/\/www.openaccessweek.org\/\">International Open Access Week 2024<\/a>, die in diesem Jahr unter dem dem Motto \u201cCommunity over Commercialization\u201d steht, vom <a href=\"https:\/\/www.open-access-berlin.de\/\">Open-Access-B\u00fcro Berlin<\/a> und dem <a href=\"https:\/\/www.ibi.hu-berlin.de\/de\/forschung\/infomanagement\">Lehrstuhl f\u00fcr Information Management<\/a> am Institut f\u00fcr Bibliotheks- und Informationswissenschaft der Humboldt-Universit\u00e4t zu Berlin.<\/p>\r\n<h2>Programm<\/h2>\r\n<ul>\r\n<li><strong>14:00\u201314:10 Uhr: Begr\u00fc\u00dfung durch Prof. Dr. Heinz Pampel<\/strong><\/li>\r\n<li><strong>14:10\u201315:30 Uhr: Diskussion<\/strong><\/li>\r\n<\/ul>\r\n<h3>Teilnehmende an der Diskussion:<\/h3>\r\n<ul>\r\n<li>Irene Barbers (Forschungszentrum J\u00fclich)<\/li>\r\n<li>Najko Jahn (SUB G\u00f6ttingen)<\/li>\r\n<li>Dr. Jochen Johannsen (RWTH Aachen)<\/li>\r\n<li>Dr. Maxi Kindling (OABB)<\/li>\r\n<\/ul>\r\n<p><strong>Moderiert von:<\/strong> Prof. Dr. Heinz Pampel (IBI der HU Berlin)<\/p>\r\n<h3>Biographische Informationen (tbc)<\/h3>\r\n<figure id=\"attachment_2765\" aria-describedby=\"caption-attachment-2765\" style=\"width: 261px\" class=\"wp-caption alignnone\"><img loading=\"lazy\" decoding=\"async\" class=\" wp-image-2765\" src=\"https:\/\/blogs.fu-berlin.de\/open-access-berlin\/files\/2024\/08\/Irene-Barbers-300x275.jpg\" alt=\"\" width=\"261\" height=\"239\" srcset=\"https:\/\/blogs.fu-berlin.de\/open-access-berlin\/files\/2024\/08\/Irene-Barbers-300x275.jpg 300w, https:\/\/blogs.fu-berlin.de\/open-access-berlin\/files\/2024\/08\/Irene-Barbers-1024x938.jpg 1024w, https:\/\/blogs.fu-berlin.de\/open-access-berlin\/files\/2024\/08\/Irene-Barbers-768x704.jpg 768w, https:\/\/blogs.fu-berlin.de\/open-access-berlin\/files\/2024\/08\/Irene-Barbers-1536x1407.jpg 1536w, https:\/\/blogs.fu-berlin.de\/open-access-berlin\/files\/2024\/08\/Irene-Barbers-1200x1099.jpg 1200w, https:\/\/blogs.fu-berlin.de\/open-access-berlin\/files\/2024\/08\/Irene-Barbers-250x229.jpg 250w, https:\/\/blogs.fu-berlin.de\/open-access-berlin\/files\/2024\/08\/Irene-Barbers-550x504.jpg 550w, https:\/\/blogs.fu-berlin.de\/open-access-berlin\/files\/2024\/08\/Irene-Barbers-800x733.jpg 800w, https:\/\/blogs.fu-berlin.de\/open-access-berlin\/files\/2024\/08\/Irene-Barbers-196x180.jpg 196w, https:\/\/blogs.fu-berlin.de\/open-access-berlin\/files\/2024\/08\/Irene-Barbers-327x300.jpg 327w, https:\/\/blogs.fu-berlin.de\/open-access-berlin\/files\/2024\/08\/Irene-Barbers-546x500.jpg 546w, https:\/\/blogs.fu-berlin.de\/open-access-berlin\/files\/2024\/08\/Irene-Barbers.jpg 1728w\" sizes=\"auto, (max-width: 261px) 85vw, 261px\" \/><figcaption id=\"caption-attachment-2765\" class=\"wp-caption-text\">Irene Barbers<\/figcaption><\/figure>\r\n<p>Irene Barbers hat wissenschaftliches Bibliothekswesen (Dipl.-Bibl.) sowie Bibliotheks- und Informationswissenschaft (MA LIS) an der TH K\u00f6ln studiert und ist Leiterin des Fachbereichs Literaturerwerbung in der Zentralbibliothek des Forschungszentrums J\u00fclich. Sie ist verantwortlich f\u00fcr die Weiterentwicklung und den Betrieb des Open Access Monitor Deutschland sowie f\u00fcr das Monitoring des DFG-F\u00f6rderprogramms Open-Access-Publikationskosten, das vom Forschungszentrum J\u00fclich im Auftrag der DFG durchgef\u00fchrt wird. Sie ist au\u00dferdem Teil des Projektteams von Transform2Open. Das DFG-Projekt widmet sich den Themen Kostenmonitoring, Kriterien, Kompetenzen und Prozesse der Open- Access-Transformation.<\/p>\r\n<p>&nbsp;<\/p>\r\n<figure id=\"attachment_2765\" aria-describedby=\"caption-attachment-2765\" style=\"width: 261px\" class=\"wp-caption alignnone\"><img loading=\"lazy\" decoding=\"async\" class=\" wp-image-2765\" src=\"https:\/\/blogs.fu-berlin.de\/open-access-berlin\/files\/2024\/08\/Najko-Jahn.jpg\" alt=\"\" width=\"261\" height=\"239\" \/><figcaption id=\"caption-attachment-2765\" class=\"wp-caption-text\">Najko Jahn<\/figcaption><\/figure>\r\n<p>Najko Jahn ist Data Analyst und stellvertretender Leiter der Gruppe Wissen als Gemeingut an der Nieders\u00e4chsischen Staats- und Universit\u00e4tsbibliothek G\u00f6ttingen. Er verf\u00fcgt \u00fcber mehr als zehn Jahre Erfahrung im Open Access Monitoring mit Schwerpunkt auf offene Data und Methoden.<\/p>\r\n<p>&nbsp;<\/p>\r\n<figure id=\"attachment_2765\" aria-describedby=\"caption-attachment-2765\" style=\"width: 261px\" class=\"wp-caption alignnone\"><img loading=\"lazy\" decoding=\"async\" class=\" wp-image-2765\" src=\"https:\/\/blogs.fu-berlin.de\/open-access-berlin\/files\/2023\/07\/Johannsen-2-300x200.jpg\" alt=\"\" width=\"261\" height=\"239\" \/><figcaption id=\"caption-attachment-2765\" class=\"wp-caption-text\">Jochen Johannsen<\/figcaption><\/figure>\r\n<p>Dr. Jochen Johannsen war nach dem Studium der Geschichtswissenschaft und der anschlie\u00dfenden Ausbildung zum wissenschaftlichen Bibliothekar zun\u00e4chst als Leiter der Konsortialstelle des Hochschulbibliothekszentrum des Landes Nordrhein-Westfalen (hbz) t\u00e4tig. 2012 zog es ihn an die Badische Landesbibliothek, wo er bis 2015 Erwerbungsleiter war. Anschlie\u00dfend \u00fcbernahm Jochen Johannsen die Direktion der Universit\u00e4tsbibliothek Siegen. Seit 2022 ist er an der Universit\u00e4tsbibliothek der Rheinisch-Westf\u00e4lischen Technischen Hochschule Aachen (RWTH) Direktor und Mitglied der DEAL-Gruppe.<\/p>\r\n<p>&nbsp;<\/p>\r\n<figure id=\"attachment_2765\" aria-describedby=\"caption-attachment-2765\" style=\"width: 261px\" class=\"wp-caption alignnone\"><img loading=\"lazy\" decoding=\"async\" class=\" wp-image-2765\" src=\"https:\/\/blogs.fu-berlin.de\/open-access-berlin\/files\/2024\/10\/Kindling.jpg\" alt=\"\" width=\"261\" height=\"239\" \/><figcaption id=\"caption-attachment-2765\" class=\"wp-caption-text\">Maxi Kindling<\/figcaption><\/figure>\r\n<p>Dr. Maxi Kindling ist Informationswissenschaftlerin. Sie leitet das Open-Access-B\u00fcro Berlin. Das B\u00fcro hat in diesem Jahr einen umfassenden Report \u00fcber die Entwicklung von Open Access in Berlin seit der Verabschiedung der Berliner Open-Access-Strategie 2015 ver\u00f6ffentlicht, der auf einem multimethodischen Ansatz f\u00fcr das Monitoring basiert. Zudem f\u00fchrt das OABB gemeinsam mit dem QUEST Center for Responsible Research am Berlin Institute of Health an der Charit\u00e9 &#8211; Universit\u00e4tsmedizin Berlin das von der Berlin University Alliance gef\u00f6rdertes Monitoring-Projekt &#8222;BUA Open Science Magnifiers&#8220; durch.<\/p>\r\n<!-- \/wp:heading -->\r\n\r\n<!-- wp:paragraph \/-->\r\n\r\n<!-- wp:list \/-->\r\n\r\n<!-- wp:paragraph \/-->\r\n\r\n","protected":false},"excerpt":{"rendered":"<p>Termin: 21. Oktober 2024, 14:00\u201315:30 Uhr; Ort: Online via Zoom Veranstaltende: Institut f\u00fcr Bibliotheks- und Informationswissenschaft (IBI) der HU Berlin und Open-Access-B\u00fcro Berlin<\/p>\n","protected":false},"author":5167,"featured_media":0,"comment_status":"open","ping_status":"open","sticky":false,"template":"","format":"standard","meta":{"footnotes":""},"categories":[419],"tags":[],"class_list":["post-2660","post","type-post","status-publish","format-standard","hentry","category-veranstaltungshinweise"],"_links":{"self":[{"href":"https:\/\/blogs.fu-berlin.de\/open-access-berlin\/wp-json\/wp\/v2\/posts\/2660","targetHints":{"allow":["GET"]}}],"collection":[{"href":"https:\/\/blogs.fu-berlin.de\/open-access-berlin\/wp-json\/wp\/v2\/posts"}],"about":[{"href":"https:\/\/blogs.fu-berlin.de\/open-access-berlin\/wp-json\/wp\/v2\/types\/post"}],"author":[{"embeddable":true,"href":"https:\/\/blogs.fu-berlin.de\/open-access-berlin\/wp-json\/wp\/v2\/users\/5167"}],"replies":[{"embeddable":true,"href":"https:\/\/blogs.fu-berlin.de\/open-access-berlin\/wp-json\/wp\/v2\/comments?post=2660"}],"version-history":[{"count":31,"href":"https:\/\/blogs.fu-berlin.de\/open-access-berlin\/wp-json\/wp\/v2\/posts\/2660\/revisions"}],"predecessor-version":[{"id":2845,"href":"https:\/\/blogs.fu-berlin.de\/open-access-berlin\/wp-json\/wp\/v2\/posts\/2660\/revisions\/2845"}],"wp:attachment":[{"href":"https:\/\/blogs.fu-berlin.de\/open-access-berlin\/wp-json\/wp\/v2\/media?parent=2660"}],"wp:term":[{"taxonomy":"category","embeddable":true,"href":"https:\/\/blogs.fu-berlin.de\/open-access-berlin\/wp-json\/wp\/v2\/categories?post=2660"},{"taxonomy":"post_tag","embeddable":true,"href":"https:\/\/blogs.fu-berlin.de\/open-access-berlin\/wp-json\/wp\/v2\/tags?post=2660"}],"curies":[{"name":"wp","href":"https:\/\/api.w.org\/{rel}","templated":true}]}}