{"id":2762,"date":"2024-12-17T10:12:10","date_gmt":"2024-12-17T09:12:10","guid":{"rendered":"https:\/\/blogs.fu-berlin.de\/open-access-berlin\/?p=2762"},"modified":"2025-04-11T12:52:47","modified_gmt":"2025-04-11T10:52:47","slug":"quo-vadis-4-ki-und-open-access","status":"publish","type":"post","link":"https:\/\/blogs.fu-berlin.de\/open-access-berlin\/2024\/12\/17\/quo-vadis-4-ki-und-open-access\/","title":{"rendered":"18. Dezember 2024: AI, Open Access and beyond: Konkrete bis strategische Ableitungen f\u00fcr Bibliotheken (3. Veranstaltung in der Reihe Quo vadis offene Wissenschaft in Berlin und Brandenburg 2024\/25)"},"content":{"rendered":"<h4>3. Veranstaltung in der Reihe \u201eQuo vadis offene Wissenschaft in Berlin und Brandenburg\u201c am 18. DEZEMBER 2024<\/h4>\n<p><strong>Termin:<\/strong> 18. Dezember, 15:00\u201316:30 Uhr<br \/>\n<strong>Ort: <\/strong><a href=\"https:\/\/th-wildau.webex.com\/th-wildau\/j.php?MTID=m9be52b0effb436cb25e6c03944b2f94f\">Online via Webex<\/a><br \/>\n<strong>Veranstaltende:<\/strong> TH Wildau<\/p>\n<p>Es handelt sich bei dieser Veranstaltung um die dritte in der Reihe <a href=\"https:\/\/blogs.fu-berlin.de\/open-access-berlin\/2024\/08\/02\/quo-vadis-4\/\">Quo vadis offene Wissenschaft in Berlin und Brandenburg 2024\/25. <\/a><\/p>\n<p><!--more--><\/p>\n<p>Frei zug\u00e4ngliche Forschungsdaten bis hin zu Publikationen erlauben unter gewissen Creative-Commens-Bedingungen (CC BY, CC BY-SA oder CC0) auch die Verarbeitung der Informationen mit Technologien der K\u00fcnstlichen Intelligenz. Gleichfalls ist Bibliotheken bei konsortial bis lizenzierten Produkten zugestanden, im Kontext des Text- und Dataminings eine entsprechende technologiegest\u00fctzte Verarbeitung qualit\u00e4tsgesicherter Informationen durchzuf\u00fchren (sog. TDM-Schranke bzw. seit M\u00e4rz 2018 in Kraft getretene Gesetz zur Angleichung des Urheberrechts an die aktuellen Erfordernisse der Wissensgesellschaft (UrhWissG), speziell <a href=\"https:\/\/dejure.org\/gesetze\/UrhG\/44b.html\" title=\"&sect; 44b UrhG: Text und Data Mining\">\u00a7 44b<\/a> und <a href=\"https:\/\/dejure.org\/gesetze\/UrhG\/60d.html\" title=\"&sect; 60d UrhG: Text und Data Mining f&uuml;r Zwecke der wissenschaftlichen Forschung\">60d UrhG<\/a>). Hinzu kommen M\u00f6glichkeiten, urheberrechtlich gesch\u00fctzte Werke f\u00fcr KI-Systeme so zu ver\u00e4ndern, dass eine weitere wissenschaftlichee Wertsch\u00f6pfung im forschungsgeleiteten Streben und Erkenntnisinteresse m\u00f6glich ist \u2013 wenn die TDM-Schranke nicht anwendbar ist, durch abgeleitete Textformate im Rahmen der freien Benutzung nach <a href=\"https:\/\/dejure.org\/gesetze\/UrhG\/23.html\" title=\"&sect; 23 UrhG: Bearbeitungen und Umgestaltungen\">\u00a7 23 Abs. 1 S. 2 UrhG<\/a> und damit ein Werk einen hinreichenden Abstand zu vorbestehendem Werk wahrt. Sogenannte abgeleitete Texte bieten neue M\u00f6glichkeiten der Analyse.<\/p>\n<p>Aus diesen drei Aspekten erwachsen Bibliotheken neue Aufgaben im Kontext der Digital Humanities, es kommt ihnen eine besondere Rolle zu und sie sind aufgerufen, sich mit ihren Ressourcen und M\u00f6glichkeiten darauf einzustellen. Diese neue Rolle samt ihrer Limitierungen soll in diesem Panel diskutiert werden.<\/p>\n<h2>Programm<\/h2>\n<p><strong>15:00\u201315:10 Uhr: Begr\u00fc\u00dfung durch Frank Seeliger (TH Wildau)<\/strong><\/p>\n<h3>Teilnehmende an der Diskussion<\/h3>\n<ul>\n<li>Judith Ludwig (TIB)<\/li>\n<li>Fabian Rack (FIZ Karlsruhe, iRights.Law)<\/li>\n<li>Christof Sch\u00f6ch (Universit\u00e4t Trier)<\/li>\n<\/ul>\n<p><strong>Moderiert von<\/strong>: Frank Seeliger (TH Wildau)<\/p>\n<h3>Biographische Informationen<\/h3>\n<figure id=\"attachment_2835\" aria-describedby=\"caption-attachment-2835\" style=\"width: 300px\" class=\"wp-caption alignnone\"><img loading=\"lazy\" decoding=\"async\" class=\"size-medium wp-image-2835\" src=\"https:\/\/blogs.fu-berlin.de\/open-access-berlin\/files\/2024\/10\/Judith-Ludwig-300x200.jpg\" alt=\"\" width=\"300\" height=\"200\" srcset=\"https:\/\/blogs.fu-berlin.de\/open-access-berlin\/files\/2024\/10\/Judith-Ludwig-300x200.jpg 300w, https:\/\/blogs.fu-berlin.de\/open-access-berlin\/files\/2024\/10\/Judith-Ludwig-1024x683.jpg 1024w, https:\/\/blogs.fu-berlin.de\/open-access-berlin\/files\/2024\/10\/Judith-Ludwig-768x512.jpg 768w, https:\/\/blogs.fu-berlin.de\/open-access-berlin\/files\/2024\/10\/Judith-Ludwig-1536x1024.jpg 1536w, https:\/\/blogs.fu-berlin.de\/open-access-berlin\/files\/2024\/10\/Judith-Ludwig-2048x1365.jpg 2048w, https:\/\/blogs.fu-berlin.de\/open-access-berlin\/files\/2024\/10\/Judith-Ludwig-1200x800.jpg 1200w, https:\/\/blogs.fu-berlin.de\/open-access-berlin\/files\/2024\/10\/Judith-Ludwig-250x167.jpg 250w, https:\/\/blogs.fu-berlin.de\/open-access-berlin\/files\/2024\/10\/Judith-Ludwig-550x367.jpg 550w, https:\/\/blogs.fu-berlin.de\/open-access-berlin\/files\/2024\/10\/Judith-Ludwig-800x533.jpg 800w, https:\/\/blogs.fu-berlin.de\/open-access-berlin\/files\/2024\/10\/Judith-Ludwig-270x180.jpg 270w, https:\/\/blogs.fu-berlin.de\/open-access-berlin\/files\/2024\/10\/Judith-Ludwig-450x300.jpg 450w, https:\/\/blogs.fu-berlin.de\/open-access-berlin\/files\/2024\/10\/Judith-Ludwig-750x500.jpg 750w\" sizes=\"auto, (max-width: 300px) 85vw, 300px\" \/><figcaption id=\"caption-attachment-2835\" class=\"wp-caption-text\">Judith Ludwig<\/figcaption><\/figure>\n<p>Ass. jur. Judith Ludwig, LL.M. (<a href=\"https:\/\/orcid.org\/0000-0001-5322-0478\">ORCiD: 0000-0001-5322-0478<\/a>) arbeitet als Justiziarin und Referentin f\u00fcr Lizenzen an der Technischen Informationsbibliothek (TIB). Sie ist u.a. Co-Vorsitzende der LIBER Working Group Copyright &amp; Legal Matters und st\u00e4ndiger Gast in der Rechtskommission des Deutschen Bibliotheksverbands.<\/p>\n<figure id=\"attachment_2829\" aria-describedby=\"caption-attachment-2829\" style=\"width: 200px\" class=\"wp-caption alignnone\"><img loading=\"lazy\" decoding=\"async\" class=\"size-medium wp-image-2829\" src=\"https:\/\/blogs.fu-berlin.de\/open-access-berlin\/files\/2024\/10\/Fabian-Rack-200x300.jpeg\" alt=\"\" width=\"200\" height=\"300\" srcset=\"https:\/\/blogs.fu-berlin.de\/open-access-berlin\/files\/2024\/10\/Fabian-Rack-200x300.jpeg 200w, https:\/\/blogs.fu-berlin.de\/open-access-berlin\/files\/2024\/10\/Fabian-Rack-683x1024.jpeg 683w, https:\/\/blogs.fu-berlin.de\/open-access-berlin\/files\/2024\/10\/Fabian-Rack-768x1152.jpeg 768w, https:\/\/blogs.fu-berlin.de\/open-access-berlin\/files\/2024\/10\/Fabian-Rack-1024x1536.jpeg 1024w, https:\/\/blogs.fu-berlin.de\/open-access-berlin\/files\/2024\/10\/Fabian-Rack-1365x2048.jpeg 1365w, https:\/\/blogs.fu-berlin.de\/open-access-berlin\/files\/2024\/10\/Fabian-Rack-1200x1800.jpeg 1200w, https:\/\/blogs.fu-berlin.de\/open-access-berlin\/files\/2024\/10\/Fabian-Rack-250x375.jpeg 250w, https:\/\/blogs.fu-berlin.de\/open-access-berlin\/files\/2024\/10\/Fabian-Rack-550x825.jpeg 550w, https:\/\/blogs.fu-berlin.de\/open-access-berlin\/files\/2024\/10\/Fabian-Rack-800x1200.jpeg 800w, https:\/\/blogs.fu-berlin.de\/open-access-berlin\/files\/2024\/10\/Fabian-Rack-120x180.jpeg 120w, https:\/\/blogs.fu-berlin.de\/open-access-berlin\/files\/2024\/10\/Fabian-Rack-333x500.jpeg 333w, https:\/\/blogs.fu-berlin.de\/open-access-berlin\/files\/2024\/10\/Fabian-Rack-scaled.jpeg 1707w\" sizes=\"auto, (max-width: 200px) 85vw, 200px\" \/><figcaption id=\"caption-attachment-2829\" class=\"wp-caption-text\">Fabian Rack (Coypright: Anja Limbrunner)<\/figcaption><\/figure>\n<p>Fabian Rack ist Rechtsanwalt und wissenschaftlicher Mitarbeiter bei FIZ Karlsruhe \u2013 Leibniz Institut f\u00fcr Informationsinfrastruktur im Bereich Immaterialg\u00fcterrechte. Seit M\u00e4rz 2020 ist er assoziierter Partner bei iRights.Law.<\/p>\n<figure id=\"attachment_2830\" aria-describedby=\"caption-attachment-2830\" style=\"width: 225px\" class=\"wp-caption alignnone\"><img loading=\"lazy\" decoding=\"async\" class=\"wp-image-2830 size-full\" src=\"https:\/\/blogs.fu-berlin.de\/open-access-berlin\/files\/2024\/10\/Christoph-Schoech.jpeg\" alt=\"\" width=\"225\" height=\"300\" srcset=\"https:\/\/blogs.fu-berlin.de\/open-access-berlin\/files\/2024\/10\/Christoph-Schoech.jpeg 225w, https:\/\/blogs.fu-berlin.de\/open-access-berlin\/files\/2024\/10\/Christoph-Schoech-135x180.jpeg 135w\" sizes=\"auto, (max-width: 225px) 85vw, 225px\" \/><figcaption id=\"caption-attachment-2830\" class=\"wp-caption-text\">Christof Sch\u00f6ch<\/figcaption><\/figure>\n<p>Christof Sch\u00f6ch ist <a href=\"https:\/\/www.uni-trier.de\/index.php?id=64027\" target=\"_blank\" rel=\"noopener noreferrer\">Professor f\u00fcr Digital Humanities<\/a> an der Universit\u00e4t Trier und wissenschaftlicher Ko-Direktor des <a href=\"http:\/\/kompetenzzentrum.uni-trier.de\/de\/\" target=\"_blank\" rel=\"noopener noreferrer\">Trier Center for Digital Humanities<\/a>. Zweiter Vorsitzender des Verbands <a href=\"http:\/\/dig-hum.de\" target=\"_blank\" rel=\"noopener noreferrer\">Digital Humanities im deutschsprachigen Raum<\/a> (DHd).<\/p>\n<h3>Lekt\u00fcrehinweise<\/h3>\n<ul>\n<li>Agi, Christian et al. (2024) Regelungen zu K\u00fcnstlicher Intelligenz in Lizenzvertr\u00e4gen. Handlungsempfehlungen der Task Force K\u00fcnstliche Intelligenz der Alianz der Wissenschaftsorganisationen. <a href=\"https:\/\/doi.org\/10.5281\/zenodo.13837663\">https:\/\/doi.org\/10.5281\/zenodo.13837663<\/a><\/li>\n<li>Brehm, Elke (2024) <a href=\"https:\/\/open-access.network\/fortbilden\/open-access-talk\/oatalk-am-26-september-2024\">Open Access und K\u00fcnstliche Intelligenz. Was ist erlaubt und was nicht<\/a>? oa.talk<\/li>\n<li>Directorate-General for Research and Innovation (European Commission)(2024) <a href=\"https:\/\/op.europa.eu\/en\/publication-detail\/-\/publication\/77395a15-133b-11ef-a251-01aa75ed71a1\/language-en\">Improving access to and reuse of research results, publications and data for scientific purposes<\/a>. Report<\/li>\n<li>Loose, Yulia (2024) <a href=\"https:\/\/www.vbib.net\/vbib24-programm\/programmdetail\/vbib24-corner-3-5\/\">OER erstellen mit KI: was ist urheberrechtlich erlaubt und was nicht<\/a>? Workshop vBIB24 \/\/ Twillo: <a href=\"https:\/\/elan-ev.de\/twillo\/\">https:\/\/elan-ev.de\/twillo\/<\/a><\/li>\n<li>Sch\u00f6ch, Christoph et al. (2020) Abgeleitete Textformate: Text und Data Mining mit urheberrechtlich gesch\u00fctzten Textbest\u00e4nden. In: Zeitschrift f\u00fcr digitale Geisteswissenschaften. Wolfenb\u00fcttel 2020. <a href=\"http:\/\/dx.doi.org\/10.17175\/2020_006\">http:\/\/dx.doi.org\/10.17175\/2020_006<\/a><\/li>\n<li>Sch\u00f6ch, Christof (2023) <a href=\"https:\/\/dhtrier.quarto.pub\/tdmdh\/#\/title-slide\">Legal aspects and scholarly requirements regarding TDM in the digital humanities: current developments in Germany<\/a><\/li>\n<\/ul>\n<h3>Vortragsfolien zur Veranstaltung<\/h3>\n<ul>\n<li>Ludwig, J. (2025). AI, Open Access and beyond: Konkrete bis strategische Ableitungen f\u00fcr Bibliotheken: <a href=\"https:\/\/doi.org\/10.5281\/zenodo.14717493\" target=\"_blank\" rel=\"noopener\">https:\/\/doi.org\/10.5281\/zenodo.14717493<\/a><\/li>\n<li>Rack, F. (2025). Generative KI und CC-Lizenzen: <a href=\"https:\/\/doi.org\/10.5281\/zenodo.15193057\" target=\"_blank\" rel=\"noopener\">https:\/\/doi.org\/10.5281\/zenodo.15193057<\/a><\/li>\n<\/ul>\n","protected":false},"excerpt":{"rendered":"<p>3. Veranstaltung in der Reihe \u201eQuo vadis offene Wissenschaft in Berlin und Brandenburg\u201c am 18. DEZEMBER 2024 Termin: 18. Dezember, 15:00\u201316:30 Uhr Ort: Online via Webex Veranstaltende: TH Wildau Es handelt sich bei dieser Veranstaltung um die dritte in der Reihe Quo vadis offene Wissenschaft in Berlin und Brandenburg 2024\/25.<\/p>\n","protected":false},"author":5167,"featured_media":0,"comment_status":"open","ping_status":"open","sticky":false,"template":"","format":"standard","meta":{"footnotes":""},"categories":[419,575663],"tags":[552,226008,454266,575665,575666],"class_list":["post-2762","post","type-post","status-publish","format-standard","hentry","category-veranstaltungshinweise","category-openbbb","tag-open-access","tag-kuenstliche-intelligenz","tag-artificial-intelligence","tag-text-and-data-mining","tag-tdm"],"_links":{"self":[{"href":"https:\/\/blogs.fu-berlin.de\/open-access-berlin\/wp-json\/wp\/v2\/posts\/2762","targetHints":{"allow":["GET"]}}],"collection":[{"href":"https:\/\/blogs.fu-berlin.de\/open-access-berlin\/wp-json\/wp\/v2\/posts"}],"about":[{"href":"https:\/\/blogs.fu-berlin.de\/open-access-berlin\/wp-json\/wp\/v2\/types\/post"}],"author":[{"embeddable":true,"href":"https:\/\/blogs.fu-berlin.de\/open-access-berlin\/wp-json\/wp\/v2\/users\/5167"}],"replies":[{"embeddable":true,"href":"https:\/\/blogs.fu-berlin.de\/open-access-berlin\/wp-json\/wp\/v2\/comments?post=2762"}],"version-history":[{"count":20,"href":"https:\/\/blogs.fu-berlin.de\/open-access-berlin\/wp-json\/wp\/v2\/posts\/2762\/revisions"}],"predecessor-version":[{"id":3100,"href":"https:\/\/blogs.fu-berlin.de\/open-access-berlin\/wp-json\/wp\/v2\/posts\/2762\/revisions\/3100"}],"wp:attachment":[{"href":"https:\/\/blogs.fu-berlin.de\/open-access-berlin\/wp-json\/wp\/v2\/media?parent=2762"}],"wp:term":[{"taxonomy":"category","embeddable":true,"href":"https:\/\/blogs.fu-berlin.de\/open-access-berlin\/wp-json\/wp\/v2\/categories?post=2762"},{"taxonomy":"post_tag","embeddable":true,"href":"https:\/\/blogs.fu-berlin.de\/open-access-berlin\/wp-json\/wp\/v2\/tags?post=2762"}],"curies":[{"name":"wp","href":"https:\/\/api.w.org\/{rel}","templated":true}]}}