{"id":323,"date":"2021-09-29T19:32:21","date_gmt":"2021-09-29T17:32:21","guid":{"rendered":"https:\/\/blogs.fu-berlin.de\/open-access-berlin\/?p=323"},"modified":"2024-02-13T17:48:00","modified_gmt":"2024-02-13T16:48:00","slug":"scholar-led-and-community-payed","status":"publish","type":"post","link":"https:\/\/blogs.fu-berlin.de\/open-access-berlin\/2021\/09\/29\/scholar-led-and-community-payed\/","title":{"rendered":"Scholar-led and community-paid?"},"content":{"rendered":"\r\n<h4 class=\"wp-block-heading\">Eine Podiumsdiskussion zum Stand von scholar-led publishing<\/h4>\r\n\r\n\r\n\r\n<p>Nachtrag: Die <a href=\"https:\/\/youtu.be\/Ti5SzcNOYwE\">Aufzeichnung der Veranstaltung ist via YouTube <\/a>verf\u00fcgbar.<\/p>\r\n\r\n\r\n\r\n<p>Termin: Dienstag, 26. Oktober 2021, Einlass 18.30 Uhr; 19 Uhr Beginn<\/p>\r\n\r\n\r\n\r\n<p>Ort: Alexander von Humboldt Institut f\u00fcr Internet und Gesellschaft, Franz\u00f6sische Stra\u00dfe 9, 10117 Berlin<\/p>\r\n\r\n\r\n\r\n<p>\u201cIt Matters How We Open Knowledge\u201d \u2014 die diesj\u00e4hrige Internationale Open-Access-Woche legt thematisch ein besonderes Augenmerk auf Bibliodiversit\u00e4t. Wesentlicher Bestandteil eines diversen Open-Access-\u00d6kosystems ist das freie, unabh\u00e4ngige Publizieren (scholar-led) fernab der Gro\u00dfverlage: kooperativ, community-basiert und nicht-profitorientiert. Zugleich ist dieses Segment chronisch unterfinanziert und wird oftmals \u00fcbersehen. Mit einem j\u00fcngst publizierten Manifest weist das scholar-led.network auf diese Missst\u00e4nde hin und fordert Wissenschaftler*innen, Forschungseinrichtungen, Bibliotheken, Forschungsf\u00f6rderung und Fachgesellschaften zum Handeln auf.<\/p>\r\n\r\n\r\n\r\n<p>W\u00e4hrend der Open-Access-Woche schlie\u00dft eine Podiumsdiskussion hier an: Vertreter*innen der Community \u00fcberlegen, wie man sich f\u00fcr scholar-led-Projekte einsetzen und diese unterst\u00fctzen kann. Die G\u00e4st*innen sind<strong> <a href=\"https:\/\/www.tu.berlin\/ub\/ueber-uns\/kontakt\/ansprechpartnerinnen\/\" target=\"_blank\" rel=\"noreferrer noopener\">J\u00fcrgen Christof<\/a><\/strong> (Direktor der Universit\u00e4tsbibliothek an der Technischen Universit\u00e4t Berlin),<a href=\"https:\/\/verfassungsblog.de\/author\/evin-dalkilic\/\" target=\"_blank\" rel=\"noreferrer noopener\"> <strong>Evin Dalkilic<\/strong><\/a> (Redakteurin beim Verfassungsblog und Projektleitung &#8222;Offener Zugang zu \u00d6ffentlichem Recht&#8220;, OZOR),<a href=\"https:\/\/www.dgpuk.de\/de\/vorstand-der-dgpuk.html#\" target=\"_blank\" rel=\"noreferrer noopener\"> <strong>Lars Rinsdorf<\/strong><\/a> (u.a. Vorsitzender der Deutschen Gesellschaft f\u00fcr Publizistik und Kommunikationswissenschaft, DGPuK). Die Veranstaltung wird moderiert von <a href=\"https:\/\/www.fu-berlin.de\/sites\/ub\/ueber-uns\/team\/riesenweber\/index.html\" target=\"_blank\" rel=\"noreferrer noopener\"><strong>Christina Riesenweber<\/strong> <\/a>(Universit\u00e4tsbibliothek der Freien Universit\u00e4t Berlin).<\/p>\r\n\r\n\r\n\r\n<p>Die Podiumsdiskussion wird veranstaltet vom Alexander von Humboldt Institut f\u00fcr Internet und Gesellschaft (HIIG) und dem Open-Access-B\u00fcro Berlin (OABB) an der Freien Universit\u00e4t Berlin.<\/p>\r\n\r\n\r\n\r\n<p>Alle Interessierten sind herzlich eingeladen. Die Veranstaltung findet unter der 3G-Regel statt, Zugang nur f\u00fcr Geimpfte, Genesene oder Getestete. Auch eine vorherige Anmeldung ist zwingend erforderlich.<\/p>\r\n\r\n\r\n\r\n<p>Wer nicht vor Ort dabei sein kann, der kann an dieser Stelle zeitnah Zugang \u00fcber einen live stream erhalten.<\/p>\r\n\r\n\r\n\r\n<p>&nbsp;<\/p>\r\n","protected":false},"excerpt":{"rendered":"<p>Eine Podiumsdiskussion zum Stand von scholar-led publishing Nachtrag: Die Aufzeichnung der Veranstaltung ist via YouTube verf\u00fcgbar. Termin: Dienstag, 26. Oktober 2021, Einlass 18.30 Uhr; 19 Uhr Beginn Ort: Alexander von Humboldt Institut f\u00fcr Internet und Gesellschaft, Franz\u00f6sische Stra\u00dfe 9, 10117 Berlin \u201cIt Matters How We Open Knowledge\u201d \u2014 die diesj\u00e4hrige Internationale Open-Access-Woche legt thematisch ein &hellip; <a href=\"https:\/\/blogs.fu-berlin.de\/open-access-berlin\/2021\/09\/29\/scholar-led-and-community-payed\/\" class=\"more-link\"><span class=\"screen-reader-text\">\u201eScholar-led and community-paid?\u201c<\/span> weiterlesen<\/a><\/p>\n","protected":false},"author":6379,"featured_media":458,"comment_status":"open","ping_status":"open","sticky":false,"template":"","format":"standard","meta":{"footnotes":""},"categories":[419],"tags":[440752,443707,449040,449042],"class_list":["post-323","post","type-post","status-publish","format-standard","has-post-thumbnail","hentry","category-veranstaltungshinweise","tag-bibliodiversity","tag-scholarled","tag-international-open-access-week","tag-hiig"],"_links":{"self":[{"href":"https:\/\/blogs.fu-berlin.de\/open-access-berlin\/wp-json\/wp\/v2\/posts\/323","targetHints":{"allow":["GET"]}}],"collection":[{"href":"https:\/\/blogs.fu-berlin.de\/open-access-berlin\/wp-json\/wp\/v2\/posts"}],"about":[{"href":"https:\/\/blogs.fu-berlin.de\/open-access-berlin\/wp-json\/wp\/v2\/types\/post"}],"author":[{"embeddable":true,"href":"https:\/\/blogs.fu-berlin.de\/open-access-berlin\/wp-json\/wp\/v2\/users\/6379"}],"replies":[{"embeddable":true,"href":"https:\/\/blogs.fu-berlin.de\/open-access-berlin\/wp-json\/wp\/v2\/comments?post=323"}],"version-history":[{"count":16,"href":"https:\/\/blogs.fu-berlin.de\/open-access-berlin\/wp-json\/wp\/v2\/posts\/323\/revisions"}],"predecessor-version":[{"id":2321,"href":"https:\/\/blogs.fu-berlin.de\/open-access-berlin\/wp-json\/wp\/v2\/posts\/323\/revisions\/2321"}],"wp:featuredmedia":[{"embeddable":true,"href":"https:\/\/blogs.fu-berlin.de\/open-access-berlin\/wp-json\/wp\/v2\/media\/458"}],"wp:attachment":[{"href":"https:\/\/blogs.fu-berlin.de\/open-access-berlin\/wp-json\/wp\/v2\/media?parent=323"}],"wp:term":[{"taxonomy":"category","embeddable":true,"href":"https:\/\/blogs.fu-berlin.de\/open-access-berlin\/wp-json\/wp\/v2\/categories?post=323"},{"taxonomy":"post_tag","embeddable":true,"href":"https:\/\/blogs.fu-berlin.de\/open-access-berlin\/wp-json\/wp\/v2\/tags?post=323"}],"curies":[{"name":"wp","href":"https:\/\/api.w.org\/{rel}","templated":true}]}}