{"id":594,"date":"2021-12-21T13:04:09","date_gmt":"2021-12-21T12:04:09","guid":{"rendered":"https:\/\/blogs.fu-berlin.de\/open-access-berlin\/?p=594"},"modified":"2024-05-07T15:05:59","modified_gmt":"2024-05-07T13:05:59","slug":"was-bedeutet-open-science-fuer-das-kuenftige-geschaeftsmodell-von-bibliotheken","status":"publish","type":"post","link":"https:\/\/blogs.fu-berlin.de\/open-access-berlin\/2021\/12\/21\/was-bedeutet-open-science-fuer-das-kuenftige-geschaeftsmodell-von-bibliotheken\/","title":{"rendered":"Was bedeutet Open Science f\u00fcr das k\u00fcnftige Gesch\u00e4ftsmodell von Bibliotheken?"},"content":{"rendered":"\r\n<h4 class=\"wp-block-heading\">Vortr\u00e4ge und Diskussion<\/h4>\r\n\r\n\r\n\r\n<h4 class=\"wp-block-heading\">Donnerstag, 17. Februar 2022, 14-15.30 Uhr<\/h4>\r\n\r\n\r\n\r\n<p><a href=\"https:\/\/th-wildau.webex.com\/th-wildau\/onstage\/g.php?MTID=e312a85fef09d589b24b8d01620c7a9ff\" target=\"_blank\" rel=\"noreferrer noopener\">Anmeldung<\/a><\/p>\r\n\r\n\r\n\r\n<p>Eine Veranstaltung in der Reihe: <a href=\"https:\/\/blogs.fu-berlin.de\/open-access-berlin\/2021\/09\/09\/quo-vadis-offene-wissenschaft-eine-virtuelle-open-access-woche-fuer-berlin-brandenburg\/\" target=\"_blank\" rel=\"noreferrer noopener\">Quo vadis offene Wissenschaft? Eine virtuelle Open Access Woche f\u00fcr Berlin-Brandenburg<\/a>.<\/p>\r\n\r\n\r\n\r\n<p>Open Science hat weitreichende Auswirkungen auf das tradierte Gesch\u00e4ftsmodell von Bibliotheken und er\u00f6ffnet zugleich Perspektiven f\u00fcr v\u00f6llig neue Serviceangebote.<\/p>\r\n\r\n\r\n\r\n<p>Unter einem Paradigma v\u00f6lliger \u201eOffenheit\u201c wissenschaftlicher Inhalte w\u00e4re beispielsweise fraglich, welche Rolle Bibliotheken in Bezug auf die Bereitstellung wissenschaftlicher Informationsressourcen k\u00fcnftig noch spielen. Es geht dann m\u00f6glicherweise nicht mehr prim\u00e4r um die Auswahl und Erwerbung &#8211; mit begrenzten Mitteln &#8211; kostenpflichtiger Ressourcen, sondern eher um inhaltsgetriebene Kuratierungs-, Vernetzungs-\u00a0 und Vermittlungsleistungen in Bezug auf die un\u00fcberschaubare Menge frei verf\u00fcgbarer Inhalte oder auch um die Sicherstellung von deren Langzeitverf\u00fcgbarkeit. Gleichzeitig m\u00fcssen Mittel f\u00fcr publikationsbasierte Open-Access-Kosten verwaltet und ggf. eingeworben werden, oder es gilt, Infrastrukturen f\u00fcr die Bereitstellung \u201eoffener\u201c Inhalte zu betreiben und\/oder zu finanzieren. Auch m\u00fcssen nachhaltige, m\u00f6glichst kosteneffiziente\u00a0L\u00f6sungen f\u00fcr die Verf\u00fcgbarmachung von Forschungsdaten z.B. nach den FAIR-Prinzipien entwickelt werden. Mit Blick auf diese und viele andere Services gibt es zudem Beratungsbedarfe der wissenschaftlich T\u00e4tigen, nicht zuletzt auch im Zusammenhang mit komplexen rechtlichen Fragen.<\/p>\r\n\r\n\r\n\r\n<p>Die Veranstaltung beleuchtet die eben skizzierten Entwicklungen aus der Perspektive von drei sehr unterschiedlichen Bibliotheken: des Bereichs \u201eWissenschaftliche Information\u201c am Wissenschaftszentrum Berlin f\u00fcr Sozialforschung, der Staatsbibliothek zu Berlin &#8211; Preu\u00dfischer Kulturbesitz und der ZBW &#8211; Leibniz-Informationszentrum Wirtschaft. Dabei soll es um die folgenden Fragen gehen:<\/p>\r\n\r\n\r\n\r\n<ul class=\"wp-block-list\">\r\n<li>Welche Services bieten die Einrichtungen an, um Forschende bei der Umsetzung der Prinzipien von Open Science zu unterst\u00fctzen?<\/li>\r\n<li>Wie entwickelt sich \u2013 z.B. in Bezug auf die eingesetzten Sachmittel und Personalressourcen &#8211; das Verh\u00e4ltnis zwischen Services, die fokussiert sind auf die Bereitstellung und ggf. Bewahrung kostenpflichtiger Informationsressourcen, und Services z.B. im Zusammenhang mit Open Access f\u00fcr Publikationen oder offenen (Forschungs-)Daten? K\u00f6nnen Ressourcen ggf. auch dadurch gewonnen werden, dass bestehende Services kritisch hinterfragt werden?<\/li>\r\n<li>Inwiefern m\u00fcssen infolge von mehr \u201eOpenness\u201c Werkzeuge wie z.B. Bibliotheksmanagementsysteme an neue Anforderungen angepasst werden?<\/li>\r\n<li>Welche Auswirkungen hat ein sich sukzessive in Richtung Open Science weiterentwickelndes Service-Portfolio in Bezug auf die notwendige Qualifikation der Mitarbeitenden?<\/li>\r\n<li>Welche Rolle spielt Open Science mittel- und langfristig bei der strategischen Weiterentwicklung der Einrichtungen?<\/li>\r\n<\/ul>\r\n\r\n\r\n\r\n<h2 class=\"wp-block-heading\">Vortr\u00e4ge von und Diskussion mit<\/h2>\r\n\r\n\r\n\r\n<div class=\"wp-block-media-text alignwide has-media-on-the-right is-stacked-on-mobile\">\r\n<figure class=\"wp-block-media-text__media\"><img loading=\"lazy\" decoding=\"async\" width=\"1024\" height=\"683\" class=\"wp-image-691\" src=\"https:\/\/blogs.fu-berlin.de\/open-access-berlin\/files\/2021\/12\/Altenh\u00f6hner_-1-1024x683.jpg\" alt=\"\" srcset=\"https:\/\/blogs.fu-berlin.de\/open-access-berlin\/files\/2021\/12\/Altenh\u00f6hner_-1-1024x683.jpg 1024w, https:\/\/blogs.fu-berlin.de\/open-access-berlin\/files\/2021\/12\/Altenh\u00f6hner_-1-300x200.jpg 300w, https:\/\/blogs.fu-berlin.de\/open-access-berlin\/files\/2021\/12\/Altenh\u00f6hner_-1-768x512.jpg 768w, https:\/\/blogs.fu-berlin.de\/open-access-berlin\/files\/2021\/12\/Altenh\u00f6hner_-1-1536x1024.jpg 1536w, https:\/\/blogs.fu-berlin.de\/open-access-berlin\/files\/2021\/12\/Altenh\u00f6hner_-1-2048x1366.jpg 2048w, https:\/\/blogs.fu-berlin.de\/open-access-berlin\/files\/2021\/12\/Altenh\u00f6hner_-1-1200x800.jpg 1200w, https:\/\/blogs.fu-berlin.de\/open-access-berlin\/files\/2021\/12\/Altenh\u00f6hner_-1-250x167.jpg 250w, https:\/\/blogs.fu-berlin.de\/open-access-berlin\/files\/2021\/12\/Altenh\u00f6hner_-1-550x367.jpg 550w, https:\/\/blogs.fu-berlin.de\/open-access-berlin\/files\/2021\/12\/Altenh\u00f6hner_-1-800x533.jpg 800w, https:\/\/blogs.fu-berlin.de\/open-access-berlin\/files\/2021\/12\/Altenh\u00f6hner_-1-270x180.jpg 270w, https:\/\/blogs.fu-berlin.de\/open-access-berlin\/files\/2021\/12\/Altenh\u00f6hner_-1-450x300.jpg 450w, https:\/\/blogs.fu-berlin.de\/open-access-berlin\/files\/2021\/12\/Altenh\u00f6hner_-1-750x500.jpg 750w\" sizes=\"auto, (max-width: 709px) 85vw, (max-width: 909px) 67vw, (max-width: 1362px) 62vw, 840px\" \/><\/figure>\r\n<div class=\"wp-block-media-text__content\">\r\n<p><strong><a href=\"https:\/\/staatsbibliothek-berlin.de\/die-staatsbibliothek\/abteilungen\/generaldirektion\/info-sv\" target=\"_blank\" rel=\"noreferrer noopener\">Reinhard Altenh\u00f6ner<\/a><\/strong><\/p>\r\n\r\n\r\n\r\n<p>St\u00e4ndiger Vertreter des Generaldirektors der Staatsbibliothek zu Berlin \u2013 Preu\u00dfischer Kulturbesitz<\/p>\r\n\r\n\r\n\r\n<p><a href=\"https:\/\/orcid.org\/0000-0001-8274-780X\" target=\"_blank\" rel=\"noreferrer noopener\"><img loading=\"lazy\" decoding=\"async\" width=\"225\" height=\"225\" class=\"wp-image-27\" style=\"width: 25px\" src=\"https:\/\/blogs.fu-berlin.de\/open-access-berlin\/files\/2021\/08\/index-3.png\" alt=\"\" srcset=\"https:\/\/blogs.fu-berlin.de\/open-access-berlin\/files\/2021\/08\/index-3.png 225w, https:\/\/blogs.fu-berlin.de\/open-access-berlin\/files\/2021\/08\/index-3-150x150.png 150w\" sizes=\"auto, (max-width: 225px) 85vw, 225px\" \/><\/a><\/p>\r\n<\/div>\r\n<\/div>\r\n\r\n\r\n\r\n<div class=\"wp-block-media-text alignwide is-stacked-on-mobile\">\r\n<figure class=\"wp-block-media-text__media\"><img loading=\"lazy\" decoding=\"async\" width=\"1024\" height=\"683\" class=\"wp-image-682\" src=\"https:\/\/blogs.fu-berlin.de\/open-access-berlin\/files\/2021\/12\/Foto_M_Fraessdorf_WZB_Okt-2016_5337-1024x683.jpg\" alt=\"\" srcset=\"https:\/\/blogs.fu-berlin.de\/open-access-berlin\/files\/2021\/12\/Foto_M_Fraessdorf_WZB_Okt-2016_5337-1024x683.jpg 1024w, https:\/\/blogs.fu-berlin.de\/open-access-berlin\/files\/2021\/12\/Foto_M_Fraessdorf_WZB_Okt-2016_5337-300x200.jpg 300w, https:\/\/blogs.fu-berlin.de\/open-access-berlin\/files\/2021\/12\/Foto_M_Fraessdorf_WZB_Okt-2016_5337-768x512.jpg 768w, https:\/\/blogs.fu-berlin.de\/open-access-berlin\/files\/2021\/12\/Foto_M_Fraessdorf_WZB_Okt-2016_5337-1536x1024.jpg 1536w, https:\/\/blogs.fu-berlin.de\/open-access-berlin\/files\/2021\/12\/Foto_M_Fraessdorf_WZB_Okt-2016_5337-2048x1365.jpg 2048w, https:\/\/blogs.fu-berlin.de\/open-access-berlin\/files\/2021\/12\/Foto_M_Fraessdorf_WZB_Okt-2016_5337-1200x800.jpg 1200w, https:\/\/blogs.fu-berlin.de\/open-access-berlin\/files\/2021\/12\/Foto_M_Fraessdorf_WZB_Okt-2016_5337-250x167.jpg 250w, https:\/\/blogs.fu-berlin.de\/open-access-berlin\/files\/2021\/12\/Foto_M_Fraessdorf_WZB_Okt-2016_5337-550x367.jpg 550w, https:\/\/blogs.fu-berlin.de\/open-access-berlin\/files\/2021\/12\/Foto_M_Fraessdorf_WZB_Okt-2016_5337-800x533.jpg 800w, https:\/\/blogs.fu-berlin.de\/open-access-berlin\/files\/2021\/12\/Foto_M_Fraessdorf_WZB_Okt-2016_5337-270x180.jpg 270w, https:\/\/blogs.fu-berlin.de\/open-access-berlin\/files\/2021\/12\/Foto_M_Fraessdorf_WZB_Okt-2016_5337-450x300.jpg 450w, https:\/\/blogs.fu-berlin.de\/open-access-berlin\/files\/2021\/12\/Foto_M_Fraessdorf_WZB_Okt-2016_5337-750x500.jpg 750w\" sizes=\"auto, (max-width: 709px) 85vw, (max-width: 909px) 67vw, (max-width: 1362px) 62vw, 840px\" \/><\/figure>\r\n<div class=\"wp-block-media-text__content\">\r\n<p><a href=\"https:\/\/www.wzb.eu\/de\/personen\/mathis-fraessdorf-geb-schroeder\" target=\"_blank\" rel=\"noreferrer noopener\"><strong>Mathis Fr\u00e4\u00dfdorf<\/strong> (Ph.D.) <\/a><\/p>\r\n\r\n\r\n\r\n<p>Leiter Abteilung Wissenschaftliche Information am Wissenschaftszentrum Berlin f\u00fcr Sozialforschung<\/p>\r\n<\/div>\r\n<\/div>\r\n\r\n\r\n\r\n<div class=\"wp-block-media-text alignwide has-media-on-the-right is-stacked-on-mobile\">\r\n<figure class=\"wp-block-media-text__media\"><img loading=\"lazy\" decoding=\"async\" width=\"1024\" height=\"683\" class=\"wp-image-683\" src=\"https:\/\/blogs.fu-berlin.de\/open-access-berlin\/files\/2021\/12\/Tochtermann_Bild_von_Sven_Wied-1024x683.jpg\" alt=\"\" srcset=\"https:\/\/blogs.fu-berlin.de\/open-access-berlin\/files\/2021\/12\/Tochtermann_Bild_von_Sven_Wied-1024x683.jpg 1024w, https:\/\/blogs.fu-berlin.de\/open-access-berlin\/files\/2021\/12\/Tochtermann_Bild_von_Sven_Wied-300x200.jpg 300w, https:\/\/blogs.fu-berlin.de\/open-access-berlin\/files\/2021\/12\/Tochtermann_Bild_von_Sven_Wied-768x512.jpg 768w, https:\/\/blogs.fu-berlin.de\/open-access-berlin\/files\/2021\/12\/Tochtermann_Bild_von_Sven_Wied-1536x1024.jpg 1536w, https:\/\/blogs.fu-berlin.de\/open-access-berlin\/files\/2021\/12\/Tochtermann_Bild_von_Sven_Wied-2048x1365.jpg 2048w, https:\/\/blogs.fu-berlin.de\/open-access-berlin\/files\/2021\/12\/Tochtermann_Bild_von_Sven_Wied-1200x800.jpg 1200w, https:\/\/blogs.fu-berlin.de\/open-access-berlin\/files\/2021\/12\/Tochtermann_Bild_von_Sven_Wied-250x167.jpg 250w, https:\/\/blogs.fu-berlin.de\/open-access-berlin\/files\/2021\/12\/Tochtermann_Bild_von_Sven_Wied-550x367.jpg 550w, https:\/\/blogs.fu-berlin.de\/open-access-berlin\/files\/2021\/12\/Tochtermann_Bild_von_Sven_Wied-800x533.jpg 800w, https:\/\/blogs.fu-berlin.de\/open-access-berlin\/files\/2021\/12\/Tochtermann_Bild_von_Sven_Wied-270x180.jpg 270w, https:\/\/blogs.fu-berlin.de\/open-access-berlin\/files\/2021\/12\/Tochtermann_Bild_von_Sven_Wied-450x300.jpg 450w, https:\/\/blogs.fu-berlin.de\/open-access-berlin\/files\/2021\/12\/Tochtermann_Bild_von_Sven_Wied-750x500.jpg 750w\" sizes=\"auto, (max-width: 709px) 85vw, (max-width: 909px) 67vw, (max-width: 1362px) 62vw, 840px\" \/><\/figure>\r\n<div class=\"wp-block-media-text__content\">\r\n<p><strong><a href=\"https:\/\/www.zbw.eu\/de\/forschung\/klaus-tochtermann\" target=\"_blank\" rel=\"noreferrer noopener\">Prof. Dr. Klaus Tochtermann<\/a><\/strong><\/p>\r\n\r\n\r\n\r\n<p>Direktor ZBW \u2013 Leibniz-Informationszentrum Wirtschaft<\/p>\r\n\r\n\r\n\r\n<p><a href=\"https:\/\/orcid.org\/0000-0003-2471-2697\" target=\"_blank\" rel=\"noreferrer noopener\"><img loading=\"lazy\" decoding=\"async\" width=\"225\" height=\"225\" class=\"wp-image-27\" style=\"width: 25px\" src=\"https:\/\/blogs.fu-berlin.de\/open-access-berlin\/files\/2021\/08\/index-3.png\" alt=\"\" srcset=\"https:\/\/blogs.fu-berlin.de\/open-access-berlin\/files\/2021\/08\/index-3.png 225w, https:\/\/blogs.fu-berlin.de\/open-access-berlin\/files\/2021\/08\/index-3-150x150.png 150w\" sizes=\"auto, (max-width: 225px) 85vw, 225px\" \/><\/a><\/p>\r\n<\/div>\r\n<\/div>\r\n\r\n\r\n\r\n<div class=\"wp-block-media-text alignwide is-stacked-on-mobile\">\r\n<figure class=\"wp-block-media-text__media\"><img loading=\"lazy\" decoding=\"async\" width=\"800\" height=\"800\" class=\"wp-image-740\" src=\"https:\/\/blogs.fu-berlin.de\/open-access-berlin\/files\/2022\/02\/160804_-_Dr._Ellen_Euler.jpg\" alt=\"\" srcset=\"https:\/\/blogs.fu-berlin.de\/open-access-berlin\/files\/2022\/02\/160804_-_Dr._Ellen_Euler.jpg 800w, https:\/\/blogs.fu-berlin.de\/open-access-berlin\/files\/2022\/02\/160804_-_Dr._Ellen_Euler-300x300.jpg 300w, https:\/\/blogs.fu-berlin.de\/open-access-berlin\/files\/2022\/02\/160804_-_Dr._Ellen_Euler-150x150.jpg 150w, https:\/\/blogs.fu-berlin.de\/open-access-berlin\/files\/2022\/02\/160804_-_Dr._Ellen_Euler-768x768.jpg 768w, https:\/\/blogs.fu-berlin.de\/open-access-berlin\/files\/2022\/02\/160804_-_Dr._Ellen_Euler-48x48.jpg 48w, https:\/\/blogs.fu-berlin.de\/open-access-berlin\/files\/2022\/02\/160804_-_Dr._Ellen_Euler-250x250.jpg 250w, https:\/\/blogs.fu-berlin.de\/open-access-berlin\/files\/2022\/02\/160804_-_Dr._Ellen_Euler-550x550.jpg 550w, https:\/\/blogs.fu-berlin.de\/open-access-berlin\/files\/2022\/02\/160804_-_Dr._Ellen_Euler-180x180.jpg 180w, https:\/\/blogs.fu-berlin.de\/open-access-berlin\/files\/2022\/02\/160804_-_Dr._Ellen_Euler-500x500.jpg 500w\" sizes=\"auto, (max-width: 709px) 85vw, (max-width: 909px) 67vw, (max-width: 984px) 61vw, (max-width: 1362px) 45vw, 600px\" \/><\/figure>\r\n<div class=\"wp-block-media-text__content\">\r\n<p>Moderiert wird die Veranstaltung von <strong><a href=\"https:\/\/www.fh-potsdam.de\/person\/person-action\/ellen-euler-llm\/show\/?no_cache=1\">Prof. Dr. Ellen Euler <\/a><\/strong><\/p>\r\n\r\n\r\n\r\n<p>Bibliothekswissenschaft, Professur f\u00fcr Open Access\/ Open Data, FH Potsdam<\/p>\r\n\r\n\r\n\r\n<figure class=\"wp-block-image size-large is-resized\"><a href=\"https:\/\/orcid.org\/0000-0002-8897-420X\"><img loading=\"lazy\" decoding=\"async\" class=\"wp-image-27\" src=\"https:\/\/blogs.fu-berlin.de\/open-access-berlin\/files\/2021\/08\/index-3.png\" alt=\"\" width=\"26\" height=\"26\" srcset=\"https:\/\/blogs.fu-berlin.de\/open-access-berlin\/files\/2021\/08\/index-3.png 225w, https:\/\/blogs.fu-berlin.de\/open-access-berlin\/files\/2021\/08\/index-3-150x150.png 150w\" sizes=\"auto, (max-width: 26px) 85vw, 26px\" \/><\/a><\/figure>\r\n<\/div>\r\n<\/div>\r\n\r\n\r\n\r\n<p>&nbsp;<\/p>\r\n","protected":false},"excerpt":{"rendered":"<p>Vortr\u00e4ge und Diskussion Donnerstag, 17. Februar 2022, 14-15.30 Uhr Anmeldung Eine Veranstaltung in der Reihe: Quo vadis offene Wissenschaft? Eine virtuelle Open Access Woche f\u00fcr Berlin-Brandenburg. Open Science hat weitreichende Auswirkungen auf das tradierte Gesch\u00e4ftsmodell von Bibliotheken und er\u00f6ffnet zugleich Perspektiven f\u00fcr v\u00f6llig neue Serviceangebote. Unter einem Paradigma v\u00f6lliger \u201eOffenheit\u201c wissenschaftlicher Inhalte w\u00e4re beispielsweise fraglich, &hellip; <a href=\"https:\/\/blogs.fu-berlin.de\/open-access-berlin\/2021\/12\/21\/was-bedeutet-open-science-fuer-das-kuenftige-geschaeftsmodell-von-bibliotheken\/\" class=\"more-link\"><span class=\"screen-reader-text\">\u201eWas bedeutet Open Science f\u00fcr das k\u00fcnftige Gesch\u00e4ftsmodell von Bibliotheken?\u201c<\/span> weiterlesen<\/a><\/p>\n","protected":false},"author":6379,"featured_media":0,"comment_status":"open","ping_status":"open","sticky":false,"template":"","format":"standard","meta":{"footnotes":""},"categories":[419,575663],"tags":[430896,447,446057,12147,449000,79,1273],"class_list":["post-594","post","type-post","status-publish","format-standard","hentry","category-veranstaltungshinweise","category-openbbb","tag-kommerzielles-open-access","tag-bibliotheken","tag-open-research","tag-bibliotheksmanagement","tag-quo-vadis","tag-berlin","tag-brandenburg"],"_links":{"self":[{"href":"https:\/\/blogs.fu-berlin.de\/open-access-berlin\/wp-json\/wp\/v2\/posts\/594","targetHints":{"allow":["GET"]}}],"collection":[{"href":"https:\/\/blogs.fu-berlin.de\/open-access-berlin\/wp-json\/wp\/v2\/posts"}],"about":[{"href":"https:\/\/blogs.fu-berlin.de\/open-access-berlin\/wp-json\/wp\/v2\/types\/post"}],"author":[{"embeddable":true,"href":"https:\/\/blogs.fu-berlin.de\/open-access-berlin\/wp-json\/wp\/v2\/users\/6379"}],"replies":[{"embeddable":true,"href":"https:\/\/blogs.fu-berlin.de\/open-access-berlin\/wp-json\/wp\/v2\/comments?post=594"}],"version-history":[{"count":10,"href":"https:\/\/blogs.fu-berlin.de\/open-access-berlin\/wp-json\/wp\/v2\/posts\/594\/revisions"}],"predecessor-version":[{"id":2288,"href":"https:\/\/blogs.fu-berlin.de\/open-access-berlin\/wp-json\/wp\/v2\/posts\/594\/revisions\/2288"}],"wp:attachment":[{"href":"https:\/\/blogs.fu-berlin.de\/open-access-berlin\/wp-json\/wp\/v2\/media?parent=594"}],"wp:term":[{"taxonomy":"category","embeddable":true,"href":"https:\/\/blogs.fu-berlin.de\/open-access-berlin\/wp-json\/wp\/v2\/categories?post=594"},{"taxonomy":"post_tag","embeddable":true,"href":"https:\/\/blogs.fu-berlin.de\/open-access-berlin\/wp-json\/wp\/v2\/tags?post=594"}],"curies":[{"name":"wp","href":"https:\/\/api.w.org\/{rel}","templated":true}]}}