{"id":797,"date":"2022-02-10T12:20:38","date_gmt":"2022-02-10T11:20:38","guid":{"rendered":"https:\/\/blogs.fu-berlin.de\/open-access-berlin\/?p=797"},"modified":"2024-02-14T09:14:43","modified_gmt":"2024-02-14T08:14:43","slug":"open4de-emfpehlungen-fuer-eine-open-access-strategie-fuer-deutschland-entwickeln","status":"publish","type":"post","link":"https:\/\/blogs.fu-berlin.de\/open-access-berlin\/2022\/02\/10\/open4de-emfpehlungen-fuer-eine-open-access-strategie-fuer-deutschland-entwickeln\/","title":{"rendered":"Open4DE: Emfpehlungen f\u00fcr eine Open-Access-Strategie f\u00fcr Deutschland entwickeln"},"content":{"rendered":"\r\n<p>Open Access ist inzwischen ein selbstverst\u00e4ndlicher Bestandteil der wissenschaftlichen Kommunikations- und Publikationskultur in Deutschland. Etwa jeder zweite Forschungsartikel ist bereits frei zug\u00e4nglich. Zwischen Anspruch und Realit\u00e4t besteht jedoch weiterhin eine erhebliche L\u00fccke: Forschungsf\u00f6rderorganisationen und wissenschaftliche Institutionen proklamieren das Ziel einer vollst\u00e4ndigen Transformation hin zu Open Access, w\u00e4hrend die praktische Umsetzung in unterschiedlichen Geschwindigkeiten voranschreitet.\u00a0 \u00a0<\/p>\r\n\r\n\r\n\r\n<p>Das zum 1. Februar 2021 gestartete <a href=\"https:\/\/www.bildung-forschung.digital\/digitalezukunft\/de\/wissen\/open-access\/projektstart-20-ideen-fuer-open-access\/projektstart-20-ideen-fuer-die-transformation-zu-open-access.html\" target=\"_blank\" rel=\"noreferrer noopener\">BMBF-gef\u00f6rderte Projekt \u201cOpen4DE \u2013 Stand und Perspektiven von Open Access am Standort Deutschland\u201d<\/a> zielt daher auf eine Erhebung des Status Quo der Verankerung von Open Access auf unterschiedlichen Ebenen ab:<\/p>\r\n\r\n\r\n\r\n<ul class=\"wp-block-list\">\r\n<li>Universit\u00e4ten und Hochschulen<\/li>\r\n<li>Forschungsorganisationen<\/li>\r\n<li>Bundesl\u00e4nderebene<\/li>\r\n<li>nationale Ebene<\/li>\r\n<li>fachwissenschaftliche Perspektive<\/li>\r\n<\/ul>\r\n\r\n\r\n\r\n<p>Vor dem Hintergrund der \u00d6ffnung der Wissenschaft, einschlie\u00dflich ihrer Prozesse (Open Science), l\u00e4sst sich zudem das Themenfeld Open Access kontextualisieren und neu positionieren \u2013 als ein Schritt im Zyklus des verantwortungsvollen und transparenten wissenschaftlichen Arbeitens und Kommunizierens. Zentraler Gegenstand des Projekts ist dabei die Analyse der gegenw\u00e4rtig angewandten internationalen Strategien und Leitlinien mit dem Ziel, sowohl Zusammenh\u00e4nge explizit zu machen als auch Perspektiven f\u00fcr die Weiterentwicklung aufzuzeigen. Unter Einbeziehung internationaler Entwicklungen sollen zudem in enger Zusammenarbeit mit den sich bereits engagierenden Institutionen und Interessengruppen eine nationale Open-Access-Strategie und -Roadmap f\u00fcr Deutschland entworfen werden.\u00a0\u00a0\u00a0<\/p>\r\n\r\n\r\n\r\n<p>Das Projekt Open4DE leistet somit einen Beitrag zur Weiterentwicklung des Open-Access-\u00d6kosystems und beleuchtet gleichzeitig Schnittstellen und \u00dcberschneidungen mit Prozessen der \u00d6ffnung der Wissenschaft (Open Science).\u00a0<\/p>\r\n\r\n\r\n\r\n<h3 class=\"wp-block-heading\"><strong>Team<\/strong><\/h3>\r\n\r\n\r\n\r\n<ul class=\"wp-block-list\">\r\n<li><a href=\"https:\/\/www.sub.uni-goettingen.de\/projekte-forschung\/projektdetails\/projekt\/stand-und-perspektiven-einer-open-access-strategie-fuer-deutschland-open4de\/\" target=\"_blank\" rel=\"noreferrer noopener\">Nieders\u00e4chsische Staats- und Universit\u00e4tsbibliothek G\u00f6ttingen<\/a>\u00a0&#8211; Leitung der Verbundkoordination des Projekts<\/li>\r\n<li>Theresa B\u00e4rwolff | <a href=\"https:\/\/orcid.org\/0000-0002-0985-9853\" target=\"_blank\" rel=\"noreferrer noopener\">ORCID<\/a><\/li>\r\n<li>Malte Dreyer | <a href=\"https:\/\/orcid.org\/0000-0001-5971-3572\" target=\"_blank\" rel=\"noreferrer noopener\">ORCID<\/a><\/li>\r\n<li>Birgit Schmidt | <a href=\"https:\/\/orcid.org\/0000-0001-8036-5859\" target=\"_blank\" rel=\"noreferrer noopener\">ORCID<\/a><\/li>\r\n<li><a href=\"https:\/\/www.kim.uni-konstanz.de\/\" target=\"_blank\" rel=\"noreferrer noopener\">Universit\u00e4t Konstanz \/ Kommunikations-, Informations-, Medienzentrum (KIM)<\/a>\u00a0<\/li>\r\n<li>Martina Benz | <a href=\"https:\/\/orcid.org\/0000-0001-6018-3724\" target=\"_blank\" rel=\"noreferrer noopener\">ORCID<\/a><\/li>\r\n<li>Andreas Kirchner | <a href=\"https:\/\/orcid.org\/0000-0002-9662-5376\" data-type=\"URL\" data-id=\"https:\/\/orcid.org\/0000-0002-9662-5376\">ORCID<\/a><\/li>\r\n<li>Anja Oberl\u00e4nder | <a href=\"https:\/\/orcid.org\/0000-0003-4388-2552\" target=\"_blank\" rel=\"noreferrer noopener\">ORCID<\/a><\/li>\r\n<li><a href=\"http:\/\/www.open-access-berlin.de\/home\/index.html\" target=\"_blank\" rel=\"noreferrer noopener\">Open-Access-B\u00fcro Berlin\u00a0<\/a>an der Freien Universit\u00e4t Berlin<\/li>\r\n<li>Maxi Kindling | <a href=\"https:\/\/orcid.org\/0000-0002-0167-0466\" target=\"_blank\" rel=\"noreferrer noopener\">ORCID<\/a><\/li>\r\n<li>Maike Neufend |<a href=\"https:\/\/orcid.org\/0000-0002-1484-0516\" target=\"_blank\" rel=\"noreferrer noopener\"> ORCID<\/a><\/li>\r\n<\/ul>\r\n\r\n\r\n\r\n<p>Eine Beschreibung des Projekts auf <a href=\"https:\/\/open-access.network\/vernetzen\/open-access-projekte\/open4de\" target=\"_blank\" rel=\"noreferrer noopener\">Englisch <\/a>finden Sie auf der Webseite von open-access.network.<\/p>\r\n\r\n\r\n\r\n<p>Zeitraum: 01.02.2021 &#8211; 31.01.2023<\/p>\r\n","protected":false},"excerpt":{"rendered":"<p>Open Access ist inzwischen ein selbstverst\u00e4ndlicher Bestandteil der wissenschaftlichen Kommunikations- und Publikationskultur in Deutschland. Etwa jeder zweite Forschungsartikel ist bereits frei zug\u00e4nglich. Zwischen Anspruch und Realit\u00e4t besteht jedoch weiterhin eine erhebliche L\u00fccke: Forschungsf\u00f6rderorganisationen und wissenschaftliche Institutionen proklamieren das Ziel einer vollst\u00e4ndigen Transformation hin zu Open Access, w\u00e4hrend die praktische Umsetzung in unterschiedlichen Geschwindigkeiten voranschreitet.\u00a0 \u00a0 &hellip; <a href=\"https:\/\/blogs.fu-berlin.de\/open-access-berlin\/2022\/02\/10\/open4de-emfpehlungen-fuer-eine-open-access-strategie-fuer-deutschland-entwickeln\/\" class=\"more-link\"><span class=\"screen-reader-text\">\u201eOpen4DE: Emfpehlungen f\u00fcr eine Open-Access-Strategie f\u00fcr Deutschland entwickeln\u201c<\/span> weiterlesen<\/a><\/p>\n","protected":false},"author":6379,"featured_media":0,"comment_status":"open","ping_status":"open","sticky":false,"template":"","format":"standard","meta":{"footnotes":""},"categories":[448935],"tags":[446057,447478,448032,448940,448948,916,449045,2755],"class_list":["post-797","post","type-post","status-publish","format-standard","hentry","category-open4de","tag-open-research","tag-open-access-strategie","tag-open-science-strategie","tag-open-access-policy","tag-wissenschaftspolitik","tag-deutschland","tag-bundesministerium-fuer-bildung-und-forschung","tag-projekt"],"_links":{"self":[{"href":"https:\/\/blogs.fu-berlin.de\/open-access-berlin\/wp-json\/wp\/v2\/posts\/797","targetHints":{"allow":["GET"]}}],"collection":[{"href":"https:\/\/blogs.fu-berlin.de\/open-access-berlin\/wp-json\/wp\/v2\/posts"}],"about":[{"href":"https:\/\/blogs.fu-berlin.de\/open-access-berlin\/wp-json\/wp\/v2\/types\/post"}],"author":[{"embeddable":true,"href":"https:\/\/blogs.fu-berlin.de\/open-access-berlin\/wp-json\/wp\/v2\/users\/6379"}],"replies":[{"embeddable":true,"href":"https:\/\/blogs.fu-berlin.de\/open-access-berlin\/wp-json\/wp\/v2\/comments?post=797"}],"version-history":[{"count":8,"href":"https:\/\/blogs.fu-berlin.de\/open-access-berlin\/wp-json\/wp\/v2\/posts\/797\/revisions"}],"predecessor-version":[{"id":2328,"href":"https:\/\/blogs.fu-berlin.de\/open-access-berlin\/wp-json\/wp\/v2\/posts\/797\/revisions\/2328"}],"wp:attachment":[{"href":"https:\/\/blogs.fu-berlin.de\/open-access-berlin\/wp-json\/wp\/v2\/media?parent=797"}],"wp:term":[{"taxonomy":"category","embeddable":true,"href":"https:\/\/blogs.fu-berlin.de\/open-access-berlin\/wp-json\/wp\/v2\/categories?post=797"},{"taxonomy":"post_tag","embeddable":true,"href":"https:\/\/blogs.fu-berlin.de\/open-access-berlin\/wp-json\/wp\/v2\/tags?post=797"}],"curies":[{"name":"wp","href":"https:\/\/api.w.org\/{rel}","templated":true}]}}