{"id":839,"date":"2022-02-15T11:13:39","date_gmt":"2022-02-15T10:13:39","guid":{"rendered":"https:\/\/blogs.fu-berlin.de\/open-access-berlin\/?p=839"},"modified":"2024-05-07T15:05:50","modified_gmt":"2024-05-07T13:05:50","slug":"mit-volldampf-voraus-in-richtung-openness-kompetenzen-und-infrastrukturen-mit-perspektiven","status":"publish","type":"post","link":"https:\/\/blogs.fu-berlin.de\/open-access-berlin\/2022\/02\/15\/mit-volldampf-voraus-in-richtung-openness-kompetenzen-und-infrastrukturen-mit-perspektiven\/","title":{"rendered":"Mit Volldampf voraus in Richtung &#8222;Openness&#8220;: Kompetenzen und Infrastrukturen mit Perspektiven"},"content":{"rendered":"\r\n<p><strong>Podiumsdiskussion<\/strong><\/p>\r\n\r\n\r\n\r\n<p><strong>Freitag, 25. M\u00e4rz 2022, 14-15.30<\/strong><\/p>\r\n\r\n\r\n\r\n<p><a href=\"https:\/\/th-wildau.webex.com\/th-wildau\/onstage\/g.php?MTID=ecc128b7da53f59100a0dbf9aa462cae4\" target=\"_blank\" rel=\"noreferrer noopener\">Anmeldung<\/a><\/p>\r\n\r\n\r\n\r\n<p>Eine Veranstaltung in der Reihe: <a href=\"https:\/\/blogs.fu-berlin.de\/open-access-berlin\/2021\/09\/09\/quo-vadis-offene-wissenschaft-eine-virtuelle-open-access-woche-fuer-berlin-brandenburg\/\" target=\"_blank\" rel=\"noreferrer noopener\">Quo vadis offene Wissenschaft? Eine virtuelle Open Access Woche f\u00fcr Berlin-Brandenburg<\/a>.<\/p>\r\n\r\n\r\n\r\n<p>Wissenschaftspolitische Strategien auf nationaler und europ\u00e4ischer Ebene fordern seit Jahren, das &#8222;Prinzip Offenheit&#8220; in der Wissenschaft zu verankern. In diesem Prozess braucht es nicht nur die oft geforderten digitalen Infrastrukturen und angepassten Governance- und Finanzierungsmodelle. Auch die Kompetenzprofile des wissenschaftsunterst\u00fctzenden Personals \u2013 fachliche, methodische wie soziale Kompetenzen \u2013 m\u00fcssen sich ver\u00e4ndern. Dies gilt besonders f\u00fcr Bibliotheken und ist f\u00fcr diese Herausforderung und Chance zugleich. Ob Digital Humanities oder neue Publikationsformate wie \u201eausf\u00fchrbare\u201c Publikationen, digitale Langzeitarchivierung oder die Umsetzung der FAIR-Prinzipien, die Unterst\u00fctzung der Arbeit mit Forschungsdaten und -software oder der Einsatz von Forschungsinformationssystemen, in allen diesen Themenfeldern sind Aspekte der offenen Wissenschaft (Open Research) pr\u00e4sent. Zugleich erheben Bibliotheken aufgrund ihres Selbstverst\u00e4ndnisses den Anspruch, hier als Partnerin aufzutreten und die Diskurse entscheidend mitzupr\u00e4gen. Dies erscheint auch vor dem Hintergrund bedeutsam, dass kommerzielle Akteur*innen in diesen Feldern neue M\u00e4rkte f\u00fcr sich erschlie\u00dfen.<\/p>\r\n\r\n\r\n\r\n<p>F\u00fcr das Personal selbst bieten sich damit vielf\u00e4ltige Entwicklungsoptionen, etwa in den Bereichen Datenkompetenz (data literacy), Projektmanagement oder Strategieentwicklung. Somit erscheinen Bibliotheken zunehmend als spannende Stationen in der beruflichen Qualifizierung, auch f\u00fcr den Quereinstieg.<\/p>\r\n\r\n\r\n\r\n<p>Der Raum Berlin\/Brandenburg mit seinen beiden wissenschaftlichen Ausbildungseinrichtungen \u2013 dem <a href=\"https:\/\/www.ibi.hu-berlin.de\/de\" target=\"_blank\" rel=\"noreferrer noopener\">Institut f\u00fcr Bibliotheks- und Informationswissenschaft <\/a>(IBI) der Humboldt-Universit\u00e4t zu Berlin und dem <a href=\"https:\/\/www.fh-potsdam.de\/studium-informationswissenschaften\/\" target=\"_blank\" rel=\"noreferrer noopener\">Fachbereich Informationswissenschaft<\/a> der Fachhochschule Potsdam \u2013 und einer Vielzahl verschiedenster Bibliotheken als Ausbildungs- wie auch Besch\u00e4ftigungsorte spielt f\u00fcr die Entwicklung des bibliothekarischen und informationswissenschaftlichen Personals eine zentrale Rolle.\u00a0\u00a0<\/p>\r\n\r\n\r\n\r\n<p>Wir m\u00f6chten auf diesem Podium mit Vertreter*innen der bibliotheks- und informationswissenschaftlichen Lehre, von Bibliotheken und der Wissenschaftspolitik folgende Aspekte diskutieren:<\/p>\r\n\r\n\r\n\r\n<ul class=\"wp-block-list\">\r\n<li>Sind Ausbildungs- und Studiengangs-Curricula ausreichend darauf angelegt, dem Wissensstand stetig und sogar vorausschauend angepasst werden zu k\u00f6nnen?<\/li>\r\n<li>Bieten die institutionellen Rahmenbedingungen genug Flexibilit\u00e4t f\u00fcr die rasche Entwicklung neuer T\u00e4tigkeitsfelder?<\/li>\r\n<li>Sind die Bibliotheken in der Lage, im Bereich Personal- und Organisationsentwicklung notwendige Ma\u00dfnahmen umzusetzen?<\/li>\r\n<li>Wie k\u00f6nnen sich Bibliotheken aufstellen, um ihre Rolle als Mittlerin zwischen Wissenschaft und anderen gesellschaftlichen Bereichen zu st\u00e4rken, etwa durch Engagement in den Feldern Citizen Science, OpenGLAM oder kollaborativer Wissensgenerierung und -verkn\u00fcpfung (z.B. Wikidata)?<\/li>\r\n<li>Wie kann die Hochschulpolitik den Wandel praktisch unterst\u00fctzen und dabei f\u00fcr gute Arbeitsbedingungen sorgen?<\/li>\r\n<\/ul>\r\n\r\n\r\n\r\n<p>&nbsp;<\/p>\r\n\r\n\r\n\r\n<p>&nbsp;<\/p>\r\n\r\n\r\n\r\n<h2 class=\"wp-block-heading\">Diese und andere Fragen diskutieren gemeinsam<\/h2>\r\n\r\n\r\n\r\n<div class=\"wp-block-media-text alignwide has-media-on-the-right is-stacked-on-mobile\">\r\n<figure class=\"wp-block-media-text__media\"><img loading=\"lazy\" decoding=\"async\" width=\"827\" height=\"827\" class=\"wp-image-922\" src=\"https:\/\/blogs.fu-berlin.de\/open-access-berlin\/files\/2022\/03\/2019_Herrmann_Elisa_7x7__c_Carola-Radke_MfN.png\" alt=\"\" srcset=\"https:\/\/blogs.fu-berlin.de\/open-access-berlin\/files\/2022\/03\/2019_Herrmann_Elisa_7x7__c_Carola-Radke_MfN.png 827w, https:\/\/blogs.fu-berlin.de\/open-access-berlin\/files\/2022\/03\/2019_Herrmann_Elisa_7x7__c_Carola-Radke_MfN-300x300.png 300w, https:\/\/blogs.fu-berlin.de\/open-access-berlin\/files\/2022\/03\/2019_Herrmann_Elisa_7x7__c_Carola-Radke_MfN-150x150.png 150w, https:\/\/blogs.fu-berlin.de\/open-access-berlin\/files\/2022\/03\/2019_Herrmann_Elisa_7x7__c_Carola-Radke_MfN-768x768.png 768w, https:\/\/blogs.fu-berlin.de\/open-access-berlin\/files\/2022\/03\/2019_Herrmann_Elisa_7x7__c_Carola-Radke_MfN-48x48.png 48w, https:\/\/blogs.fu-berlin.de\/open-access-berlin\/files\/2022\/03\/2019_Herrmann_Elisa_7x7__c_Carola-Radke_MfN-250x250.png 250w, https:\/\/blogs.fu-berlin.de\/open-access-berlin\/files\/2022\/03\/2019_Herrmann_Elisa_7x7__c_Carola-Radke_MfN-550x550.png 550w, https:\/\/blogs.fu-berlin.de\/open-access-berlin\/files\/2022\/03\/2019_Herrmann_Elisa_7x7__c_Carola-Radke_MfN-800x800.png 800w, https:\/\/blogs.fu-berlin.de\/open-access-berlin\/files\/2022\/03\/2019_Herrmann_Elisa_7x7__c_Carola-Radke_MfN-180x180.png 180w, https:\/\/blogs.fu-berlin.de\/open-access-berlin\/files\/2022\/03\/2019_Herrmann_Elisa_7x7__c_Carola-Radke_MfN-500x500.png 500w\" sizes=\"auto, (max-width: 709px) 85vw, (max-width: 909px) 67vw, (max-width: 984px) 61vw, (max-width: 1362px) 45vw, 600px\" \/><\/figure>\r\n<div class=\"wp-block-media-text__content\">\r\n<p><a href=\"https:\/\/www.museumfuernaturkunde.berlin\/de\/ueber-uns\/team\/elisa.herrmann\"><strong>Elisa Herrmann<\/strong><\/a><\/p>\r\n\r\n\r\n\r\n<p>Abteilungsleitung Informationsbeschaffung und Informationsmanagement<br \/><br \/>Museum f\u00fcr Naturkunde &#8211; Leibniz-Institut f\u00fcr Biodiversit\u00e4t<br \/><a href=\"https:\/\/orcid.org\/0000-0002-6920-949X\" target=\"_blank\" rel=\"noreferrer noopener\"><img loading=\"lazy\" decoding=\"async\" width=\"225\" height=\"225\" class=\"wp-image-27\" style=\"width: 25px\" src=\"https:\/\/blogs.fu-berlin.de\/open-access-berlin\/files\/2021\/08\/index-3.png\" alt=\"\" srcset=\"https:\/\/blogs.fu-berlin.de\/open-access-berlin\/files\/2021\/08\/index-3.png 225w, https:\/\/blogs.fu-berlin.de\/open-access-berlin\/files\/2021\/08\/index-3-150x150.png 150w\" sizes=\"auto, (max-width: 225px) 85vw, 225px\" \/><\/a><\/p>\r\n<\/div>\r\n<\/div>\r\n\r\n\r\n\r\n<p>&nbsp;<\/p>\r\n\r\n\r\n\r\n<p>&nbsp;<\/p>\r\n\r\n\r\n\r\n<div class=\"wp-block-media-text alignwide is-stacked-on-mobile\">\r\n<figure class=\"wp-block-media-text__media\"><img loading=\"lazy\" decoding=\"async\" width=\"631\" height=\"631\" class=\"wp-image-884\" src=\"https:\/\/blogs.fu-berlin.de\/open-access-berlin\/files\/2022\/03\/csm_ariane_jessulat_foto_david_winnerstam_69dd5c3900.jpg\" alt=\"\" srcset=\"https:\/\/blogs.fu-berlin.de\/open-access-berlin\/files\/2022\/03\/csm_ariane_jessulat_foto_david_winnerstam_69dd5c3900.jpg 631w, https:\/\/blogs.fu-berlin.de\/open-access-berlin\/files\/2022\/03\/csm_ariane_jessulat_foto_david_winnerstam_69dd5c3900-300x300.jpg 300w, https:\/\/blogs.fu-berlin.de\/open-access-berlin\/files\/2022\/03\/csm_ariane_jessulat_foto_david_winnerstam_69dd5c3900-150x150.jpg 150w, https:\/\/blogs.fu-berlin.de\/open-access-berlin\/files\/2022\/03\/csm_ariane_jessulat_foto_david_winnerstam_69dd5c3900-48x48.jpg 48w, https:\/\/blogs.fu-berlin.de\/open-access-berlin\/files\/2022\/03\/csm_ariane_jessulat_foto_david_winnerstam_69dd5c3900-250x250.jpg 250w, https:\/\/blogs.fu-berlin.de\/open-access-berlin\/files\/2022\/03\/csm_ariane_jessulat_foto_david_winnerstam_69dd5c3900-550x550.jpg 550w, https:\/\/blogs.fu-berlin.de\/open-access-berlin\/files\/2022\/03\/csm_ariane_jessulat_foto_david_winnerstam_69dd5c3900-180x180.jpg 180w, https:\/\/blogs.fu-berlin.de\/open-access-berlin\/files\/2022\/03\/csm_ariane_jessulat_foto_david_winnerstam_69dd5c3900-500x500.jpg 500w\" sizes=\"auto, (max-width: 709px) 85vw, (max-width: 909px) 67vw, (max-width: 984px) 61vw, (max-width: 1362px) 45vw, 600px\" \/><\/figure>\r\n<div class=\"wp-block-media-text__content\">\r\n<p><a href=\"https:\/\/www.udk-berlin.de\/person\/ariane-jessulat\/\"><strong>Prof. Dr. Ariane Je\u00dfulat<\/strong><\/a><\/p>\r\n\r\n\r\n\r\n<p>Erste Vizepr\u00e4sidentin der Universit\u00e4t der K\u00fcnste<\/p>\r\n<\/div>\r\n<\/div>\r\n\r\n\r\n\r\n<div class=\"wp-block-media-text alignwide has-media-on-the-right is-stacked-on-mobile\">\r\n<figure class=\"wp-block-media-text__media\"><img loading=\"lazy\" decoding=\"async\" width=\"683\" height=\"1024\" class=\"wp-image-886\" src=\"https:\/\/blogs.fu-berlin.de\/open-access-berlin\/files\/2022\/03\/Foto-Michel-FHP-Web_2016-683x1024.jpg\" alt=\"\" srcset=\"https:\/\/blogs.fu-berlin.de\/open-access-berlin\/files\/2022\/03\/Foto-Michel-FHP-Web_2016-683x1024.jpg 683w, https:\/\/blogs.fu-berlin.de\/open-access-berlin\/files\/2022\/03\/Foto-Michel-FHP-Web_2016-200x300.jpg 200w, https:\/\/blogs.fu-berlin.de\/open-access-berlin\/files\/2022\/03\/Foto-Michel-FHP-Web_2016-768x1152.jpg 768w, https:\/\/blogs.fu-berlin.de\/open-access-berlin\/files\/2022\/03\/Foto-Michel-FHP-Web_2016-250x375.jpg 250w, https:\/\/blogs.fu-berlin.de\/open-access-berlin\/files\/2022\/03\/Foto-Michel-FHP-Web_2016-550x825.jpg 550w, https:\/\/blogs.fu-berlin.de\/open-access-berlin\/files\/2022\/03\/Foto-Michel-FHP-Web_2016-800x1200.jpg 800w, https:\/\/blogs.fu-berlin.de\/open-access-berlin\/files\/2022\/03\/Foto-Michel-FHP-Web_2016-120x180.jpg 120w, https:\/\/blogs.fu-berlin.de\/open-access-berlin\/files\/2022\/03\/Foto-Michel-FHP-Web_2016-333x500.jpg 333w, https:\/\/blogs.fu-berlin.de\/open-access-berlin\/files\/2022\/03\/Foto-Michel-FHP-Web_2016.jpg 1000w\" sizes=\"auto, (max-width: 709px) 85vw, (max-width: 909px) 67vw, (max-width: 984px) 61vw, (max-width: 1362px) 45vw, 600px\" \/><\/figure>\r\n<div class=\"wp-block-media-text__content\">\r\n<p><strong><a href=\"https:\/\/www.fh-potsdam.de\/person\/person-action\/antje-michel\/show\/Person\/?no_cache=1\" target=\"_blank\" rel=\"noreferrer noopener\">Prof. Dr. Antje Michel<\/a><\/strong><\/p>\r\n\r\n\r\n\r\n<p>Professorin f\u00fcr Informationsdidaktik und Wissenstransfer an der Fachhochschule Potsdam<\/p>\r\n\r\n\r\n\r\n<p><a href=\"https:\/\/orcid.org\/0000-0002-7831-147X\" target=\"_blank\" rel=\"noreferrer noopener\"><img loading=\"lazy\" decoding=\"async\" width=\"225\" height=\"225\" class=\"wp-image-27\" style=\"width: 25px\" src=\"https:\/\/blogs.fu-berlin.de\/open-access-berlin\/files\/2021\/08\/index-3.png\" alt=\"\" srcset=\"https:\/\/blogs.fu-berlin.de\/open-access-berlin\/files\/2021\/08\/index-3.png 225w, https:\/\/blogs.fu-berlin.de\/open-access-berlin\/files\/2021\/08\/index-3-150x150.png 150w\" sizes=\"auto, (max-width: 225px) 85vw, 225px\" \/><\/a><\/p>\r\n<\/div>\r\n<\/div>\r\n\r\n\r\n\r\n<div class=\"wp-block-media-text alignwide is-stacked-on-mobile\">\r\n<figure class=\"wp-block-media-text__media\"><img loading=\"lazy\" decoding=\"async\" width=\"986\" height=\"1024\" class=\"wp-image-890\" src=\"https:\/\/blogs.fu-berlin.de\/open-access-berlin\/files\/2022\/03\/@@display-file-986x1024.jpg\" alt=\"\" srcset=\"https:\/\/blogs.fu-berlin.de\/open-access-berlin\/files\/2022\/03\/@@display-file-986x1024.jpg 986w, https:\/\/blogs.fu-berlin.de\/open-access-berlin\/files\/2022\/03\/@@display-file-289x300.jpg 289w, https:\/\/blogs.fu-berlin.de\/open-access-berlin\/files\/2022\/03\/@@display-file-768x797.jpg 768w, https:\/\/blogs.fu-berlin.de\/open-access-berlin\/files\/2022\/03\/@@display-file-1200x1246.jpg 1200w, https:\/\/blogs.fu-berlin.de\/open-access-berlin\/files\/2022\/03\/@@display-file-250x260.jpg 250w, https:\/\/blogs.fu-berlin.de\/open-access-berlin\/files\/2022\/03\/@@display-file-550x571.jpg 550w, https:\/\/blogs.fu-berlin.de\/open-access-berlin\/files\/2022\/03\/@@display-file-800x831.jpg 800w, https:\/\/blogs.fu-berlin.de\/open-access-berlin\/files\/2022\/03\/@@display-file-173x180.jpg 173w, https:\/\/blogs.fu-berlin.de\/open-access-berlin\/files\/2022\/03\/@@display-file-482x500.jpg 482w, https:\/\/blogs.fu-berlin.de\/open-access-berlin\/files\/2022\/03\/@@display-file.jpg 1440w\" sizes=\"auto, (max-width: 709px) 85vw, (max-width: 909px) 67vw, (max-width: 1362px) 62vw, 840px\" \/><\/figure>\r\n<div class=\"wp-block-media-text__content\">\r\n<p><strong><a href=\"https:\/\/www.ibi.hu-berlin.de\/de\/institut\/personen\/petras\" target=\"_blank\" rel=\"noreferrer noopener\">Prof. Vivien Petras, PhD <\/a><\/strong><\/p>\r\n\r\n\r\n\r\n<p>Professorin f\u00fcr Information Retrieval an der Humboldt-Universit\u00e4t zu Berlin<\/p>\r\n\r\n\r\n\r\n<p><a href=\"https:\/\/orcid.org\/0000-0002-8113-1509\" target=\"_blank\" rel=\"noreferrer noopener\"><img loading=\"lazy\" decoding=\"async\" width=\"225\" height=\"225\" class=\"wp-image-27\" style=\"width: 25px\" src=\"https:\/\/blogs.fu-berlin.de\/open-access-berlin\/files\/2021\/08\/index-3.png\" alt=\"\" srcset=\"https:\/\/blogs.fu-berlin.de\/open-access-berlin\/files\/2021\/08\/index-3.png 225w, https:\/\/blogs.fu-berlin.de\/open-access-berlin\/files\/2021\/08\/index-3-150x150.png 150w\" sizes=\"auto, (max-width: 225px) 85vw, 225px\" \/><\/a><\/p>\r\n\r\n\r\n\r\n<p>&nbsp;<\/p>\r\n<\/div>\r\n<\/div>\r\n\r\n\r\n\r\n<div class=\"wp-block-media-text alignwide has-media-on-the-right is-stacked-on-mobile\">\r\n<figure class=\"wp-block-media-text__media\"><\/figure>\r\n<div class=\"wp-block-media-text__content\">\r\n<p><strong>Dr. Jan-Hauke Pla\u00dfmann<\/strong><\/p>\r\n\r\n\r\n\r\n<p>Referent in der Abteilung Wissenschaft und Forschung des Brandenburgischen Ministeriums f\u00fcr Wissenschaft und Forschung<\/p>\r\n\r\n\r\n\r\n<p>&nbsp;<\/p>\r\n\r\n\r\n\r\n<p>&nbsp;<\/p>\r\n<\/div>\r\n<\/div>\r\n\r\n\r\n\r\n<div class=\"wp-block-media-text alignwide is-stacked-on-mobile\">\r\n<figure class=\"wp-block-media-text__media\"><img loading=\"lazy\" decoding=\"async\" width=\"1024\" height=\"683\" class=\"wp-image-932\" src=\"https:\/\/blogs.fu-berlin.de\/open-access-berlin\/files\/2022\/03\/Seeliger_Frank-FOX_211004_02-1024x683.jpg\" alt=\"\" srcset=\"https:\/\/blogs.fu-berlin.de\/open-access-berlin\/files\/2022\/03\/Seeliger_Frank-FOX_211004_02-1024x683.jpg 1024w, https:\/\/blogs.fu-berlin.de\/open-access-berlin\/files\/2022\/03\/Seeliger_Frank-FOX_211004_02-300x200.jpg 300w, https:\/\/blogs.fu-berlin.de\/open-access-berlin\/files\/2022\/03\/Seeliger_Frank-FOX_211004_02-768x512.jpg 768w, https:\/\/blogs.fu-berlin.de\/open-access-berlin\/files\/2022\/03\/Seeliger_Frank-FOX_211004_02-1536x1024.jpg 1536w, https:\/\/blogs.fu-berlin.de\/open-access-berlin\/files\/2022\/03\/Seeliger_Frank-FOX_211004_02-2048x1365.jpg 2048w, https:\/\/blogs.fu-berlin.de\/open-access-berlin\/files\/2022\/03\/Seeliger_Frank-FOX_211004_02-1200x800.jpg 1200w, https:\/\/blogs.fu-berlin.de\/open-access-berlin\/files\/2022\/03\/Seeliger_Frank-FOX_211004_02-250x167.jpg 250w, https:\/\/blogs.fu-berlin.de\/open-access-berlin\/files\/2022\/03\/Seeliger_Frank-FOX_211004_02-550x367.jpg 550w, https:\/\/blogs.fu-berlin.de\/open-access-berlin\/files\/2022\/03\/Seeliger_Frank-FOX_211004_02-800x533.jpg 800w, https:\/\/blogs.fu-berlin.de\/open-access-berlin\/files\/2022\/03\/Seeliger_Frank-FOX_211004_02-270x180.jpg 270w, https:\/\/blogs.fu-berlin.de\/open-access-berlin\/files\/2022\/03\/Seeliger_Frank-FOX_211004_02-450x300.jpg 450w, https:\/\/blogs.fu-berlin.de\/open-access-berlin\/files\/2022\/03\/Seeliger_Frank-FOX_211004_02-750x500.jpg 750w\" sizes=\"auto, (max-width: 709px) 85vw, (max-width: 909px) 67vw, (max-width: 1362px) 62vw, 840px\" \/><\/figure>\r\n<div class=\"wp-block-media-text__content\">\r\n<p>Moderiert wird die Veranstaltung von<\/p>\r\n<p><strong><a href=\"https:\/\/www.th-wildau.de\/personen\/frank-seeliger\/\" target=\"_blank\" rel=\"noreferrer noopener\">Dr. Frank Seeliger <\/a><\/strong><\/p>\r\n\r\n\r\n\r\n<p>Hochschulbibliothek der TH Wildau<\/p>\r\n\r\n\r\n\r\n<div class=\"wp-block-image\">\r\n<figure class=\"alignright size-large is-resized\"><a href=\"https:\/\/orcid.org\/0000-0003-0602-8082\"><img loading=\"lazy\" decoding=\"async\" class=\"wp-image-27\" src=\"https:\/\/blogs.fu-berlin.de\/open-access-berlin\/files\/2021\/08\/index-3.png\" alt=\"\" width=\"26\" height=\"26\" srcset=\"https:\/\/blogs.fu-berlin.de\/open-access-berlin\/files\/2021\/08\/index-3.png 225w, https:\/\/blogs.fu-berlin.de\/open-access-berlin\/files\/2021\/08\/index-3-150x150.png 150w\" sizes=\"auto, (max-width: 26px) 85vw, 26px\" \/><\/a><\/figure>\r\n<\/div>\r\n<\/div>\r\n<\/div>\r\n\r\n\r\n\r\n<p>&nbsp;<\/p>\r\n\r\n\r\n\r\n<p>Um eine <a href=\"https:\/\/th-wildau.webex.com\/th-wildau\/onstage\/g.php?MTID=ecc128b7da53f59100a0dbf9aa462cae4\" target=\"_blank\" rel=\"noreferrer noopener\">Anmeldung <\/a>zur Veranstaltung wird gebeten.<\/p>\r\n","protected":false},"excerpt":{"rendered":"<p>Podiumsdiskussion Freitag, 25. M\u00e4rz 2022, 14-15.30 Anmeldung Eine Veranstaltung in der Reihe: Quo vadis offene Wissenschaft? Eine virtuelle Open Access Woche f\u00fcr Berlin-Brandenburg. Wissenschaftspolitische Strategien auf nationaler und europ\u00e4ischer Ebene fordern seit Jahren, das &#8222;Prinzip Offenheit&#8220; in der Wissenschaft zu verankern. In diesem Prozess braucht es nicht nur die oft geforderten digitalen Infrastrukturen und angepassten &hellip; <a href=\"https:\/\/blogs.fu-berlin.de\/open-access-berlin\/2022\/02\/15\/mit-volldampf-voraus-in-richtung-openness-kompetenzen-und-infrastrukturen-mit-perspektiven\/\" class=\"more-link\"><span class=\"screen-reader-text\">\u201eMit Volldampf voraus in Richtung &#8222;Openness&#8220;: Kompetenzen und Infrastrukturen mit Perspektiven\u201c<\/span> weiterlesen<\/a><\/p>\n","protected":false},"author":6379,"featured_media":0,"comment_status":"open","ping_status":"open","sticky":false,"template":"","format":"standard","meta":{"footnotes":""},"categories":[419,575663],"tags":[12147,1245,448948,449000,79,1273],"class_list":["post-839","post","type-post","status-publish","format-standard","hentry","category-veranstaltungshinweise","category-openbbb","tag-bibliotheksmanagement","tag-informationswissenschaft","tag-wissenschaftspolitik","tag-quo-vadis","tag-berlin","tag-brandenburg"],"_links":{"self":[{"href":"https:\/\/blogs.fu-berlin.de\/open-access-berlin\/wp-json\/wp\/v2\/posts\/839","targetHints":{"allow":["GET"]}}],"collection":[{"href":"https:\/\/blogs.fu-berlin.de\/open-access-berlin\/wp-json\/wp\/v2\/posts"}],"about":[{"href":"https:\/\/blogs.fu-berlin.de\/open-access-berlin\/wp-json\/wp\/v2\/types\/post"}],"author":[{"embeddable":true,"href":"https:\/\/blogs.fu-berlin.de\/open-access-berlin\/wp-json\/wp\/v2\/users\/6379"}],"replies":[{"embeddable":true,"href":"https:\/\/blogs.fu-berlin.de\/open-access-berlin\/wp-json\/wp\/v2\/comments?post=839"}],"version-history":[{"count":21,"href":"https:\/\/blogs.fu-berlin.de\/open-access-berlin\/wp-json\/wp\/v2\/posts\/839\/revisions"}],"predecessor-version":[{"id":2296,"href":"https:\/\/blogs.fu-berlin.de\/open-access-berlin\/wp-json\/wp\/v2\/posts\/839\/revisions\/2296"}],"wp:attachment":[{"href":"https:\/\/blogs.fu-berlin.de\/open-access-berlin\/wp-json\/wp\/v2\/media?parent=839"}],"wp:term":[{"taxonomy":"category","embeddable":true,"href":"https:\/\/blogs.fu-berlin.de\/open-access-berlin\/wp-json\/wp\/v2\/categories?post=839"},{"taxonomy":"post_tag","embeddable":true,"href":"https:\/\/blogs.fu-berlin.de\/open-access-berlin\/wp-json\/wp\/v2\/tags?post=839"}],"curies":[{"name":"wp","href":"https:\/\/api.w.org\/{rel}","templated":true}]}}