{"id":1411,"date":"2022-11-24T17:05:34","date_gmt":"2022-11-24T16:05:34","guid":{"rendered":"https:\/\/blogs.fu-berlin.de\/open-access-berlin\/?p=1411"},"modified":"2025-06-18T14:57:29","modified_gmt":"2025-06-18T12:57:29","slug":"recht-einfach-bildrechte-und-open-access","status":"publish","type":"post","link":"https:\/\/blogs.fu-berlin.de\/open-research-berlin\/2022\/11\/24\/recht-einfach-bildrechte-und-open-access\/","title":{"rendered":"Recht einfach? Bildrechte und Open Access"},"content":{"rendered":"\n<p><strong>Ein Online-Workshop f\u00fcr die K\u00fcnste<\/strong><\/p>\n\n\n\n<p><em>Von Friederike Kramer, Lydia Koglin, Linda Martin<\/em><\/p>\n\n\n\n<p>Im Bilde: Open Access publizieren \u2013 Insgesamt 112 Teilnehmende informierten sich am 21. November \u00fcber Wege des Open-Access-Publizierens und Bildrechte bei digitalen Publikationen. Im Rahmen des Projektes<a href=\"https:\/\/open-access.network\/startseite\"> open-access.network<\/a> richteten die<a href=\"https:\/\/www.udk-berlin.de\/service\/universitaetsbibliothek\/wir-ueber-uns\/open-access-an-der-udk\/\"> Universit\u00e4tsbibliothek der Universit\u00e4t der K\u00fcnste<\/a>\u00a0 und das<a href=\"http:\/\/www.open-access-berlin.de\/akteure\/oabb\/index.html\"> Open-Access-B\u00fcro Berlin<\/a> einen Workshop aus, der K\u00fcnstler*innen, Wissenschaftler*innen, k\u00fcnstlerisch-wissenschaftliche Mitarbeiter*innen und Infrastrukturanbietende zusammenbrachte.<\/p>\n\n\n\n<figure class=\"wp-block-image size-full\"><img loading=\"lazy\" decoding=\"async\" width=\"1920\" height=\"1080\" class=\"wp-image-1412\" src=\"https:\/\/blogs.fu-berlin.de\/open-research-berlin\/files\/2022\/11\/2022-11-21_Menti_OApublizieren.jpg\" alt=\"\" srcset=\"https:\/\/blogs.fu-berlin.de\/open-research-berlin\/files\/2022\/11\/2022-11-21_Menti_OApublizieren.jpg 1920w, https:\/\/blogs.fu-berlin.de\/open-research-berlin\/files\/2022\/11\/2022-11-21_Menti_OApublizieren-300x169.jpg 300w, https:\/\/blogs.fu-berlin.de\/open-research-berlin\/files\/2022\/11\/2022-11-21_Menti_OApublizieren-1024x576.jpg 1024w, https:\/\/blogs.fu-berlin.de\/open-research-berlin\/files\/2022\/11\/2022-11-21_Menti_OApublizieren-768x432.jpg 768w, https:\/\/blogs.fu-berlin.de\/open-research-berlin\/files\/2022\/11\/2022-11-21_Menti_OApublizieren-1536x864.jpg 1536w, https:\/\/blogs.fu-berlin.de\/open-research-berlin\/files\/2022\/11\/2022-11-21_Menti_OApublizieren-1200x675.jpg 1200w\" sizes=\"auto, (max-width: 709px) 85vw, (max-width: 909px) 67vw, (max-width: 1362px) 62vw, 840px\" \/>\n<figcaption>Einstimmung: Mentimeter-Umfrage, die Kenntnissst\u00e4nde zu Open Access offenlegt<\/figcaption>\n<\/figure>\n\n\n\n<p><strong>Wichtig: Urheber*innen in Kenntnis setzen\u00a0<\/strong><\/p>\n\n\n\n<p>Wie ein Open-Access-Buch entsteht?<a href=\"https:\/\/www.udk-berlin.de\/person\/dagmar-pelger\/\"> Dagmar Pelger<\/a> nahm die Teilnehmenden mit in eine Ausstellung zu Stadt- und Raumentwicklung in Berlin, die sie gemeinsam mit Studierenden kuratiert hatte. Die Open-Access-Publikation \u201e<a href=\"https:\/\/doi.org\/10.25624\/kuenste-1863\">For Dis-Closing Separate Space. Kartierungen kooperativer Planungsarbeit am Cotti, am Kotti und am Hermannplatz in Berlin<\/a>\u201c, die virtuellen Ausstellungskatalog und enhanced publication in in sich vereint, entstand interdisziplin\u00e4r. Gemeinsam diskutierten die Anwesenden \u00fcber die Wahl und den Nutzen von Publikationsformaten und sprachen \u00fcber Herausforderungen bei der Erstellung solcher. So wurde der Mangel an Open-Source-L\u00f6sungen zur Bearbeitung von Bildern und der Erstellung von Katalogen als Desiderate benannt.<\/p>\n\n\n\n<figure class=\"wp-block-image aligncenter is-resized is-style-default\"><img loading=\"lazy\" decoding=\"async\" src=\"https:\/\/lh6.googleusercontent.com\/4XBsv4R-ImK9VuCpaUoSIed822IoO0YmPH1kkorRcAMv0UeSJd9TKEudST0lnu7eTHKDu676o9UwgvCruM4_kIopiwpAdvscR0UgBQX1xe9D2yCdyHi5SsMWcqfdZL4FDODEGiE0q0YtczvkxXV0TDS0SoVxCMQKRcdcXlwl4cIJgIBRf3UTWcLsu77_Nw\" alt=\"\" width=\"633\" height=\"356\" \/>\n<figcaption>Vielf\u00e4ltige Publikationsformate: Mentimeter-Umfrage unter den Teilnehmenden<\/figcaption>\n<\/figure>\n\n\n\n<p><strong>Ist das bereits gemeinfrei?<\/strong><\/p>\n\n\n\n<p>Ins Bild \u00fcber rechtliche Aspekte der Bildnutzung und dem (Mehr-)Wert von Creative-Commons-Lizenzen setzte<a href=\"https:\/\/www.fiz-karlsruhe.de\/de\/forschung\/lebenslauf-und-publikationen-dr-dr-grischka-petri\"> Grischka Petri<\/a> vom Legal Helpdesk des<a href=\"https:\/\/nfdi4culture.de\/\"> NFDI4Culture<\/a> die Zuh\u00f6renden. In einer ausgedehnten Diskussionsrunde er\u00f6ffneten sich Fragen zu Verwertungsrechten, Pers\u00f6nlichkeitsrechten, Unterschieden im weltweiten Kontext und Besonderheiten bei der Lizenzvergabe.<\/p>\n\n\n\n<p><a href=\"https:\/\/www.udk-berlin.de\/person\/friederike-kramer\/\">Friederike Kramer<\/a> von der<a href=\"https:\/\/www.udk-berlin.de\/open-access\/\"> Universit\u00e4tsbibliothek der Universit\u00e4t der K\u00fcnste<\/a> informierte im Anschluss \u00fcber Unterst\u00fctzungsangebote, die Autor*innen bei der eigenen Open-Access-Publikation unterst\u00fctzen wahrnehmen k\u00f6nnen \u2013 darunter die institutionelle Bibliothek,<a href=\"https:\/\/www.arthistoricum.net\/netzwerke\/akmb\/fachgruppen\/open-access-in-den-kuensten\"> arthistoricum.net<\/a> und NFDI4Culture.<\/p>\n\n\n\n<figure class=\"wp-block-image\"><img decoding=\"async\" src=\"https:\/\/lh6.googleusercontent.com\/8WqFKNTK5pXMAGmKiRGmZ6fKiJIzPUBW6Ur4Qd3PTJMyGzsWuVfmr2DHCWMvQQtaLqBVWlT3AYX3AGvaT8N3b4jhkEmrSnQ2qcg_plXGEWBhzmq8XK0YwZmbECeHaNeWjS0_2VEYDsfvZnR7HgiR5mTJDEMfYB5TOAXJ-itSqaK7SHJRdNLfIBSNUrJnsw\" alt=\"\" \/>\n<figcaption>Ideen teilen &#8211; Wissen st\u00e4rken: Einblick in das gemeinsam genutzte Pad<\/figcaption>\n<\/figure>\n\n\n\n<p>Der Workshop beschlie\u00dft das Angebot der<a href=\"https:\/\/open-access.network\/fortbilden\/thematische-workshops\"> thematischen Workshops<\/a> von open-access.network. Die Pr\u00e4sentationen zu der Veranstaltung finden Sie unter<a href=\"https:\/\/open-access.network\/fortbilden\/thematische-workshops\/online-workshop-am-21-november-2022\"> https:\/\/open-access.network\/fortbilden\/thematische-workshops\/online-workshop-am-21-november-2022<\/a>.<\/p>\n","protected":false},"excerpt":{"rendered":"<p>Ein Online-Workshop f\u00fcr die K\u00fcnste Von Friederike Kramer, Lydia Koglin, Linda Martin Im Bilde: Open Access publizieren \u2013 Insgesamt 112 Teilnehmende informierten sich am 21. November \u00fcber Wege des Open-Access-Publizierens und Bildrechte bei digitalen Publikationen. Im Rahmen des Projektes open-access.network richteten die Universit\u00e4tsbibliothek der Universit\u00e4t der K\u00fcnste\u00a0 und das Open-Access-B\u00fcro Berlin einen Workshop aus, der &hellip; <a href=\"https:\/\/blogs.fu-berlin.de\/open-research-berlin\/2022\/11\/24\/recht-einfach-bildrechte-und-open-access\/\" class=\"more-link\"><span class=\"screen-reader-text\">\u201eRecht einfach? Bildrechte und Open Access\u201c<\/span> weiterlesen<\/a><\/p>\n","protected":false},"author":6379,"featured_media":0,"comment_status":"open","ping_status":"open","sticky":false,"template":"","format":"standard","meta":{"footnotes":""},"categories":[439151],"tags":[358],"class_list":["post-1411","post","type-post","status-publish","format-standard","hentry","category-bericht","tag-workshop"],"_links":{"self":[{"href":"https:\/\/blogs.fu-berlin.de\/open-research-berlin\/wp-json\/wp\/v2\/posts\/1411","targetHints":{"allow":["GET"]}}],"collection":[{"href":"https:\/\/blogs.fu-berlin.de\/open-research-berlin\/wp-json\/wp\/v2\/posts"}],"about":[{"href":"https:\/\/blogs.fu-berlin.de\/open-research-berlin\/wp-json\/wp\/v2\/types\/post"}],"author":[{"embeddable":true,"href":"https:\/\/blogs.fu-berlin.de\/open-research-berlin\/wp-json\/wp\/v2\/users\/6379"}],"replies":[{"embeddable":true,"href":"https:\/\/blogs.fu-berlin.de\/open-research-berlin\/wp-json\/wp\/v2\/comments?post=1411"}],"version-history":[{"count":1,"href":"https:\/\/blogs.fu-berlin.de\/open-research-berlin\/wp-json\/wp\/v2\/posts\/1411\/revisions"}],"predecessor-version":[{"id":3288,"href":"https:\/\/blogs.fu-berlin.de\/open-research-berlin\/wp-json\/wp\/v2\/posts\/1411\/revisions\/3288"}],"wp:attachment":[{"href":"https:\/\/blogs.fu-berlin.de\/open-research-berlin\/wp-json\/wp\/v2\/media?parent=1411"}],"wp:term":[{"taxonomy":"category","embeddable":true,"href":"https:\/\/blogs.fu-berlin.de\/open-research-berlin\/wp-json\/wp\/v2\/categories?post=1411"},{"taxonomy":"post_tag","embeddable":true,"href":"https:\/\/blogs.fu-berlin.de\/open-research-berlin\/wp-json\/wp\/v2\/tags?post=1411"}],"curies":[{"name":"wp","href":"https:\/\/api.w.org\/{rel}","templated":true}]}}