{"id":1604,"date":"2023-06-01T11:18:04","date_gmt":"2023-06-01T09:18:04","guid":{"rendered":"https:\/\/blogs.fu-berlin.de\/open-access-berlin\/?p=1604"},"modified":"2025-06-18T14:57:18","modified_gmt":"2025-06-18T12:57:18","slug":"oaweekbbb-auftakt","status":"publish","type":"post","link":"https:\/\/blogs.fu-berlin.de\/open-research-berlin\/2023\/06\/01\/oaweekbbb-auftakt\/","title":{"rendered":"Open Access in der Region Berlin-Brandenburg: Was wurde erreicht und wo geht es hin?"},"content":{"rendered":"\n<h4 class=\"wp-block-heading\">\u00a0<\/h4>\n<p><!--more--><\/p>\n<h4>Auftaktveranstaltung der Reihe &#8222;Quo vadis offene Wissenschaft&#8220; am 24. Oktober 2023<\/h4>\n<p><em>Eine Nachlese zur Veranstaltung findet sich hier: <a href=\"https:\/\/doi.org\/10.59350\/yy5kk-3tz25\">https:\/\/doi.org\/10.59350\/yy5kk-3tz25<\/a><\/em><\/p>\n\n\n\n<p><strong>Termin:<\/strong> 24. Oktober 2023, 16:00\u201317:45 Uhr<br \/><strong>Ort: <\/strong>H\u00f6rsaal des Zuse Instituts Berlin, Takustra\u00dfe 7, 14195 Berlin <strong><em>und Livestream<\/em><\/strong><br \/><strong>Veranstaltende:<\/strong> Institut f\u00fcr Bibliotheks- und Informationswissenschaft (IBI) der Humboldt-Universit\u00e4t zu Berlin (HU), Kooperativer Bibliotheksverbund Berlin-Brandenburg, Open-Access-B\u00fcro Berlin und Vernetzungs- und Kompetenzstelle Open Access Brandenburg<\/p>\n\n\n\n<p>Im zwanzigsten Jubil\u00e4umsjahr der &#8222;Berliner Erkl\u00e4rung \u00fcber den offenen Zugang zu wissenschaftlichem Wissen&#8220; widmet sich ein B\u00fcndnis von wissenschaftlichen Einrichtungen und Bibliotheken dem Stand und der Perspektive der offenen Wissenschaft (Open Research\/Open Science) in Berlin und Brandenburg. Es handelt sich bei dieser Auftaktveranstaltung um die erste in der Reihe <a href=\"https:\/\/blogs.fu-berlin.de\/open-access-berlin\/2023\/05\/23\/oa-week-bbb-3\/\">Quo vadis offene Wissenschaft in Berlin und Brandenburg: Open Access Week 2023\/24 (#OAWeekBBB)<\/a><\/p>\n\n\n\n<p><!--more--><\/p>\n\n\n\n<h1 class=\"wp-block-heading\">Programm<\/h1>\n\n\n\n<p><strong>16 Uhr: Begr\u00fc\u00dfung durch Prof. Christof Sch\u00fctte (Zuse Institut Berlin)<\/strong><\/p>\n\n\n\n<p><strong>16:10-17:45 Uhr: Open Access in der Region Berlin-Brandenburg: Was wurde erreicht und wo geht es hin?<\/strong><\/p>\n\n\n\n<p>Moderation: Dr. Andreas Brandtner (AG Open-Access-Strategie Berlin\/Freie Universit\u00e4t Berlin)<\/p>\n<p>Diskussionsteilnehmer*innen:<\/p>\n\n\n\n<ul class=\"wp-block-list\">\n<li>J\u00fcrgen Christof (Technische Universit\u00e4t Berlin)<\/li>\n<li>Kathrin Grotz (Staatliche Museen Berlin, SPK)<\/li>\n<li>Prof. Martin Gr\u00f6tschel (eh. Berlin-Brandenburgische Akademie der Wissenschaften)<\/li>\n<li>Prof. Ariane Je\u00dfulat (Universit\u00e4t der K\u00fcnste Berlin)<\/li>\n<li>Dr. Peter Kost\u00e4dt (Universit\u00e4t Potsdam)<\/li>\n<li>Prof. Heinz Pampel (Humboldt-Universit\u00e4t zu Berlin, Helmholtz Open Science Office)<\/li>\n<\/ul>\n\n\n\n\n\n<p><strong>17:45 Uhr: Ausklang bei Getr\u00e4nken<\/strong><\/p>\n\n\n\n\n\n<h1 class=\"wp-block-heading\">Biographische Informationen<\/h1>\n<p><strong><img loading=\"lazy\" decoding=\"async\" class=\"figure-img\" src=\"https:\/\/www.fu-berlin.de\/sites\/ub\/ueber-uns\/team\/brandtner\/brandtner.jpg\" alt=\"Dr. Andreas Brandtner\" width=\"216\" height=\"270\" data-image-obj-id=\"89118444\" \/><br \/><br \/>Dr. Andreas Brandtner<\/strong> (Moderation) ist leitender Direktor der Universit\u00e4tsbibliothek der Freien Universit\u00e4t Berlin. Er hat 2020 die Ko-Leitung der AG Open-Access-Strategie Berlin \u00fcbernommen. Er ist in verschiedenen nationalen und internationalen Gremien aktiv, darunter seit 2017 im Ausschuss f\u00fcr Wissenschaftliche Bibliotheken und Informationssysteme der Deutschen Forschungsgemeinschaft. Seit 2023 ist er Chair des LIBER Steering Committee &#8222;Advancing Open Science&#8220;.<\/p>\n<p><br \/><br \/><img loading=\"lazy\" decoding=\"async\" class=\"wp-image-501\" src=\"https:\/\/blogs.fu-berlin.de\/open-research-berlin\/files\/2021\/11\/Foto-Ulrich-Dahl-1024x683.jpg\" alt=\"\" width=\"363\" height=\"242\" srcset=\"https:\/\/blogs.fu-berlin.de\/open-research-berlin\/files\/2021\/11\/Foto-Ulrich-Dahl-1024x683.jpg 1024w, https:\/\/blogs.fu-berlin.de\/open-research-berlin\/files\/2021\/11\/Foto-Ulrich-Dahl-300x200.jpg 300w, https:\/\/blogs.fu-berlin.de\/open-research-berlin\/files\/2021\/11\/Foto-Ulrich-Dahl-768x513.jpg 768w, https:\/\/blogs.fu-berlin.de\/open-research-berlin\/files\/2021\/11\/Foto-Ulrich-Dahl-1536x1025.jpg 1536w, https:\/\/blogs.fu-berlin.de\/open-research-berlin\/files\/2021\/11\/Foto-Ulrich-Dahl-2048x1367.jpg 2048w, https:\/\/blogs.fu-berlin.de\/open-research-berlin\/files\/2021\/11\/Foto-Ulrich-Dahl-1200x801.jpg 1200w\" sizes=\"auto, (max-width: 363px) 85vw, 363px\" \/><br \/><strong><br \/>J\u00fcrgen Christof<\/strong> leitet die Universit\u00e4tsbibliothek der Technischen Universit\u00e4t Berlin. Er engagiert sich seit langem f\u00fcr die Etablierung von OA als Leitmotiv in der Organisationseinheit \u201eBibliothek\u201c. Zuletzt war er am Aufbau des Open-Access-Verlages <a href=\"https:\/\/www.berlin-universities-publishing.de\/\">Berlin Universities Publishing<\/a>, der von der Berlin University Alliance gef\u00f6rdert und gemeinschaftlich von den Bibliotheken der Freien Universit\u00e4t Berlin, der Humboldt-Universit\u00e4t zu Berlin, der Technischen Universit\u00e4t Berlin und der Charit\u00e9 \u2013 Universit\u00e4tsmedizin Berlin getragen wird.<\/p>\n<p><strong><img loading=\"lazy\" decoding=\"async\" class=\"lazyloaded\" src=\"https:\/\/www.smb.museum\/fileadmin\/_processed_\/2\/5\/csm_kathrin-grotz_20539e4e85.jpg\" alt=\"Kathrin Grotz \u00a9 Staatliche Museen zu Berlin \/ Juliane Eirich\" width=\"362\" height=\"204\" \/><br \/><br \/>Kathrin Grotz, M.A.<\/strong>, ist seit April 2020 stellvertretende Direktorin des Instituts f\u00fcr Museumsforschung der Staatlichen Museen zu Berlin \u2013 Stiftung Preu\u00dfischer Kulturbesitz. Neben der statistischen Gesamterhebung f\u00fcr die Museen in Deutschland gilt ihr aktuelles Interesse innovativen Formaten der Wissenskommunikation, Evaluierung und Besucherforschung sowie Sammlungen und Objektzirkulationen mit Fokus auf Naturkunde. Davor war sie fast zwei Jahrzehnte am Botanischen Garten und Botanischen Museum der Freien Universit\u00e4t Berlin besch\u00e4ftigt, wo sie als leitende Kuratorin zahlreiche Ausstellungen verantwortete und die Rolle von Modellen und Dioramen in Wissenskommunikation und Wissenschaftsgeschichte erforschte. Sie hat Neuere Geschichte, Ethnologie und Politikwissenschaft an den Universit\u00e4ten Heidelberg und Albuquerque, New Mexico studiert sowie ein wissenschaftliches Volontariat an den Reiss-Engelhorn-Museen in Mannheim absolviert.<br \/><br \/><br \/><img loading=\"lazy\" decoding=\"async\" class=\"\" title=\"\" src=\"https:\/\/www.zib.de\/groetschel\/Meine-Galerie\/img\/MartinGroetschel081204-2.jpg\" alt=\"MartinGroetschel081204-2.jpg\" width=\"347\" height=\"231\" border=\"0\" \/><\/p>\n\n\n\n<p><strong>Prof. Martin Gr\u00f6tschel<\/strong> war bis 2020 Pr\u00e4sident der Berlin-Brandenburgischen Akademie der Wissenschaften. Er hat sich seit den fr\u00fchen 1990er Jahren (neben seiner Mathematikprofessur an der TU Berlin und Vizepr\u00e4sidentschaft am ZIB) mit elektronischer Information und Kommunikation besch\u00e4ftigt. Er war erster Sprecher der IUK-Initiative der wissenschaftlichen Fachgesellschaften, Leiter des KOBV-Projekts und hat an der BBAW die TELOTA-Initiative gegr\u00fcndet. Sein besonderes Engagement galt der Umsetzung von Open Access und Open Science, dazu hat er u. a. in der DMV, der IMU, der Berliner AG Open-Access-Strategie und im Verhandlungsteam der DEAL-Initiative mitgewirkt.<\/p>\n<p>&nbsp;<\/p>\n<p><img loading=\"lazy\" decoding=\"async\" class=\"wp-image-884\" src=\"https:\/\/blogs.fu-berlin.de\/open-research-berlin\/files\/2022\/03\/csm_ariane_jessulat_foto_david_winnerstam_69dd5c3900.jpg\" alt=\"\" width=\"248\" height=\"248\" srcset=\"https:\/\/blogs.fu-berlin.de\/open-research-berlin\/files\/2022\/03\/csm_ariane_jessulat_foto_david_winnerstam_69dd5c3900.jpg 631w, https:\/\/blogs.fu-berlin.de\/open-research-berlin\/files\/2022\/03\/csm_ariane_jessulat_foto_david_winnerstam_69dd5c3900-300x300.jpg 300w, https:\/\/blogs.fu-berlin.de\/open-research-berlin\/files\/2022\/03\/csm_ariane_jessulat_foto_david_winnerstam_69dd5c3900-150x150.jpg 150w\" sizes=\"auto, (max-width: 248px) 85vw, 248px\" \/><br \/><br \/><strong>Prof. Dr. Ariane Je\u00dfulat<\/strong> ist erste Vizepr\u00e4sidentin der Universit\u00e4t der K\u00fcnste und Open-Access-Beauftragte der UdK. Seit Sommer 2015 hat sie die Professur f\u00fcr Musiktheorie am Institut f\u00fcr Musikwissenschaft, Musiktheorie, Komposition und Musik\u00fcbertragung der UdK inne. Sie forscht und ver\u00f6ffentlicht zu Fragen der Musiktheorie, zur Musik Richard Wagners und zur Musik nach 1950. <br \/><br \/><\/p>\n<p><img loading=\"lazy\" decoding=\"async\" id=\"sb-player\" class=\"\" src=\"https:\/\/www.uni-potsdam.de\/fileadmin\/projects\/praesidialbereich\/migrated_contents\/Kost%C3%A4dt_01_230x280.jpg\" width=\"245\" height=\"298\" \/><\/p>\n<p><strong>Dr. Peter Kost\u00e4dt<\/strong> ist \u00a0<a href=\"https:\/\/www.uni-potsdam.de\/de\/cio\/\" target=\"_blank\" rel=\"noopener noreferrer\">Chief Information Officer<\/a> der Universit\u00e4t Potsdam. Er verantwortet seit 2019 die Open-Access-Aktivit\u00e4ten der Universit\u00e4t, die durch zahlreiche Drittmittelprojekte der Universit\u00e4tsbibliothek ihre Kompetenzen und Angebote in den letzten 20 Jahren kontinuierlich ausgebaut hat. Im Publikationsjahr 2022 lag die Open-Access-Quote der Universit\u00e4t Potsdam bei 79 %. Dar\u00fcber hinaus hat er gemeinsam mit der Vizepr\u00e4sidentin f\u00fcr Forschung, wissenschaftliche Qualifizierungsphase und Chancengleichheit die Erarbeitung der 2023 verabschiedeten <a href=\"https:\/\/www.uni-potsdam.de\/openscience\/\">Open-Science-Leitlinien<\/a> der Universit\u00e4t Potsdam koordiniert.<br \/><br \/><\/p>\n<p><img loading=\"lazy\" decoding=\"async\" class=\"image-richtext image-right lazyloaded\" title=\"heinz_pampel.webp\" src=\"https:\/\/www.ibi.hu-berlin.de\/de\/forschung\/infomanagement\/teaminfomanagement\/heinz_pampel-1.webp\/@@images\/225cd077-32a8-48d8-b049-06a87a2e0114.jpeg\" alt=\"heinz_pampel.webp\" width=\"247\" height=\"329\" data-linktype=\"image\" data-scale=\"preview\" data-val=\"0448eb497d56478cb75174541388eab6\" data-src=\"https:\/\/www.ibi.hu-berlin.de\/de\/forschung\/infomanagement\/teaminfomanagement\/heinz_pampel-1.webp\/@@images\/225cd077-32a8-48d8-b049-06a87a2e0114.jpeg\" \/><br \/><br \/><strong>Prof. Dr. Heinz Pampel <\/strong>besch\u00e4ftigt sich als Professor f\u00fcr <a href=\"https:\/\/www.ibi.hu-berlin.de\/de\/forschung\/infomanagement\">Information Management<\/a> am Institut f\u00fcr Bibliotheks- und Informationswissenschaft an der Humboldt-Universit\u00e4t zu Berlin in Forschung, Lehre und Transfer mit dem Thema Open Science. Ein Schwerpunkt seiner Arbeit liegt auf dem Thema Open Access. Dar\u00fcber hinaus ist er als Consultant f\u00fcr das Helmholtz Open Science Office der Helmholtz-Gemeinschaft t\u00e4tig. Er ist in einer Vielzahl von Initiativen und Projekten rund um Open Science aktiv.<\/p>\n<p>&nbsp;<\/p>\n","protected":false},"excerpt":{"rendered":"<p>Hybride Podiumsdiskussion zum Stand von Open Access 20 Jahre nach der Berliner Erkl\u00e4rung<\/p>\n","protected":false},"author":6379,"featured_media":0,"comment_status":"open","ping_status":"open","sticky":false,"template":"","format":"standard","meta":{"footnotes":""},"categories":[419,575663],"tags":[79,552,1273,84044,446057,447174,449000,575642,575643,575644],"class_list":["post-1604","post","type-post","status-publish","format-standard","hentry","category-veranstaltungshinweise","category-openbbb","tag-berlin","tag-open-access","tag-brandenburg","tag-open-science","tag-open-research","tag-landesinitiative-open-research-berlin","tag-quo-vadis","tag-berlin-declaration","tag-open-access-strategie-berlin","tag-open-research-strategie-berlin"],"_links":{"self":[{"href":"https:\/\/blogs.fu-berlin.de\/open-research-berlin\/wp-json\/wp\/v2\/posts\/1604","targetHints":{"allow":["GET"]}}],"collection":[{"href":"https:\/\/blogs.fu-berlin.de\/open-research-berlin\/wp-json\/wp\/v2\/posts"}],"about":[{"href":"https:\/\/blogs.fu-berlin.de\/open-research-berlin\/wp-json\/wp\/v2\/types\/post"}],"author":[{"embeddable":true,"href":"https:\/\/blogs.fu-berlin.de\/open-research-berlin\/wp-json\/wp\/v2\/users\/6379"}],"replies":[{"embeddable":true,"href":"https:\/\/blogs.fu-berlin.de\/open-research-berlin\/wp-json\/wp\/v2\/comments?post=1604"}],"version-history":[{"count":1,"href":"https:\/\/blogs.fu-berlin.de\/open-research-berlin\/wp-json\/wp\/v2\/posts\/1604\/revisions"}],"predecessor-version":[{"id":3275,"href":"https:\/\/blogs.fu-berlin.de\/open-research-berlin\/wp-json\/wp\/v2\/posts\/1604\/revisions\/3275"}],"wp:attachment":[{"href":"https:\/\/blogs.fu-berlin.de\/open-research-berlin\/wp-json\/wp\/v2\/media?parent=1604"}],"wp:term":[{"taxonomy":"category","embeddable":true,"href":"https:\/\/blogs.fu-berlin.de\/open-research-berlin\/wp-json\/wp\/v2\/categories?post=1604"},{"taxonomy":"post_tag","embeddable":true,"href":"https:\/\/blogs.fu-berlin.de\/open-research-berlin\/wp-json\/wp\/v2\/tags?post=1604"}],"curies":[{"name":"wp","href":"https:\/\/api.w.org\/{rel}","templated":true}]}}