{"id":2452,"date":"2024-02-27T11:54:57","date_gmt":"2024-02-27T10:54:57","guid":{"rendered":"https:\/\/blogs.fu-berlin.de\/open-access-berlin\/?p=2452"},"modified":"2025-06-18T14:57:11","modified_gmt":"2025-06-18T12:57:11","slug":"veranstaltungshinweise-maerz-2024","status":"publish","type":"post","link":"https:\/\/blogs.fu-berlin.de\/open-research-berlin\/2024\/02\/27\/veranstaltungshinweise-maerz-2024\/","title":{"rendered":"Veranstaltungshinweise M\u00e4rz 2024"},"content":{"rendered":"<p><!--more--><\/p>\n<!-- \/wp:post-content -->\n\n<!-- wp:preformatted -->\n<pre>Anmerkung zu dieser Rubrik: Das OABB erstellt monatlich eine \u00dcbersicht \u00fcber Termine und Veranstaltungen zu Open Access und Open Research in Berlin bzw. an Berliner Einrichtungen. Der Fokus liegt dabei auf unseren Partnereinrichtungen und auf Veranstaltungen, die sich an die \u00d6ffentlichkeit richten bzw. die offen sind f\u00fcr Angeh\u00f6rige der Wissenschafts- und Kulturerbeeinrichtungen in Berlin. Wir erg\u00e4nzen diese Liste gerne (Info bitte via <a href=\"mailto:oabb@open-access-berlin.de\">Mail<\/a> an OABB).<\/pre>\n<h2>04. M\u00e4rz: digiS-Workshop: \u201eEinf\u00fchrung in die digitale Erschlie\u00dfung (Metadaten I)\u201c, online<\/h2>\n<!-- \/wp:preformatted -->\n\n<!-- wp:paragraph -->\n<p><em>&#8222;Impulsvortrag mit Q&amp;A zu den <a href=\"https:\/\/www.digis-berlin.de\/wissenswertes\/digis-metadaten-electure\" target=\"_blank\" rel=\"noopener\">eLectures \u201eGrundlagen der digitalen Erschlie\u00dfung\u201c<\/a> mit Marco Klindt. F\u00fcr eine produktive Teilnahme an der Veranstaltung bitten wir darum, vorab die verlinkten eLectures anzusehen. Diese k\u00f6nnen unabh\u00e4ngig voneinander studiert werden und f\u00fchren in verschiedene Bereiche der digitalen Erschlie\u00dfung ein.&#8220;<br \/><\/em>Termin: 04.03.2024, 10:00 bis 12:00, online (Zoom-Meeting) <br \/>Organisiert von: digiS (Forschungs- und Kompetenzzentrum Digitalisierung Berlin)<br \/>[<a href=\"https:\/\/www.digis-berlin.de\/einladung-zum-workshop-einfuehrung-in-die-digitale-erschliessung-metadaten-i\/\">Information<\/a>\/<a href=\"https:\/\/terminplaner6.dfn.de\/en\/b\/d94b487a30bdc3706389f7790c0ee6b9-582426\">Anmeldung<\/a>]<\/p>\n<h2>04. M\u00e4rz: Reforming Academic Career Assessment \u2013 CoARA Working Group, online<\/h2>\n<p><em>&#8222;The Working Group aims to broaden the reflection on academic career assessment, taking into account the full range of work conducted by academics in research, teaching and learning, innovation, management\/leadership and service to society. The current activities of the Working Group will be presented, namely the ongoing efforts to map institutional and national initiatives dedicated to reforming academic career assessment. This info session will also include a reflection from different organisations on their reform processes.&#8220;<\/em><br \/>Termin: 04.04.2024, 13:00 bis 14:10 Uhr<br \/>Organisiert von: Coalition for Advancing Research Assessment (CoARA) und European University Association (EUA)<br \/>[<a href=\"https:\/\/eua.eu\/events\/311-reforming-academic-career-assessment-%E2%80%93-coara-working-group.html\">Information<\/a>]<\/p>\n<h2>06. bis 08. M\u00e4rz: #OERcamp: Treffen der deutschsprachigen OER-Community, Hamburg<\/h2>\n<p><em>&#8222;Das OERcamp ist seit 2012 das Treffen der deutschsprachigen Community rund um Open Educational Resources (OER) und digitale, offene, zeitgem\u00e4\u00dfe Bildung. Hier treffen sich sowohl die \u201ealten Hasen\u201c als auch Newbies und Quereinsteiger*innen. (Rund die H\u00e4lfte der Teilnehmenden bei jedem OERcamp ist zum ersten Mal dabei.)&#8220;<br \/><\/em>Termin: 06.-08.03.2024, Berufliche Schule f\u00fcr Medien und Kommunikation, Eulenkamp 46, 22049 Hamburg<br \/>Organisiert von: Agentur J&amp;K \u2013 J\u00f6ran und Konsorten, unter der Schirmherrschaft der deutschen UNESCO-Kommission, gef\u00f6rdert vom BMBF<br \/>[<a href=\"https:\/\/www.oercamp.de\/24\/\">Information<\/a>\/<a href=\"https:\/\/oercamp.de\/24\/anmeldung\">Anmeldung<\/a>]<\/p>\n<h2>07. M\u00e4rz: Europeana Public Domain Day 2024, online<\/h2>\n<p><em>&#8222;Do you work in a GLAM organisation? Are you curious about how you can open up your public domain collections to become part of the international, ever-growing openGLAM movement? Then join this Public Domain Day event, hosted by meemoo and organised by various partner organisations including the Europeana Foundation and the Europeana Network Association.&#8220;<br \/><\/em>Termin: 07.03.2024, 09:00 bis 18:30 Uhr, online und vor Ort in Br\u00fcssel<br \/>Organisiert von: meemoo\/Europeana Network<br \/>[<a href=\"https:\/\/pro.europeana.eu\/event\/public-domain-day-2024\">Information<\/a>\/<a href=\"https:\/\/meemoo.be\/en\/training-and-events\/public-domain-day-2024\">Anmeldung<\/a>]<\/p>\n<h2>11. M\u00e4rz: Science Tracking, Pr\u00e4sentation des Ausschusses Wissenschaftliche Bibliotheken und Informationssysteme (AWBI) der DFG, online<\/h2>\n<p><em>&#8222;Die Arbeitsgruppe des Ausschuss f\u00fcr Wissenschaftliche Bibliotheken und Informationssysteme (AWBI) der Deutschen Forschungsgemeinschaft (DFG) stellt [&#8230;] die abschlie\u00dfenden Ergebnisse ihrer Arbeit vor. [&#8230;] Der Arbeitsgruppe geh\u00f6rten an: Robert Altschaffel, Michael Beurskens, Jana Dittmann, Wolfram Horstmann, Stefan Kiltz, Gerhard Lauer, Bernhard Mittermaier, Judith Ludwig, Hildegard Sch\u00e4ffler, Gerald Spindler und Katrin Stump. Zentrale Aspekte des Webinars werden, neben einer kurzen technischen Einf\u00fchrung, die rechtliche und bibliothekspolitische Bewertung von Science Tracking sein, sowie dessen Einordnung hinsichtlich der abgeschlossenen DEAL-Vertr\u00e4ge.&#8220;<br \/><\/em>Termin: 11.03.2024, 15:00 bis 17:00 Uhr, online<br \/>Organisiert von: Arbeitsgruppe des Ausschusses f\u00fcr Wissenschaftliche Bibliotheken und Informationssysteme (AWBI) der Deutschen Forschungsgemeinschaft (DFG)<br \/>[<a href=\"https:\/\/metadaten.community\/t\/science-tracking-webinar\/232\">Information<\/a>]<\/p>\n<h2>15. M\u00e4rz: digiS-Infotag zum F\u00f6rderprograms zur Digitalisierung von Objekten des kulturellen Erbes Berlin, online<\/h2>\n<p><em>&#8222;Vorbehaltlich der zur Verf\u00fcgung stehenden Haushaltsmittel k\u00f6nnen sich Berliner Kulturerbeeinrichtungen (Archive, Bibliotheken, Museen, Gedenkst\u00e4tten etc.) erneut f\u00fcr das Jahr 2025 um Projektmittel f\u00fcr die Digitalisierung im Rahmen des \u201cF\u00f6rderprogramms zur Digitalisierung von Objekten des kulturellen Erbes Berlin\u201d bewerben. F\u00fcr interessierte Antragsteller:innen bieten wir dieses Jahr wieder einen Online-Informationstag zur Ausschreibung des n\u00e4chsten F\u00f6rderprogramms 2025 an.&#8220;<br \/><\/em>Termin: 15.03.2024, ab 10:00 Uhr, online<br \/>Organisiert von: digiS (Forschungs- und Kompetenzzentrum Digitalisierung Berlin)<br \/>[<a href=\"https:\/\/www.digis-berlin.de\/digis\/veranstaltungen\/infotag\/\">Information<\/a>\/<a href=\"https:\/\/terminplaner6.dfn.de\/en\/b\/2d2bf7f1bc8a29765c20f22c36d1ce02-575732\">Anmeldung<\/a>]<\/p>\n<h2>18. M\u00e4rz, Social Media \u2013 was geht? Kultureinrichtungen und ihr Engagement in den Sozialen Netzwerken, online<\/h2>\n<p><em>&#8222;In diesem Online-Seminar stellen wir uns die Frage, wen wir \u00fcber welche Kan\u00e4le mit welchen Inhalten erreichen k\u00f6nnen. Es wird darum gehen, die Gewohnheiten des digitalen Publikums in den digitalen R\u00e4umen kennenzulernen, in denen sie sich gerne aufhalten. Das Seminar behandelt unterschiedliche Kan\u00e4le und stellt Kampagnen bzw. Aktionen als Good Practice vor. Am Ende werden eigene \u00dcbungen f\u00fcr Postings angeleitet. Es geht darum, einen ersten \u00dcberblick zu erhalten und Ideen f\u00fcr die eigene Social Media Pr\u00e4senz auszutauschen.&#8220;<\/em><br \/>Termin: 18.03.2024, 10:00 bis 12:30 Uhr, online<br \/>Organisiert von: Pausanio Akademie<br \/>[<a href=\"https:\/\/pausanio.com\/seminare\/social-media\/\">Information<\/a>]<\/p>\n<h2>20. M\u00e4rz, Workshop: PID f\u00fcr Open-Access-Publikationsdienste und Forschungsinformationssysteme, online<\/h2>\n<p><em>&#8222;Persistente Identifikatoren (PIDs) spielen eine wichtige Rolle bei der eindeutigen Identifizierung von Publikationen und Forschungsinformationen. Das DFG-gef\u00f6rderte Projekt \u201cPID Network Deutschland\u201d bietet eine Austauschplattform zur Diskussion von PIDs, deren (m\u00f6gliche) Nutzung, Verbreitung, Bedarfe, Defizite und Herausforderungen im deutschsprachigen Raum, sowie deren Verbesserung. Der Workshop widmet sich der Herausforderung von Praktiken der PIDs f\u00fcr und in Open-Access-Publikationsdiensten und Forschungsinformationssystemen (FIS).&#8220;<\/em><br \/>Termin: 20.03.2024, 08:45 bis 16:00 Uhr, online sowie an der Uni Bielefeld<br \/>Organisiert von: PID Network Deutschland<br \/>[<a href=\"https:\/\/events.hifis.net\/event\/1210\/\">Information<\/a>]<\/p>\n<h2>25. und 26. M\u00e4rz, Museum Digital Summit, online<\/h2>\n<p><em>&#8222;The ever-changing nature of digital can mean that it\u2019s hard for museums to know where to focus their energy for the best results. How can your museum stay up-to-date with the latest technology, strategies and tools? Where can you learn from those who seem to be doing everything right? The Museum Digital Summit 2024 brings together museums from around the world to share the insight and stories behind inspiring and transformational digital projects. Our virtual format makes it easy and affordable for you to bring the latest ideas from the digital side of museums to your team.&#8220;<br \/><\/em>Termin: 25. bis 26.03.2024, online<br \/>Organisiert von: MuseumNext<br \/>[<a href=\"https:\/\/www.museumnext.com\/events\/museum-digital-summit\/\">Information<\/a>]<\/p>\n<p>&nbsp;<\/p>\n<ul>\n<li>weiter zu April 2024 [folgt in K\u00fcrze]<\/li>\n<\/ul>","protected":false},"excerpt":{"rendered":"<p>+++ digiS-Workshops +++ #OERcamp +++ Public Domain Day +++ Science Tracking +++ Social Media f\u00fcr Kultureinrichtungen +++ PID-Workshop +++ <\/p>\n<p>Ausgew\u00e4hlte Veranstaltungen im Berliner Raum und online zu Open Research in Wissenschaft und Kulturerbe<\/p>\n","protected":false},"author":6379,"featured_media":0,"comment_status":"open","ping_status":"open","sticky":false,"template":"","format":"standard","meta":{"footnotes":""},"categories":[419],"tags":[],"class_list":["post-2452","post","type-post","status-publish","format-standard","hentry","category-veranstaltungshinweise"],"_links":{"self":[{"href":"https:\/\/blogs.fu-berlin.de\/open-research-berlin\/wp-json\/wp\/v2\/posts\/2452","targetHints":{"allow":["GET"]}}],"collection":[{"href":"https:\/\/blogs.fu-berlin.de\/open-research-berlin\/wp-json\/wp\/v2\/posts"}],"about":[{"href":"https:\/\/blogs.fu-berlin.de\/open-research-berlin\/wp-json\/wp\/v2\/types\/post"}],"author":[{"embeddable":true,"href":"https:\/\/blogs.fu-berlin.de\/open-research-berlin\/wp-json\/wp\/v2\/users\/6379"}],"replies":[{"embeddable":true,"href":"https:\/\/blogs.fu-berlin.de\/open-research-berlin\/wp-json\/wp\/v2\/comments?post=2452"}],"version-history":[{"count":1,"href":"https:\/\/blogs.fu-berlin.de\/open-research-berlin\/wp-json\/wp\/v2\/posts\/2452\/revisions"}],"predecessor-version":[{"id":3253,"href":"https:\/\/blogs.fu-berlin.de\/open-research-berlin\/wp-json\/wp\/v2\/posts\/2452\/revisions\/3253"}],"wp:attachment":[{"href":"https:\/\/blogs.fu-berlin.de\/open-research-berlin\/wp-json\/wp\/v2\/media?parent=2452"}],"wp:term":[{"taxonomy":"category","embeddable":true,"href":"https:\/\/blogs.fu-berlin.de\/open-research-berlin\/wp-json\/wp\/v2\/categories?post=2452"},{"taxonomy":"post_tag","embeddable":true,"href":"https:\/\/blogs.fu-berlin.de\/open-research-berlin\/wp-json\/wp\/v2\/tags?post=2452"}],"curies":[{"name":"wp","href":"https:\/\/api.w.org\/{rel}","templated":true}]}}