{"id":3483,"date":"2025-10-09T12:12:03","date_gmt":"2025-10-09T10:12:03","guid":{"rendered":"https:\/\/blogs.fu-berlin.de\/open-research-berlin\/?p=3483"},"modified":"2025-10-09T12:12:03","modified_gmt":"2025-10-09T10:12:03","slug":"quo-vadis-offene-wissenschaft-berlin-brandenburg-2025-26","status":"publish","type":"post","link":"https:\/\/blogs.fu-berlin.de\/open-research-berlin\/2025\/10\/09\/quo-vadis-offene-wissenschaft-berlin-brandenburg-2025-26\/","title":{"rendered":"Quo vadis Offene Wissenschaft in Berlin und Brandenburg: Programm f\u00fcr die Saison 2025\/26"},"content":{"rendered":"<p><a href=\"https:\/\/blogs.fu-berlin.de\/open-research-berlin\/files\/2025\/10\/quovadis2526.png\"><img loading=\"lazy\" decoding=\"async\" class=\"alignnone size-wcstandard wp-image-3535\" src=\"https:\/\/blogs.fu-berlin.de\/open-research-berlin\/files\/2025\/10\/quovadis2526-550x429.png\" alt=\"\" width=\"550\" height=\"429\" srcset=\"https:\/\/blogs.fu-berlin.de\/open-research-berlin\/files\/2025\/10\/quovadis2526-550x429.png 550w, https:\/\/blogs.fu-berlin.de\/open-research-berlin\/files\/2025\/10\/quovadis2526-300x234.png 300w, https:\/\/blogs.fu-berlin.de\/open-research-berlin\/files\/2025\/10\/quovadis2526-768x599.png 768w, https:\/\/blogs.fu-berlin.de\/open-research-berlin\/files\/2025\/10\/quovadis2526-250x195.png 250w, https:\/\/blogs.fu-berlin.de\/open-research-berlin\/files\/2025\/10\/quovadis2526-800x624.png 800w, https:\/\/blogs.fu-berlin.de\/open-research-berlin\/files\/2025\/10\/quovadis2526-231x180.png 231w, https:\/\/blogs.fu-berlin.de\/open-research-berlin\/files\/2025\/10\/quovadis2526-384x300.png 384w, https:\/\/blogs.fu-berlin.de\/open-research-berlin\/files\/2025\/10\/quovadis2526-641x500.png 641w, https:\/\/blogs.fu-berlin.de\/open-research-berlin\/files\/2025\/10\/quovadis2526.png 820w\" sizes=\"auto, (max-width: 550px) 85vw, 550px\" \/><\/a><\/p>\r\n<p>Die Reihe\u00a0<strong>Quo vadis offene Wissenschaft Berlin\/Brandenburg<\/strong> wird auch in der Saison 2025\/26 fortgesetzt. Wie gewohnt beginnt die Reihe im Oktober im Rahmen der International Open Access Week und l\u00e4uft bis ins Fr\u00fchjahr 2026 hinein. Die Planungen laufen. Nachfolgend gibt es einen ersten vorl\u00e4ufigen \u00dcberblick zum Programm. Die \u00dcbersicht wird fortlaufend aktualisiert (Stand:\u00a0 9.10.2025). <!--more--><\/p>\r\n<h2>Oktober 2025 \u2013 Kooperationen f\u00fcr offene Publikationen<\/h2>\r\n<p>Termin:\u00a0<a href=\"https:\/\/open-access-brandenburg.de\/events\/open-access-2025-kooperationen-fuer-offene-publikationen-quo-vadis-2025\/\" target=\"_blank\" rel=\"noopener\">20. Oktober 2025<\/a>, 14:00\u201315:30 Uhr<\/p>\r\n<p>Die Anmeldung zur Veranstaltung ist hier m\u00f6glich:\u00a0<a href=\"https:\/\/hu-berlin.zoom-x.de\/webinar\/register\/WN_uFh3kEBfSGKT3Epzqbus4A\" target=\"_blank\" rel=\"noopener\">Link<\/a><\/p>\r\n<p><i>Auftaktveranstaltung in der Reihe\u00a0<\/i><strong>\u201eQuo vadis offene Wissenschaft in Berlin und Brandenburg\u201c f\u00fcr das Jahr 2025\/2026<\/strong><\/p>\r\n<p>Zum Start der internationalen Open Access Week 2025 geht die Reihe \u201cQuo vadis offene Wissenschaft in Berlin und Brandenburg 2025\/26\u201d in ihre f\u00fcnfte Runde.\u00a0Zum Auftakt werden in einer virtuellen Podiumsdiskussion Stand und Perspektive von Open Access diskutiert und die Einbettung des Themas in Open Science thematisiert.<\/p>\r\n<p>Die Teilnehmenden der\u00a0Podiumsdiskussion sind:<\/p>\r\n<ul>\r\n<li>Dr. Dagmar Meyer, European Research Council (ERC) Executive Agency (ERCEA)<\/li>\r\n<li>Dr. Bernhard Mittermaier, Forschungszentrum J\u00fclich, Zentralbibliothek<\/li>\r\n<li>Prof. Dr. Heinz Pampel, Humboldt-Universit\u00e4t zu Berlin &amp; Helmholtz-Gemeinschaft (Moderation)<\/li>\r\n<li>Dr. Torsten Reimer, University of Chicago, Library<\/li>\r\n<li>N. N.<\/li>\r\n<\/ul>\r\n<p>Die Diskussion wird vom Lehrstuhl\u00a0<a href=\"https:\/\/www.ibi.hu-berlin.de\/de\/forschung\/infomanagement\" target=\"_blank\" rel=\"noopener\">Information Management<\/a>\u00a0des Instituts f\u00fcr Bibliotheks- und Informationswissenschaft (IBI) der Humboldt-Universit\u00e4t zu Berlin ausgerichtet.<\/p>\r\n<h2>November 2025 \u2013 Open Collections \u2013 Spezial- und Kultursammlungen digital zug\u00e4nglich machen<b><br \/><\/b><\/h2>\r\n<p>Termin:\u00a0<a href=\"https:\/\/open-access-brandenburg.de\/events\/open-collections-spezial-und-kultursammlungen-digital-zugaenglich-machen-quo-vadis-2025-2\/\" target=\"_blank\" rel=\"noopener\">13. November 2025<\/a><\/p>\r\n<p>Veranstalter: Arbeitsgemeinschaft der Spezialbibliotheken (<a href=\"https:\/\/aspb.de\/\">ASpB<\/a>) &amp; Berliner Arbeitskreis Information (<a href=\"https:\/\/bak-information.de\/\">BAK<\/a>)<\/p>\r\n<p>Offene Sammlungen in Bibliotheken, Archiven und Museen sind ein zentraler Bestandteil offener Wissenschaft. Sie erm\u00f6glichen Forschung, Bildung, Citizen Science und kulturelle Teilhabe. Die Veranstaltung widmet sich der Frage, wie physische Sammlungen digital und frei zug\u00e4nglich gemacht werden \u2013 und unter welchen Bedingungen dies gelingt.<\/p>\r\n<p>Im Mittelpunkt steht eine virtuelle Podiumsdiskussion mit Praxisbeispielen: Was gab den Ansto\u00df zur \u00d6ffnung? Welche technischen, rechtlichen oder organisatorischen Voraussetzungen mussten geschaffen werden? Welche Plattformen (z.\u202fB. DDBstudio) wurden genutzt? Welche Herausforderungen gab es \u2013 und wie wurden sie bew\u00e4ltigt? Und nicht zuletzt: Wie sehen Einrichtungen die Zukunft ihrer offenen Sammlungen?<\/p>\r\n<p>Die Veranstaltung richtet sich an alle, die in Spezialbibliotheken, Archiven oder Museen mit Sammlungsaufbau, -erschlie\u00dfung und -zugang befasst sind.<\/p>\r\n<p>Weitere Informationen folgen in K\u00fcrze.<\/p>\r\n<p>F\u00fcr das Panel haben bisher zugesagt:<\/p>\r\n<ul>\r\n<li>Martin Villinger vom Deutsch-Franz\u00f6sischen Institut (dfi) in Ludwigsburg<\/li>\r\n<li>Rita Gudermann vom Leibniz-Institut f\u00fcr Raumbezogene Sozialforschung (IRS) in Erkner<\/li>\r\n<\/ul>\r\n<p>Angefragt sind:<\/p>\r\n<ul>\r\n<li>Hans-Dieter N\u00e4gelke von der TU Berlin f\u00fcr die Moderation<\/li>\r\n<li>Berlin-Brandenburgische Akademie der Wissenschaften\u00a0<\/li>\r\n<li>Deutsche Kinemathek<\/li>\r\n<\/ul>\r\n<h2>Dezember 2025 \u2013 tba<\/h2>\r\n<p>Im Dezember wird sich der Kooperative Bibliotheksverbund Berlin-Brandenburg (KOBV) mit dem Themenkomplex Desinformation und K\u00fcnstliche Intelligenz befassen. Genauere Angaben folgen.\u00a0<\/p>\r\n<h2>Januar 2026 \u2013 tba<\/h2>\r\n<p>Im Januar 2026 wird die Vernetzungs- und Kompetenzstelle Open Access Brandenburg der Frage der Wirksamkeit von Open-Access-Policies nachgehen. Die Veranstaltung wird an den f\u00fcr Open-Access-Tage 2025 geplanten Workshop\u00a0<a href=\"https:\/\/www.conftool.org\/oat2025\/index.php?page=browseSessions&amp;form_session=188#paperID138\" target=\"_blank\" rel=\"noopener\">Effektive Open-Access-Strategien \u2013 aber wie?<\/a>\u00a0anschlie\u00dfen und Erfahrungen und Einsichten aus diesem Workshop vertiefen.\u00a0<\/p>\r\n<h2>Februar 2026 \u2013 tba<\/h2>\r\n<p>F\u00fcr den Februar ist eine Veranstaltung zur Nutzungsmessung in Open Access und zur Aussagekraft von Zugriffsstatistiken geplant. Weitere Informationen folgen.<\/p>\r\n<h2>M\u00e4rz 2026 \u2013 Wie sollte eine faire Finanzierung von Open Access aussehen?<\/h2>\r\n<p>Termin:\u00a0<a href=\"https:\/\/open-access-brandenburg.de\/events\/wie-sollte-eine-faire-finanzierung-von-open-access-aussehen-quo-vadis-2025-26\/\" target=\"_blank\" rel=\"noopener\">12. M\u00e4rz 2026<\/a>, 14-16 Uhr<\/p>\r\n<p>Veranstalter:\u00a0<a href=\"https:\/\/www.open-research-berlin.de\/\">Open Research Office Berlin \u2013 Landeskoordinierungsstelle f\u00fcr offene Wissenschaft in Berlin\u00a0<\/a><\/p>\r\n<p><a href=\"https:\/\/fu-berlin.webex.com\/weblink\/register\/rfe796eae19f0f977e4d1c1130990b90a\"><b>Anmeldung via Webex<\/b><\/a><\/p>\r\n<p>Wissenschaftliches Publizieren im Open Access (OA) wird heute von den kommerziellen Zielen einer sehr kleinen Anzahl von umsatzorientierten, global agierenden Medienkonzernen dominiert (<a href=\"https:\/\/library.oapen.org\/handle\/20.500.12657\/99339?show=full\">Gatti et al. 2025, 14<\/a>).\u00a0Im Mai 2023 erkl\u00e4rte der<a href=\"https:\/\/www.consilium.europa.eu\/en\/press\/press-releases\/2023\/05\/23\/council-calls-for-transparent-equitable-and-open-access-to-scholarly-publications\/#:~:text=Today%20the%20Council%20has%20adopted,publishing%20research%20involving%20public%20funds.\">\u00a0Rat der Europ\u00e4ischen Kommission<\/a>, dass das aktuelle System des wissenschaftlichen Publizierens f\u00fcr \u00f6ffentliche Forschungsf\u00f6rderer zunehmend unbezahlbar wird. Die steigenden Kosten haben global die Forderung nach einem Wechsel zu nicht gewinnorientierten Publikationsmodellen gest\u00e4rkt, siehe<a href=\"https:\/\/www.unesco.org\/en\/articles\/announcing-global-diamond-open-access-alliance\">\u00a0UNESCO Diamond Open Access Alliance<\/a>, 2024.<\/p>\r\n<p>Immer st\u00e4rker etablieren sich Forderungen, Diamond Open Access (DOA) Publikationsmodelle im Bereich des wissenschaftlichen Publizierens zu finanzieren, um das aktuelle System zu transformieren und die Abh\u00e4ngigkeit der Wissenschaft vom kommerziellen Verlagswesen zu verringern. Die ab 2025 von der DFG gef\u00f6rderte<a href=\"https:\/\/diamond-open-access.de\/\">\u00a0Servicestelle Diamond Open Access (SeDOA)<\/a>\u00a0unterst\u00fctzt diesen Ansatz. Zudem betont die Nationale Akademie der Wissenschaften Leopoldina die Skalierbarkeit von nicht gewinnorientierten OA-Publikationsmodellen als entscheidender Faktor f\u00fcr eine erfolgreiche Transformation, da Wissenschaftseinrichtungen mit wenigen Medienkonzernen auf dem Publikationsmarkt konkurrieren (Nationale Akademie der Wissenschaften Leopoldina 2025, 34). Entsprechende Finanzierungsstrukturen k\u00f6nnen die Implementierung offener Infrastrukturen und damit die gesamte Open-Research-Transformation positiv beeinflussen.<\/p>\r\n<p>F\u00fcr den Forschungsraum Berlin-Brandenburg ist das faire und nachhaltige Finanzieren von\u00a0 Open Access ein dr\u00e4ngendes Thema (<a href=\"https:\/\/doi.org\/10.21428\/986c5d43.9ea9c299\">Neufend et al. 2024<\/a>), das aufgrund der Unsicherheiten in der Finanzierung von Wissenschafts- und Kulturerbe-Einrichtungen alle Einrichtungstypen unterschiedlich betrifft. In dieser Veranstaltung m\u00f6chten wir mit Akteur*innen ins Gespr\u00e4ch kommen, die bereits eine nachhaltige, faire und kollektive Finanzierung von Open Access unterst\u00fctzen und erm\u00f6glichen.<\/p>\r\n<p>Auf dem virtuellen Podium m\u00f6chten wir entlang folgender Fragen diskutieren:<\/p>\r\n<ul>\r\n<li>Ist das nicht gewinnorientierte Publizieren kosteng\u00fcnstiger als kommerzielle APC- und BPC-Modelle?<\/li>\r\n<li>Welches Verst\u00e4ndnis von\u00a0<i>Fairness\u00a0<\/i>ist ma\u00dfgeblich f\u00fcr faires OA?<\/li>\r\n<li>Was ist der Wert und was sind die Kosten des nicht gewinnorientierten Publizierens und wie k\u00f6nnen entsprechende Ressourcen bereitgestellt werden?<\/li>\r\n<li>Wie k\u00f6nnen einzelne Akteure im Forschungs\u00f6kosystem nicht gewinnorientiertes Publizieren unterst\u00fctzen?<\/li>\r\n<li>Was sind notwendige Finanzierungsstrukturen, die nicht gewinnorientiertes Publizieren nach fairen Prinzipien erm\u00f6glichen?<\/li>\r\n<li>Was l\u00e4sst sich aus einer kritischen Reflektion bisheriger gro\u00dfangelegter Transformationsvertr\u00e4ge und den daraus entstandenen Kriterien lernen?<\/li>\r\n<li>Was sind die Alternativen zu solchen gro\u00dfangelegten, kommerziellen Ans\u00e4tzen im wissenschaftlichen Publizieren?<\/li>\r\n<\/ul>\r\n<pre>Zur Veranstaltungsreihe im Jahr 2024\/2025 erschien eine Zusammenfassung von Lea Satzinger in der Zeitschrift b.i.t.-online (28 (2025) Nr. 3). Der Text ist hier als PDF abrufbar:\u00a0<a href=\"https:\/\/www.b-i-t-online.de\/heft\/2025-03-reportage-satzinger.pdf\" target=\"_blank\" rel=\"noopener\">\u201eQuo vadis offene Wissenschaft in Berlin und Brandenburg\u201c Bericht \u00fcber die vierte Runde der Veranstaltungsreihe im Rahmen der International Open Access Week 2024\/25<\/a>.<\/pre>\r\n<p><em>Dies ist ein <a href=\"https:\/\/open-access-brandenburg.de\/quo-vadis-offene-wissenschaft-berlin-brandenburg-2025-2026\/\">Crosspost<\/a> vom Blog der Vernetzungs- und Kompetenzstelle Open Access Brandenburg (VuK) mit dem Stand vom 09.10.2025.<\/em><\/p>\r\n<h2>Die Veranstaltungsreihe wird gemeinsam ausgerichtet von<\/h2>\r\n<p><img loading=\"lazy\" decoding=\"async\" class=\"wp-image-532 alignleft\" src=\"https:\/\/blogs.fu-berlin.de\/open-research-berlin\/files\/2021\/11\/VuK_extended_BN-3-1024x354.png\" alt=\"\" width=\"241\" height=\"83\" srcset=\"https:\/\/blogs.fu-berlin.de\/open-research-berlin\/files\/2021\/11\/VuK_extended_BN-3-1024x354.png 1024w, https:\/\/blogs.fu-berlin.de\/open-research-berlin\/files\/2021\/11\/VuK_extended_BN-3-300x104.png 300w, https:\/\/blogs.fu-berlin.de\/open-research-berlin\/files\/2021\/11\/VuK_extended_BN-3-768x265.png 768w, https:\/\/blogs.fu-berlin.de\/open-research-berlin\/files\/2021\/11\/VuK_extended_BN-3-1536x531.png 1536w, https:\/\/blogs.fu-berlin.de\/open-research-berlin\/files\/2021\/11\/VuK_extended_BN-3-2048x708.png 2048w, https:\/\/blogs.fu-berlin.de\/open-research-berlin\/files\/2021\/11\/VuK_extended_BN-3-1200x415.png 1200w\" sizes=\"auto, (max-width: 241px) 85vw, 241px\" \/><a href=\"https:\/\/blogs.fu-berlin.de\/open-research-berlin\/files\/2025\/07\/orob_logo_RGB.png\"><img loading=\"lazy\" decoding=\"async\" class=\"wp-image-3391 alignleft\" src=\"https:\/\/blogs.fu-berlin.de\/open-research-berlin\/files\/2025\/07\/orob_logo_RGB-550x154.png\" alt=\"\" width=\"282\" height=\"79\" srcset=\"https:\/\/blogs.fu-berlin.de\/open-research-berlin\/files\/2025\/07\/orob_logo_RGB-550x154.png 550w, https:\/\/blogs.fu-berlin.de\/open-research-berlin\/files\/2025\/07\/orob_logo_RGB-300x84.png 300w, https:\/\/blogs.fu-berlin.de\/open-research-berlin\/files\/2025\/07\/orob_logo_RGB-768x215.png 768w, https:\/\/blogs.fu-berlin.de\/open-research-berlin\/files\/2025\/07\/orob_logo_RGB-250x70.png 250w, https:\/\/blogs.fu-berlin.de\/open-research-berlin\/files\/2025\/07\/orob_logo_RGB-800x224.png 800w, https:\/\/blogs.fu-berlin.de\/open-research-berlin\/files\/2025\/07\/orob_logo_RGB-644x180.png 644w, https:\/\/blogs.fu-berlin.de\/open-research-berlin\/files\/2025\/07\/orob_logo_RGB.png 976w\" sizes=\"auto, (max-width: 282px) 85vw, 282px\" \/><\/a><\/p>\r\n<p><img loading=\"lazy\" decoding=\"async\" class=\"wp-image-2716 alignleft\" src=\"https:\/\/blogs.fu-berlin.de\/open-research-berlin\/files\/2024\/08\/digiS_2018-300x149.jpg\" alt=\"\" width=\"151\" height=\"75\" srcset=\"https:\/\/blogs.fu-berlin.de\/open-research-berlin\/files\/2024\/08\/digiS_2018-300x149.jpg 300w, https:\/\/blogs.fu-berlin.de\/open-research-berlin\/files\/2024\/08\/digiS_2018-768x381.jpg 768w, https:\/\/blogs.fu-berlin.de\/open-research-berlin\/files\/2024\/08\/digiS_2018.jpg 969w\" sizes=\"auto, (max-width: 151px) 85vw, 151px\" \/>\u00a0 <img loading=\"lazy\" decoding=\"async\" class=\"wp-image-30 alignleft\" src=\"https:\/\/blogs.fu-berlin.de\/open-research-berlin\/files\/2021\/08\/TH-Wildau-Logo_rgb-1024x408.png\" alt=\"\" width=\"166\" height=\"66\" srcset=\"https:\/\/blogs.fu-berlin.de\/open-research-berlin\/files\/2021\/08\/TH-Wildau-Logo_rgb-1024x408.png 1024w, https:\/\/blogs.fu-berlin.de\/open-research-berlin\/files\/2021\/08\/TH-Wildau-Logo_rgb-300x120.png 300w, https:\/\/blogs.fu-berlin.de\/open-research-berlin\/files\/2021\/08\/TH-Wildau-Logo_rgb-768x306.png 768w, https:\/\/blogs.fu-berlin.de\/open-research-berlin\/files\/2021\/08\/TH-Wildau-Logo_rgb-1536x612.png 1536w, https:\/\/blogs.fu-berlin.de\/open-research-berlin\/files\/2021\/08\/TH-Wildau-Logo_rgb-2048x817.png 2048w, https:\/\/blogs.fu-berlin.de\/open-research-berlin\/files\/2021\/08\/TH-Wildau-Logo_rgb-1200x478.png 1200w\" sizes=\"auto, (max-width: 166px) 85vw, 166px\" \/> \ufffc<\/p>\r\n<p><img loading=\"lazy\" decoding=\"async\" class=\"wp-image-135 alignleft\" src=\"https:\/\/blogs.fu-berlin.de\/open-research-berlin\/files\/2021\/09\/bak-Logo-2018.png\" alt=\"\" width=\"185\" height=\"74\" srcset=\"https:\/\/blogs.fu-berlin.de\/open-research-berlin\/files\/2021\/09\/bak-Logo-2018.png 340w, https:\/\/blogs.fu-berlin.de\/open-research-berlin\/files\/2021\/09\/bak-Logo-2018-300x120.png 300w\" sizes=\"auto, (max-width: 185px) 85vw, 185px\" \/><\/p>\r\n<div class=\"wp-block-columns\"><!-- \/wp:post-content -->\r\n\r\n<!-- wp:column -->\r\n<div class=\"wp-block-column\"><!-- wp:image {\"align\":\"center\",\"id\":135,\"width\":142,\"height\":56,\"sizeSlug\":\"large\",\"className\":\"is-style-default\"} \/-->\r\n\r\n<!-- wp:paragraph \/--><\/div>\r\n<!-- \/wp:column -->\r\n\r\n<!-- wp:column -->\r\n<div class=\"wp-block-column\"><!-- wp:image {\"id\":1660,\"sizeSlug\":\"full\",\"linkDestination\":\"none\"} -->\r\n<figure class=\"wp-block-image size-full\"><img loading=\"lazy\" decoding=\"async\" width=\"150\" height=\"55\" class=\"wp-image-1660 alignleft\" src=\"https:\/\/blogs.fu-berlin.de\/open-research-berlin\/files\/2023\/05\/Helmholtz_Submarke_OS_CMYK_kompakt_150px.jpg\" alt=\"\" \/><\/figure>\r\n\u00a0\u00a0<\/div>\r\n<\/div><!-- \/wp:image --><!-- \/wp:column -->\r\n\r\n<!-- wp:column -->\r\n<div class=\"wp-block-column\"><!-- wp:group -->\r\n<div class=\"wp-block-group\"><!-- wp:image {\"id\":1593,\"sizeSlug\":\"full\",\"linkDestination\":\"none\",\"className\":\"is-style-default\"} -->\r\n<figure class=\"wp-block-image size-full is-style-default\"><img loading=\"lazy\" decoding=\"async\" class=\"wp-image-1593 alignleft\" src=\"https:\/\/blogs.fu-berlin.de\/open-research-berlin\/files\/2023\/05\/hu-logo-e1683874241169.jpg\" alt=\"\" width=\"221\" height=\"221\" \/><\/figure>\r\n\u00a0<\/div>\r\n<\/div>\r\n<\/div>\r\n<div class=\"wp-block-columns\">\r\n<div class=\"wp-block-column\">\r\n<figure class=\"wp-block-image size-large is-resized is-style-default\"><img loading=\"lazy\" decoding=\"async\" class=\"wp-image-253 alignleft\" src=\"https:\/\/blogs.fu-berlin.de\/open-research-berlin\/files\/2021\/09\/ASPB-Logo-CMYK-1-1024x242.jpg\" alt=\"\" width=\"225\" height=\"53\" srcset=\"https:\/\/blogs.fu-berlin.de\/open-research-berlin\/files\/2021\/09\/ASPB-Logo-CMYK-1-1024x242.jpg 1024w, https:\/\/blogs.fu-berlin.de\/open-research-berlin\/files\/2021\/09\/ASPB-Logo-CMYK-1-300x71.jpg 300w, https:\/\/blogs.fu-berlin.de\/open-research-berlin\/files\/2021\/09\/ASPB-Logo-CMYK-1-768x182.jpg 768w, https:\/\/blogs.fu-berlin.de\/open-research-berlin\/files\/2021\/09\/ASPB-Logo-CMYK-1-1200x284.jpg 1200w, https:\/\/blogs.fu-berlin.de\/open-research-berlin\/files\/2021\/09\/ASPB-Logo-CMYK-1.jpg 1242w\" sizes=\"auto, (max-width: 225px) 85vw, 225px\" \/><\/figure>\r\n\u00a0 <!-- \/wp:image --><\/div>\r\n<!-- \/wp:group -->\r\n\r\n<!-- wp:column -->\r\n<div class=\"wp-block-column\"><!-- wp:image {\"id\":1660,\"sizeSlug\":\"full\",\"linkDestination\":\"none\"} -->\r\n<figure class=\"wp-block-image size-full\"><img loading=\"lazy\" decoding=\"async\" width=\"150\" height=\"55\" class=\"wp-image-1660 alignleft\" src=\"https:\/\/blogs.fu-berlin.de\/open-research-berlin\/files\/2023\/05\/Helmholtz_Submarke_OS_CMYK_kompakt_150px.jpg\" alt=\"\" \/><\/figure>\r\n\u00a0\u00a0<\/div>\r\n<\/div><!-- \/wp:post-content -->","protected":false},"excerpt":{"rendered":"<p>Die Reihe\u00a0Quo vadis offene Wissenschaft Berlin\/Brandenburg wird auch in der Saison 2025\/26 fortgesetzt. Wie gewohnt beginnt die Reihe im Oktober im Rahmen der International Open Access Week und l\u00e4uft bis ins Fr\u00fchjahr 2026 hinein. Die Planungen laufen. Nachfolgend gibt es einen ersten vorl\u00e4ufigen \u00dcberblick zum Programm. Die \u00dcbersicht wird fortlaufend aktualisiert (Stand:\u00a0 9.10.2025).<\/p>\n","protected":false},"author":7740,"featured_media":0,"comment_status":"open","ping_status":"open","sticky":false,"template":"","format":"standard","meta":{"footnotes":""},"categories":[9,419],"tags":[449000],"class_list":["post-3483","post","type-post","status-publish","format-standard","hentry","category-allgemein","category-veranstaltungshinweise","tag-quo-vadis"],"_links":{"self":[{"href":"https:\/\/blogs.fu-berlin.de\/open-research-berlin\/wp-json\/wp\/v2\/posts\/3483","targetHints":{"allow":["GET"]}}],"collection":[{"href":"https:\/\/blogs.fu-berlin.de\/open-research-berlin\/wp-json\/wp\/v2\/posts"}],"about":[{"href":"https:\/\/blogs.fu-berlin.de\/open-research-berlin\/wp-json\/wp\/v2\/types\/post"}],"author":[{"embeddable":true,"href":"https:\/\/blogs.fu-berlin.de\/open-research-berlin\/wp-json\/wp\/v2\/users\/7740"}],"replies":[{"embeddable":true,"href":"https:\/\/blogs.fu-berlin.de\/open-research-berlin\/wp-json\/wp\/v2\/comments?post=3483"}],"version-history":[{"count":26,"href":"https:\/\/blogs.fu-berlin.de\/open-research-berlin\/wp-json\/wp\/v2\/posts\/3483\/revisions"}],"predecessor-version":[{"id":3547,"href":"https:\/\/blogs.fu-berlin.de\/open-research-berlin\/wp-json\/wp\/v2\/posts\/3483\/revisions\/3547"}],"wp:attachment":[{"href":"https:\/\/blogs.fu-berlin.de\/open-research-berlin\/wp-json\/wp\/v2\/media?parent=3483"}],"wp:term":[{"taxonomy":"category","embeddable":true,"href":"https:\/\/blogs.fu-berlin.de\/open-research-berlin\/wp-json\/wp\/v2\/categories?post=3483"},{"taxonomy":"post_tag","embeddable":true,"href":"https:\/\/blogs.fu-berlin.de\/open-research-berlin\/wp-json\/wp\/v2\/tags?post=3483"}],"curies":[{"name":"wp","href":"https:\/\/api.w.org\/{rel}","templated":true}]}}