{"id":3606,"date":"2025-10-17T15:17:58","date_gmt":"2025-10-17T13:17:58","guid":{"rendered":"https:\/\/blogs.fu-berlin.de\/open-research-berlin\/?p=3606"},"modified":"2025-11-04T10:38:14","modified_gmt":"2025-11-04T09:38:14","slug":"orob-jena-2025","status":"publish","type":"post","link":"https:\/\/blogs.fu-berlin.de\/open-research-berlin\/2025\/10\/17\/orob-jena-2025\/","title":{"rendered":"\u201eOpen Access, Reputation und Bewertungskrise in der Wissenschaft\u201c: Das OROB auf Konferenzreise in Jena (13.\/14.11.2025)"},"content":{"rendered":"<p>Mitte November folgen Maike Neufend und Georg Fischer vom Open Research Office Berlin einer Einladung nach Jena: Dort nehmen sie an einer gemeinsamen Konferenz des SFBs \u201eStrukturwandel des Eigentums\u201c und der Th\u00fcringer Universit\u00e4ts- und Landesbibliothek Jena (ThULB) teil und stellen die Perspektive der Landeskoordinierungsstelle auf die Reputationsfrage vor. Der Titel der Konferenz lautet \u201eOpen Access, Reputation und Bewertungskrise in der Wissenschaft \u2013 Wie kann die Analyse von Fachkulturen zu einer Neuausrichtung beitragen?\u201c. Das Programm ist ver\u00f6ffentlicht und die Anmeldung ab sofort ge\u00f6ffnet.<\/p>\n<figure id=\"attachment_3610\" aria-describedby=\"caption-attachment-3610\" style=\"width: 550px\" class=\"wp-caption alignnone\"><a href=\"https:\/\/blogs.fu-berlin.de\/open-research-berlin\/files\/2025\/10\/1024px-ThULB_2011.jpg\"><img loading=\"lazy\" decoding=\"async\" class=\"wp-image-3610 size-wcstandard\" src=\"https:\/\/blogs.fu-berlin.de\/open-research-berlin\/files\/2025\/10\/1024px-ThULB_2011-550x367.jpg\" alt=\"\" width=\"550\" height=\"367\" srcset=\"https:\/\/blogs.fu-berlin.de\/open-research-berlin\/files\/2025\/10\/1024px-ThULB_2011-550x367.jpg 550w, https:\/\/blogs.fu-berlin.de\/open-research-berlin\/files\/2025\/10\/1024px-ThULB_2011-300x200.jpg 300w, https:\/\/blogs.fu-berlin.de\/open-research-berlin\/files\/2025\/10\/1024px-ThULB_2011-768x512.jpg 768w, https:\/\/blogs.fu-berlin.de\/open-research-berlin\/files\/2025\/10\/1024px-ThULB_2011-250x167.jpg 250w, https:\/\/blogs.fu-berlin.de\/open-research-berlin\/files\/2025\/10\/1024px-ThULB_2011-800x534.jpg 800w, https:\/\/blogs.fu-berlin.de\/open-research-berlin\/files\/2025\/10\/1024px-ThULB_2011-270x180.jpg 270w, https:\/\/blogs.fu-berlin.de\/open-research-berlin\/files\/2025\/10\/1024px-ThULB_2011-450x300.jpg 450w, https:\/\/blogs.fu-berlin.de\/open-research-berlin\/files\/2025\/10\/1024px-ThULB_2011-750x500.jpg 750w, https:\/\/blogs.fu-berlin.de\/open-research-berlin\/files\/2025\/10\/1024px-ThULB_2011.jpg 1024w\" sizes=\"auto, (max-width: 550px) 85vw, 550px\" \/><\/a><figcaption id=\"caption-attachment-3610\" class=\"wp-caption-text\">Das Geb\u00e4ude der ThULB aus der Vogelperspektive. <a href=\"https:\/\/commons.wikimedia.org\/wiki\/File:ThULB_2011.jpg\">Tomukas &#8211; Thomas Holbach<\/a>, <a href=\"https:\/\/creativecommons.org\/licenses\/by-sa\/3.0\">CC BY-SA 3.0<\/a>, via Wikimedia Commons<\/figcaption><\/figure>\n<p><!--more--><\/p>\n<div id=\"c6833\" class=\"gridcontent grid-openclose grid-layout-4 grid-frame-default \">\n<div id=\"collapseAll-6833\" class=\"collapse show\">\n<div id=\"c6833-1\" class=\"grid-column grid-column-1\">\n<div id=\"c6844\" class=\"frame frame-default frame-type-text frame-layout-0\">\n<p>Aus der offiziellen Konferenz-Ank\u00fcndigung der ThULB:<\/p>\n<\/div>\n<\/div>\n<\/div>\n<\/div>\n<div id=\"c6832\" class=\"frame frame-default frame-type-text frame-layout-0 frame-space-before-medium\">\n<div id=\"c6833\" class=\"gridcontent grid-openclose grid-layout-4 grid-frame-default \">\n<div id=\"collapseAll-6833\" class=\"collapse show\">\n<div id=\"c6833-1\" class=\"grid-column grid-column-1\">\n<div id=\"c6844\" class=\"frame frame-default frame-type-text frame-layout-0\">\n<p>Die <a href=\"https:\/\/www.thulb.uni-jena.de\/en\/services\/forschung-\/-lehre\/open-access-\/-elektronisches-publizieren\/oa-tagung\">erste Jenaer Open-Access-Tagung (2023)<\/a> war dem Zusammenhang von Open Access und Fachkulturen gewidmet. Im Zentrum stand die Frage, inwiefern genuines Open Access in den verschiedenen F\u00e4chern m\u00f6glich und \u00fcblicher wird. Ein wichtiger Aspekt ist dabei der Aufbau wissenschaftlicher Reputation, dem Publikationsstrategien ma\u00dfgeblich dienen und der ebenfalls durch Fachkulturen bestimmt ist. Wie l\u00e4sst sich \u201eReputation\u201c in den einzelnen F\u00e4chern begreifen? Wo ist sie eher an klassisch-geschlossene, wo an offene Publikationsformate gekn\u00fcpft? Wie wird sie aufgebaut, was sind ihre Formen und Funktionen, wie verh\u00e4lt sie sich zur Bewertung wissenschaftlicher Leistungen? Und wie ver\u00e4ndert sich dieser Zusammenhang im Zeitalter digitaler Wissenschaft? Diese Fragen sollen in den Fokus unserer zweiten Tagung r\u00fccken. Wir befinden uns damit mitten in der aktuellen Debatte um Stellenwert, Krise und Zukunft von Leistungsbewertung in der Wissenschaft.<\/p>\n<p>In den vergangenen Jahren gab es etliche Vorst\u00f6\u00dfe f\u00fcr eine\u00a0Reform der Forschungsbewertung, von der <i>San Francisco Declaration on Research Assessment<\/i> (DORA, 2012) \u00fcber das <i>Leiden Manifesto for Research Metrics<\/i> (2015) bis zur <i>Coalition for Advancing Research Assessment<\/i> (CoARA, seit 2022). Diese Initiativen zielen darauf, zu qualitativ-inhaltlich ausgerichteten Bewertungen zur\u00fcckzukehren; sie fordern eine gr\u00f6\u00dfere Transparenz von Bewertungsverfahren, erweiterte Bewertungskriterien und die Ber\u00fccksichtigung fachspezifischer Forschungs- und Publikationspraktiken. Viele dieser Praktiken haben sich ihrerseits im Zuge der digitalen Transformation der Wissenschaft dynamisch entwickelt. Zu nennen sind etwa der Trend zu Open Science (von Preprints und geteilten Daten bis zu Open Review), eine weitere Metrifizierung der Forschungsbewertung (bis hin zum mutma\u00dflich messbaren sozialen und \u00f6konomischen \u201aImpact\u2018 von Forschung), schlie\u00dflich automatisierte und KI-basierte Metastudien und -analysen sowie KI-Anteile in Texterstellung und -begutachtung.<\/p>\n<p>Diese ambivalenten Trends verdienen eine eingehende Diskussion, zumal die vorhandenen Analysen und Reformans\u00e4tze oft nicht systematisch zwischen Fachkulturen differenzieren. Grundlegend ist eine schizophrene Lage in der deutschen Wissenschaft zu diskutieren: Forschungsfinanzierung und Karriereperspektiven fu\u00dfen auf einem Bewertungssystem, das trotz vielfacher Kritik an seinen destabilisierenden Effekten aufrechterhalten wird. Problematisch ist dabei nicht allein, wie bewertet wird, sondern auch, dass die sogenannte \u201eForschungsbewertung\u201c einen so hohen Stellenwert in der wissenschaftlichen Praxis einnimmt.<\/p>\n<p>Diese Befunde und Annahmen f\u00fchren uns zu folgenden Leitfragen f\u00fcr die Tagung:<\/p>\n<ul>\n<li style=\"list-style-type: none\">\n<ul>\n<li>Wo lassen die zunehmend offenen Grundlagen und Formate der Forschungsbewertung \u00c4nderungen zu, die den Inhalten besser gerecht werden und wissenschaftssch\u00e4digende Effekte reduzieren?<\/li>\n<li>Welche Verbesserungen und Reformen lassen sich allgemein fordern, wo m\u00fcssen fachspezifische Standards den Ausschlag geben?<\/li>\n<li>Wo f\u00fchren der Begriff und die Hyperbolik von Forschungsbewertung selbst in die Irre?<\/li>\n<\/ul>\n<\/li>\n<\/ul>\n<\/div>\n<\/div>\n<\/div>\n<\/div>\n<div id=\"c6832\" class=\"frame frame-default frame-type-text frame-layout-0 frame-space-before-medium\">\n<header>\n<h3 class=\"\">Anmeldung<\/h3>\n<\/header>\n<p>Die Tagung ist kostenfrei, eine Anmeldung ist erforderlich. Bitte nutzen Sie diese E-Mail-Adresse: <a title=\"mailto:anmeldung.sfb-eigentum@uni-jena.de\" href=\"https:\/\/www.thulb.uni-jena.de\/services\/forschung-\/-lehre\/open-access-\/-elektronisches-publizieren\/oa-tagung-1#\" target=\"_blank\" rel=\"noopener\" data-mailto-token=\"ocknvq,cpognfwpi0uhd\/gkigpvwoBwpk\/lgpc0fg\" data-mailto-vector=\"2\"><u>anmeldung.sfb-eigentum[at]uni-jena.de<\/u><\/a>. Geben Sie bitte Ihren Namen, Ihre Einrichtung und Ihre E-Mail-Adresse an. Sie erhalten eine Anmeldebest\u00e4tigung.<\/p>\n<p><strong>Anmeldefrist: 31.10.2025<\/strong><\/p>\n<h3>Programm<\/h3>\n<div id=\"c6837\" class=\"frame frame-default frame-type-text frame-layout-0 frame-space-after-small\">\n<p><strong>Veranstaltet von:<\/strong> <a title=\"weitere Informationen\" href=\"https:\/\/sfb294-eigentum.de\/\" target=\"_blank\" rel=\"noopener noreferrer\">SFB 294 Strukturwandel des Eigentums<\/a> in Kooperation mit der Th\u00fcringer Universit\u00e4ts- und Landesbibliothek (ThULB)<\/p>\n<p><strong>Termin:<\/strong> 13.11. \u2013 14.11.2025<\/p>\n<p><strong>Ort: <\/strong>Bibliothekshauptgeb\u00e4ude der der Th\u00fcringer Universit\u00e4ts- und Landesbibliothek Jena (Bibliotheksplatz 2 | 07743 Jena), <a title=\"zum Vortragsraum\" href=\"https:\/\/my.matterport.com\/show\/?m=t3bnKmPHD6x&amp;sr=-.58%2C-.64&amp;ss=922&amp;tag=j4IRcqm5BSb&amp;pin-pos=19.09%2C-2.95%2C-5.91\" target=\"_blank\" rel=\"noopener noreferrer\">Vortragsraum<\/a><\/p>\n<div id=\"c6835\" class=\"gridcontent grid-openclose grid-layout-4 grid-frame-default \">\n<h2>Donnerstag, 13.11.2025<\/h2>\n<div id=\"collapseAll-6835\" class=\"collapse show\">\n<div id=\"c6835-1\" class=\"grid-column grid-column-1\">\n<div id=\"c6849\" class=\"frame frame-default frame-type-text frame-layout-0\">\n<figure class=\"table\">\n<table class=\"contenttable\">\n<tbody>\n<tr>\n<td><strong>PROGRAMMPUNKT<\/strong><\/td>\n<td><\/td>\n<\/tr>\n<tr>\n<td><strong>13.00 \u2013 13.15<\/strong><\/td>\n<td><strong>Begr\u00fc\u00dfung und Einf\u00fchrung<\/strong><\/td>\n<\/tr>\n<tr>\n<td><\/td>\n<td><\/td>\n<\/tr>\n<tr>\n<td><strong>13.15 \u2013 15.00<\/strong><\/td>\n<td><strong>Panel 1: \u00dcbergreifende Perspektiven\u00a0<\/strong><\/td>\n<\/tr>\n<tr>\n<td>13.15 \u2013 13.40<\/td>\n<td>F\u00e4cher im Wettbewerb \u2013 Disziplin\u00e4re Unterschiede und Kategorien:<\/td>\n<\/tr>\n<tr>\n<td><\/td>\n<td>Frank Meier \/ Universit\u00e4t Bremen<\/td>\n<\/tr>\n<tr>\n<td>13.40 \u2013 14.05<\/td>\n<td>Bibliometrische Methoden zur Leistungsmessung \u2013 M\u00f6glichkeiten und Grenzen<\/td>\n<\/tr>\n<tr>\n<td><\/td>\n<td>Torger M\u00f6ller \/ DZHW Hannover<\/td>\n<\/tr>\n<tr>\n<td>14.05 \u2013 14.30<\/td>\n<td>Generative KI und Bewertung in der Wissenschaft<\/td>\n<\/tr>\n<tr>\n<td><\/td>\n<td>Anne K. Kr\u00fcger \/ Weizenbaum-Institut Berlin<\/td>\n<\/tr>\n<tr>\n<td>14.30 \u2013 15.00<\/td>\n<td>Diskussion<\/td>\n<\/tr>\n<tr>\n<td><\/td>\n<td><\/td>\n<\/tr>\n<tr>\n<td><i>15.00 \u2013 16.30<\/i><\/td>\n<td><i>Kaffeepause<\/i><\/td>\n<\/tr>\n<tr>\n<td><\/td>\n<td><\/td>\n<\/tr>\n<tr>\n<td><strong>16.30 \u2013 18.40<\/strong><\/td>\n<td><strong>Panel 2: Fachspezifische Perspektiven<\/strong><\/td>\n<\/tr>\n<tr>\n<td>16.30 \u2013 16.55<\/td>\n<td>\u201eLieber gut als viel\u201c \u2013 wie Psycholog:innen versuchen, das Problem der Spam-Forschung zu l\u00f6sen<\/td>\n<\/tr>\n<tr>\n<td><\/td>\n<td>Daniel Leising \/ TU Dresden<\/td>\n<\/tr>\n<tr>\n<td>16.55 \u2013 17.20<\/td>\n<td>\u201eLeistungsbewertung\u201c in der Soziologie \u2013 der Stellenwert von Verlagen<\/td>\n<\/tr>\n<tr>\n<td><\/td>\n<td>Ute Volkmann \/ Universit\u00e4t Bremen<\/td>\n<\/tr>\n<tr>\n<td>17.20 \u2013 17.45<\/td>\n<td>Forschungsbewertung in den Naturwissenschaften<\/td>\n<\/tr>\n<tr>\n<td><\/td>\n<td>Thomas Kirchner \/ Universit\u00e4t Halle<\/td>\n<\/tr>\n<tr>\n<td>17.45 \u2013 18.10<\/td>\n<td>Die Macht von Rankings in der \u201eWettbewerbswissenschaft\u201c<\/td>\n<\/tr>\n<tr>\n<td><\/td>\n<td>Theresa Hager und Stephan P\u00fchringer, Universit\u00e4t Linz<\/td>\n<\/tr>\n<tr>\n<td>18.10 \u2013 18.40<\/td>\n<td>Diskussion<\/td>\n<\/tr>\n<\/tbody>\n<\/table>\n<\/figure>\n<\/div>\n<\/div>\n<\/div>\n<\/div>\n<div id=\"c6834\" class=\"gridcontent grid-openclose grid-layout-4 grid-frame-default \">\n<h2>Freitag, 14.11.2025<\/h2>\n<div id=\"collapseAll-6834\" class=\"collapse show\">\n<div id=\"c6834-1\" class=\"grid-column grid-column-1\">\n<div id=\"c6845\" class=\"frame frame-default frame-type-text frame-layout-0\">\n<figure class=\"table\">\n<table class=\"contenttable\">\n<tbody>\n<tr>\n<td><strong>ZEIT<\/strong><\/td>\n<td><strong>PROGRAMMPUNKT<\/strong><\/td>\n<\/tr>\n<tr>\n<td><strong>09.15 \u2013 13.00<\/strong><\/td>\n<td><strong>Panel 3: Wissenschaftsbewertung aus institutioneller Perspektive<\/strong><\/td>\n<\/tr>\n<tr>\n<td>09.15 \u2013 09.40<\/td>\n<td>\u201eEinmal \u00fcber\u2018s Ziel und wieder zur\u00fcck\u201c \u2013 Publizieren mit Impact<\/td>\n<\/tr>\n<tr>\n<td><\/td>\n<td>Tobias Grimm \/ DFG<\/td>\n<\/tr>\n<tr>\n<td>\u00a009.40 \u2013 10.05<\/td>\n<td>\u201eSpricht der Stumme zu dem Tauben?\u201c Die Rolle der Bibliothek bei der Vermittlung alternativer wissenschaftlicher Bewertungssysteme<\/td>\n<\/tr>\n<tr>\n<td><\/td>\n<td>Thomas St\u00e4cker \/ ULB Darmstadt<\/td>\n<\/tr>\n<tr>\n<td>10.05 \u2013 10.30<\/td>\n<td>Ans\u00e4tze einer wertsch\u00e4tzenden Bewertung von Open Research<\/td>\n<\/tr>\n<tr>\n<td><\/td>\n<td>Maike Neufend und Georg Fischer, Open Research Office Berlin<\/td>\n<\/tr>\n<tr>\n<td>10.30 &#8211; 11.00<\/td>\n<td>Diskussion<\/td>\n<\/tr>\n<tr>\n<td><\/td>\n<td><\/td>\n<\/tr>\n<tr>\n<td><i>11.00 &#8211; 11.30<\/i><\/td>\n<td><i>Kaffeepause<\/i><\/td>\n<\/tr>\n<tr>\n<td><\/td>\n<td><\/td>\n<\/tr>\n<tr>\n<td>11.30 \u2013 11.55<\/td>\n<td>Forschungsbewertung reformieren \u2013 Reformprozesse an Hochschulen gestalten<\/td>\n<\/tr>\n<tr>\n<td><\/td>\n<td>Sophia Hohmann \/ Universit\u00e4t Bielefeld<\/td>\n<\/tr>\n<tr>\n<td>11.55 \u2013 12.20<\/td>\n<td>Auf dem Weg zu alternativen Bewertungsdimensionen in der internen F\u00f6rderung: ein Werkstattbericht der Uni Jena<\/td>\n<\/tr>\n<tr>\n<td><\/td>\n<td>Annett Margull und Karoline Oelsner \/ Universit\u00e4t Jena<\/td>\n<\/tr>\n<tr>\n<td>12.20 \u2013 13.00<\/td>\n<td>Schlussdebatte und Verabschiedung<\/td>\n<\/tr>\n<\/tbody>\n<\/table>\n<\/figure>\n<\/div>\n<\/div>\n<\/div>\n<\/div>\n<\/div>\n<\/div>\n<\/div>\n","protected":false},"excerpt":{"rendered":"<p>Mitte November folgen Maike Neufend und Georg Fischer vom Open Research Office Berlin einer Einladung nach Jena: Dort nehmen sie an einer gemeinsamen Konferenz des SFBs \u201eStrukturwandel des Eigentums\u201c und der Th\u00fcringer Universit\u00e4ts- und Landesbibliothek Jena (ThULB) teil und stellen die Perspektive der Landeskoordinierungsstelle auf die Reputationsfrage vor. Der Titel der Konferenz lautet \u201eOpen Access, &hellip; <a href=\"https:\/\/blogs.fu-berlin.de\/open-research-berlin\/2025\/10\/17\/orob-jena-2025\/\" class=\"more-link\"><span class=\"screen-reader-text\">\u201e\u201eOpen Access, Reputation und Bewertungskrise in der Wissenschaft\u201c: Das OROB auf Konferenzreise in Jena (13.\/14.11.2025)\u201c<\/span> weiterlesen<\/a><\/p>\n","protected":false},"author":7740,"featured_media":0,"comment_status":"open","ping_status":"open","sticky":false,"template":"","format":"standard","meta":{"footnotes":""},"categories":[9,486,419],"tags":[575683,586243,586244,586245],"class_list":["post-3606","post","type-post","status-publish","format-standard","hentry","category-allgemein","category-aktuelles","category-veranstaltungshinweise","tag-forschungsbewertung","tag-jena","tag-reputation","tag-thulb"],"_links":{"self":[{"href":"https:\/\/blogs.fu-berlin.de\/open-research-berlin\/wp-json\/wp\/v2\/posts\/3606","targetHints":{"allow":["GET"]}}],"collection":[{"href":"https:\/\/blogs.fu-berlin.de\/open-research-berlin\/wp-json\/wp\/v2\/posts"}],"about":[{"href":"https:\/\/blogs.fu-berlin.de\/open-research-berlin\/wp-json\/wp\/v2\/types\/post"}],"author":[{"embeddable":true,"href":"https:\/\/blogs.fu-berlin.de\/open-research-berlin\/wp-json\/wp\/v2\/users\/7740"}],"replies":[{"embeddable":true,"href":"https:\/\/blogs.fu-berlin.de\/open-research-berlin\/wp-json\/wp\/v2\/comments?post=3606"}],"version-history":[{"count":7,"href":"https:\/\/blogs.fu-berlin.de\/open-research-berlin\/wp-json\/wp\/v2\/posts\/3606\/revisions"}],"predecessor-version":[{"id":3614,"href":"https:\/\/blogs.fu-berlin.de\/open-research-berlin\/wp-json\/wp\/v2\/posts\/3606\/revisions\/3614"}],"wp:attachment":[{"href":"https:\/\/blogs.fu-berlin.de\/open-research-berlin\/wp-json\/wp\/v2\/media?parent=3606"}],"wp:term":[{"taxonomy":"category","embeddable":true,"href":"https:\/\/blogs.fu-berlin.de\/open-research-berlin\/wp-json\/wp\/v2\/categories?post=3606"},{"taxonomy":"post_tag","embeddable":true,"href":"https:\/\/blogs.fu-berlin.de\/open-research-berlin\/wp-json\/wp\/v2\/tags?post=3606"}],"curies":[{"name":"wp","href":"https:\/\/api.w.org\/{rel}","templated":true}]}}