{"id":3751,"date":"2026-01-13T17:32:37","date_gmt":"2026-01-13T16:32:37","guid":{"rendered":"https:\/\/blogs.fu-berlin.de\/open-research-berlin\/?p=3751"},"modified":"2026-03-11T09:18:10","modified_gmt":"2026-03-11T08:18:10","slug":"veranstaltungshinweise-februar-2026","status":"publish","type":"post","link":"https:\/\/blogs.fu-berlin.de\/open-research-berlin\/2026\/01\/13\/veranstaltungshinweise-februar-2026\/","title":{"rendered":"Veranstaltungshinweise Februar 2026"},"content":{"rendered":"<p>Unsere monatliche Rubrik zu aktuellen Veranstaltungen rund um Open Research.<br \/>\n<!--more--><\/p>\n<pre>Anmerkung zu dieser Rubrik: Das Open Research Office Berlin erstellt monatlich eine \u00dcbersicht \u00fcber Termine und Veranstaltungen zu Open Access und Open Research in Berlin bzw. an Berliner Einrichtungen. Der Fokus liegt dabei auf unseren Partnereinrichtungen und auf Veranstaltungen, die sich an die \u00d6ffentlichkeit richten bzw. die offen sind f\u00fcr Angeh\u00f6rige der Wissenschafts- und Kulturerbeeinrichtungen in Berlin. Wir erg\u00e4nzen diese Liste gerne (Info bitte via <a href=\"mailto:oabb@open-access-berlin.de\">Mail<\/a> ans OROB).<\/pre>\n<h3>3. Februar, Virtuelle Diskussionsveranstaltung: Anforderungen an eine kooperative Informationsinfrastruktur f\u00fcr die langfristige Verf\u00fcgbarkeit von Wissenschaftsblogs<\/h3>\n<p><em>Wissenschaftsblogs sind ein wichtiger Bestandteil der wissenschaftlichen Kommunikationskultur. [&#8230;]\u00a0Der Anforderungskatalog basiert auf den Ergebnissen einer qualitativen Interviewstudie, die im Rahmen des Projekts Infra Wiss Blogs mit Wissenschaftsblogger:innen in Deutschland durchgef\u00fchrt wurde. Ziel der Studie war es, die Anforderungen von Wissenschaftsblogger:innen an eine Informationsinfrastruktur, die Wissenschaftsblogs langfristig verf\u00fcgbar und zitierbar macht, zu ermitteln. Der Katalog definiert Anforderungen, die sicherstellen, dass wissenschaftliche Blogs auch langfristig als zitierf\u00e4hige, \u00fcberpr\u00fcfbare und nachhaltige Beitr\u00e4ge zur wissenschaftlichen Kommunikation bestehen k\u00f6nnen.\u00a0Ziel der Veranstaltung ist es, den Katalog gemeinsam mit der Community zu diskutieren und weiterzuentwickeln. Das Feedback der Teilnehmenden wird in eine anschlie\u00dfende \u00dcberarbeitung des Katalogs einflie\u00dfen.<\/em><\/p>\n<ul>\n<li><strong>Termin: <\/strong>03.02.2026, 10:00 bis 12:00 Uhr, online via Zoom<\/li>\n<li><strong>Organisiert von<\/strong>: Lehrstuhl Information Management, Insitut f\u00fcr Bibliotheks- und Informationswissenschaften (IBI), HU Berlin<\/li>\n<li>[<a href=\"https:\/\/hu.berlin\/InfraWissBlogsAnforderungskatalog\">Information und Anmeldung<\/a>]<\/li>\n<\/ul>\n<h3>6. Februar, Understanding Copyright Law for Researchers in Germany: ownership, access and (re)use of works, secondary publication, exceptions and limitations, key takeaways and case examples, online<\/h3>\n<p><em>This workshop is organised for researchers in Germany to strengthen their understanding of ownership, access and (re)use of works, secondary publication, exceptions and limitations, key takeaways and case examples.<\/em><\/p>\n<p><em>Online-Veranstaltung im Rahmen der Copyright Awareness Campaign der Europ\u00e4ischen Kommission mit der Referentin \u00a0Prof. Dr. Anne Lauber-R\u00f6nsberg (<a href=\"https:\/\/tu-dresden.de\/gsw\/phil\/irget\/jfbimd13\/die-professur\/prof-dr-anne-lauber-roensberg\">TU Dresden<\/a>).\u00a0<\/em><\/p>\n<ul>\n<li><strong>Termin: <\/strong>06.02.2026, 10:00 bis 12:00 Uhr, online via Zoom<\/li>\n<li><strong>Organisiert von<\/strong>: Europ\u00e4ische Kommission<\/li>\n<li>[<a href=\"https:\/\/digital-strategy.ec.europa.eu\/en\/events\/understanding-copyright-law-researchers-germany\">Information<\/a> und <a href=\"https:\/\/us06web.zoom.us\/meeting\/register\/JNiNUqwgSTGO4wcWs_2WUQ#\/registration\">Anmeldung<\/a>]<\/li>\n<\/ul>\n<h3>10. Februar, HERMES Open Colloquium mit Dr. Katja Sternitzke (Staatsbibliothek zu Berlin \/ NFDI4Culture): Institutionelle Resilienz f\u00fcr Kulturerbe im digitalen Raum, online<\/h3>\n<p><em>Der Vortrag m\u00f6chte der Frage nachgehen, wie eine Integration einer passenden Digitalisierungsstrategie und eines ad\u00e4quaten Datenmanagements in ein holistisches Risikomanagement helfen k\u00f6nnen, Kulturerbe- und Ged\u00e4chtnisinstitutionen auch digital resilienter zu machen und dadurch irreversible Verluste des physischen kulturellen Erbes zu minimieren.<\/em><\/p>\n<ul>\n<li><strong>Termin: <\/strong>10.02.2026, 18:00 bis 19:30 Uhr, online via Zoom<\/li>\n<li><strong>Organisiert von<\/strong>: BMBF-gef\u00f6rdertes Verbundprojekt HERMES \u2013 Humanities Education in Research, Data, and Methods; Vortragende Dr. Katja Sternitzke (Staatsbibliothek zu Berlin \/ NFDI4Culture)<\/li>\n<li>[<a href=\"https:\/\/hermes-hub.de\/aktuelles\/events\/opencolloquium-institutionelle-resilienz-2026-02-10.html\">Information und Anmeldung<\/a>]<\/li>\n<\/ul>\n<h3>9.-13. Februar, Love Data Week, vielerorts + online<\/h3>\n<p><em>Die Love Data Week (LDW) ist eine internationale Aktionswoche rund um die Themen Forschungsdaten und Forschungsdatenmanagement. Unter dem Motto &#8222;Where&#8217;s the Data?&#8220; wird die Datenliebe 2026 weltweit vom 09. \u2013 13. Februar mit zahlreichen Veranstaltungen zu unterschiedlichsten Themen zelebriert. Die FDM-Initiativen im deutschsprachigen Raum m\u00f6chten mit einer breiten Beteiligung an der Love Data Week mehr Aufmerksamkeit f\u00fcr das Thema Forschungsdatenmanagement erregen.\u00a0Zelebrieren Sie mit uns die Datenliebe &#8211; bei Veranstaltungen vor Ort oder online!\u00a0#FDMPower #LoveData26<\/em><\/p>\n<ul>\n<li><strong>Termin: <\/strong>09. bis 13.02.2026, \u00fcberwiegend online \/ hybrid<\/li>\n<li><strong>Organisiert von<\/strong>: zahlreiche Einrichtungen und Initiativen<\/li>\n<li>[<a href=\"https:\/\/forschungsdaten.info\/fdm-im-deutschsprachigen-raum\/love-data-week-2026\/\">Information<\/a>]<\/li>\n<\/ul>\n<h3>11. Februar, FDM@BUA Online-Veranstaltung: Forschungsdatenmanagement in Verb\u00fcnden und Forschungsgruppen aktiv und nachhaltig gestalten: Das RETAIN-Fellowship-Programm, online<\/h3>\n<p><em>Im Rahmen der CARDS Gespr\u00e4chsreihe \u201cFDM@BUA\u201d stellt Ren\u00e9 Bernard, Coordinator for Value and Open Science im Exzellenzcluster NeuroCure, das verbundweite RETAIN Fellowship Program (Research Data Management Implementation in the Neurosciences) vor. RETAIN verfolgt einen kontextsensitiven Ansatz: Die Entwicklung nachhaltiger FDM-Strukturen wird als ein gef\u00f6rderter Prozess verstanden, der aus dem jeweiligen Forschungsumfeld selbst heraus initiiert, gestaltet und gemeinschaftlich getragen wird.\u00a0Der Input stellt den Aufbau des Programms vor und berichtet \u00fcber Erkenntnisse aus den beiden pilothaften RETAIN-Fellowships in pr\u00e4klinischen und klinischen Forschungsumgebungen. Die Ergebnisse zeigen, unter welchen Bedingungen FDM nicht als zus\u00e4tzliche Belastung, sondern als funktionale Infrastruktur f\u00fcr qualitativ hochwertige, wiederverwendbare Forschungsdaten wirksam wird. Bringen Sie gerne eigene Szenarien und Fragen aus Ihrem Projekt \/ aus Ihrer Forschungsgruppe mit, die wir im Anschluss gemeinsam diskutieren k\u00f6nnen.<\/em><\/p>\n<ul>\n<li><strong>Termin:<\/strong> 11.02.2026, 10:00 bis 11:30 Uhr, online via Webex<\/li>\n<li><strong>Organisiert von: <\/strong>CARDS Gespr\u00e4chsreihe, FDM@BUA; Referent: Ren\u00e9 Bernard (Coordinator for Value and Open Science im Exzellenzcluster NeuroCure)<\/li>\n<li>[<a href=\"https:\/\/www.fu-berlin.de\/sites\/forschungsdatenmanagement\/veranstaltungen\/2026\/2026-02-11-FDMatBUA-FDM-Verbuende-RETAIN-de-RB.html\">Information und Anmeldung<\/a>]<\/li>\n<\/ul>\n<h3>18. Februar, European Rights Retention Community of Practice \u2013 Eighth Meeting, online<\/h3>\n<p><em>This Community of Practice is an online collaborative space designed to bring together professionals to discuss and tackle the challenges around rights retention strategies. [&#8230;] Susanna will discuss the ongoing implementation of a rights retention strategy across Finnish universities, while Marc will set out the current landscape and emerging directions in Germany, previewing rights retention activities starting in 2026 as part of a national open access project.\u00a0<\/em><em>Following the presentations, community members will have the opportunity to share their own experiences, challenges, and insights in an open discussion.<\/em><\/p>\n<ul>\n<li><strong>Termin: <\/strong>18.02.2026, 13:30 Uhr, online<\/li>\n<li><strong>Organisiert von:\u00a0<\/strong>Referent*innen: Susanna Nykyri (Tampere University, Finland) and Marc Lange (Helmholtz Open Science Office, Germany)<\/li>\n<li>[<a href=\"https:\/\/www.knowledgerights21.org\/news-story\/rr-cop-meeting8\/\">Information und Anmeldung<\/a>]<\/li>\n<\/ul>\n<h3>24. Februar, digiS-Veranstaltung: Technische Grundlagen der Digitalisierung, online<\/h3>\n<p><em>Die Veranstaltung basiert auf vorab produzierten Videos (\u201ceLectures\u201d) und ist als interaktive Videokonferenz konzipiert. F\u00fcr die Teilnehmer:innen ist angedacht, sich die eLectures vor dem Workhop anzusehen. Wir behandeln Ihre Vertiefungs-, Verst\u00e4ndnis- und sonstigen Fragen rund ums Thema in einer QA-Session.<\/em><\/p>\n<ul>\n<li><strong>Termin:<\/strong> 24.02.2026, 10:00 bis 13:00 Uhr, online<\/li>\n<li><strong>Organisiert von:<\/strong> digiS; Referent Marco Klindt<\/li>\n<li>[<a href=\"https:\/\/terminplaner6.dfn.de\/en\/b\/2827009c8d06867e8521178ad4cc3d19-1567149\">Anmeldung<\/a> und <a href=\"https:\/\/www.digis-berlin.de\/wissenswertes\/digis-electure-technische-grundlagen-der-digitalisierung\/\">Information<\/a>]<\/li>\n<\/ul>\n<h3>24. Februar, Vom Verlag zur\u00fcck zur Community: R\u00fcckkauf der Titelrechte oder Neugr\u00fcndung?, online<\/h3>\n<p><em>Nach einer Einf\u00fchrung zum Thema Titelrechte durch Bente Steinecke, der Juristin im SeDOA-Projekt, folgen zwei Fallbeispiele:\u00a0Zun\u00e4chst berichtet die Zeitschrift Journal of Service Management Research (SMR) \u00fcber den R\u00fcckkauf der Titelrechte.\u00a0Anschlie\u00dfend stellt die Zeitschrift f\u00fcr mathematische Logik und Grundlagen der Mathematik (ZML) den Prozess ihrer Neugr\u00fcndung vor.<\/em><\/p>\n<ul>\n<li><strong>Termin:<\/strong> 24.02.2026, 10:30 bis 12:00 Uhr, online<\/li>\n<li><strong>Organisiert von<\/strong>: Servicestelle f\u00fcr Diamond Open Access (SeDOA); Moderation: Helene Strau\u00df und Bente Steinecke<\/li>\n<li>[<a href=\"https:\/\/www.zbw.eu\/de\/ueber-uns\/veranstaltungen\/vom-verlag-zurueck-zur-community-rueckkauf-der-titelrechte-oder-neugruendung\">Information und Anmeldung<\/a>]<\/li>\n<\/ul>\n<h3>24. Februar, KI &amp; Recht: Die KI-Verordnung der EU im Kulturalltag, online<\/h3>\n<p><em>In unserer Online-Session [&#8230;] stellt Rechtsanw\u00e4ltin und Wirtschaftsinformatikerin Dr. Lisa K\u00e4de die Grundz\u00fcge des EU AI Acts vor. Ihr erfahrt, wie die Verordnung aufgebaut ist und welche Teile f\u00fcr euren Arbeitsalltag relevant sind. Auf der Basis konkreter Anwendungsf\u00e4lle aus eurem Alltag lernt ihr, welche Ma\u00dfnahmen notwendig sind, um juristisch auf der sicheren Seite zu stehen \u2013 und damit zumeist auch etwas f\u00fcr die Sicherheit eurer Daten und eurer Organisation zu tun. Es geht um KI-Schulungen f\u00fcr die Belegschaft, Auswahlkriterien f\u00fcr KI-Systeme und die Erarbeitung von KI-Richtlinien f\u00fcr eure Organisationen.<\/em><\/p>\n<ul>\n<li><strong>Termin:<\/strong> 24.02.2026, 14:00 bis 16:00 Uhr, online via Big Blue Button<\/li>\n<li><strong>Organisiert von<\/strong>: kulturBdigital; Referentin: Lisa K\u00e4de (JBViniol)<\/li>\n<li>[<a href=\"https:\/\/www.kultur-b-digital.de\/ki-recht-die-ki-verordnung-der-eu-im-kulturalltag\/\">Information und Anmeldung<\/a>]<\/li>\n<\/ul>\n<h3>25. Februar, Open Divide Lectures: Kevin Elliott &#8211; The Promise and Perils of Transparency and Openness, online<\/h3>\n<p><em>This lecture examines the concept of transparency in science, exploring its benefits for innovation, reproducibility, and public trust while addressing its ambiguities, criticisms, and potential paths toward responsible implementation.<\/em><\/p>\n<ul>\n<li><strong>Termin:<\/strong> 25.02.2026, 17:00 Uhr, online via Webex<\/li>\n<li><strong>Organisiert von<\/strong>: Open Divide Online Lecture Series<\/li>\n<li>[<a href=\"https:\/\/opendivide.hypotheses.org\/open-divide-2025-2026-speakers-and-topics\">Information und Anmeldung<\/a>]<\/li>\n<\/ul>\n<h3>26. Februar, Magnifying Open Science: Dashboards, online<\/h3>\n<p><em>In this interactive session, you will take on a role different from your everyday work (for example as Librarian, Researcher, University administrator, or Funder). Together with other participants, you will discuss how \u201cyour\u201d stakeholder group might use dashboards that include Open Science indicators, what questions the dashboards should be able to answer for this group, and which Strengths, Weaknesses, Opportunities, and Threats you see for a dashboard example we provide.<\/em><\/p>\n<ul>\n<li><strong>Termin:<\/strong> 26.02.2026, 14:00 bis 15:30 Uhr, online via Webex<\/li>\n<li><strong>Organisiert von<\/strong>: Open Research Office Berlin, &#8222;Open Science Magnifiers&#8220; (third party project funded by Berlin University Alliance)<\/li>\n<li>[<a href=\"https:\/\/blogs.fu-berlin.de\/open-research-berlin\/2025\/12\/18\/save-the-date-for-online-event-series-magnifying-open-science\/\">Information und Anmeldung<\/a>]<\/li>\n<\/ul>\n<h3>26.\/27. Februar, Copim Conference 2026: What next for community-led open access book publishing?, London + online<\/h3>\n<div><em>With the conference, Copim will bring together many of the people and projects active in equitable, community-driven open access book publishing across the globe. Timed to coincide with the conclusion of the Copim Open Book Futures project in April 2026, this gathering will look forward and ask: what\u2019s next for community-led open access books?\u00a0We\u00a0will be asking essential questions, sharing bold ideas, and forging collaborative strategies for what comes next. Through lively panels and discussions, participants will tackle the most pressing themes for open access books today, with a focus on collective action.\u00a0It\u2019s an opportunity for people across the community-led open access ecosystem to chart the next phase of long-form open access publishing together.<\/em><\/div>\n<div><\/div>\n<div>\n<ul>\n<li><strong>Termin:<\/strong> 26\/27.02.2026, London + online<\/li>\n<li><strong>Organisiert von<\/strong>: COPIM<\/li>\n<li>[<a href=\"https:\/\/copim.pub\/join-us-for-the-copim-conference-2026-exploring-the-future-of-community-led-open-access-books\/\">Information und Anmeldung<\/a>]<\/li>\n<\/ul>\n<\/div>\n<div><\/div>\n<p>weiter zu <a href=\"https:\/\/blogs.fu-berlin.de\/open-research-berlin\/2026\/02\/23\/veranstaltungshinweise-maerz-2026\/\">M\u00e4rz 2026<\/a><\/p>\n","protected":false},"excerpt":{"rendered":"<p>Unsere monatliche Rubrik zu aktuellen Veranstaltungen rund um Open Research.<\/p>\n","protected":false},"author":7740,"featured_media":0,"comment_status":"open","ping_status":"open","sticky":false,"template":"","format":"standard","meta":{"footnotes":""},"categories":[9,419],"tags":[],"class_list":["post-3751","post","type-post","status-publish","format-standard","hentry","category-allgemein","category-veranstaltungshinweise"],"_links":{"self":[{"href":"https:\/\/blogs.fu-berlin.de\/open-research-berlin\/wp-json\/wp\/v2\/posts\/3751","targetHints":{"allow":["GET"]}}],"collection":[{"href":"https:\/\/blogs.fu-berlin.de\/open-research-berlin\/wp-json\/wp\/v2\/posts"}],"about":[{"href":"https:\/\/blogs.fu-berlin.de\/open-research-berlin\/wp-json\/wp\/v2\/types\/post"}],"author":[{"embeddable":true,"href":"https:\/\/blogs.fu-berlin.de\/open-research-berlin\/wp-json\/wp\/v2\/users\/7740"}],"replies":[{"embeddable":true,"href":"https:\/\/blogs.fu-berlin.de\/open-research-berlin\/wp-json\/wp\/v2\/comments?post=3751"}],"version-history":[{"count":17,"href":"https:\/\/blogs.fu-berlin.de\/open-research-berlin\/wp-json\/wp\/v2\/posts\/3751\/revisions"}],"predecessor-version":[{"id":3938,"href":"https:\/\/blogs.fu-berlin.de\/open-research-berlin\/wp-json\/wp\/v2\/posts\/3751\/revisions\/3938"}],"wp:attachment":[{"href":"https:\/\/blogs.fu-berlin.de\/open-research-berlin\/wp-json\/wp\/v2\/media?parent=3751"}],"wp:term":[{"taxonomy":"category","embeddable":true,"href":"https:\/\/blogs.fu-berlin.de\/open-research-berlin\/wp-json\/wp\/v2\/categories?post=3751"},{"taxonomy":"post_tag","embeddable":true,"href":"https:\/\/blogs.fu-berlin.de\/open-research-berlin\/wp-json\/wp\/v2\/tags?post=3751"}],"curies":[{"name":"wp","href":"https:\/\/api.w.org\/{rel}","templated":true}]}}