{"id":393,"date":"2021-11-22T13:01:11","date_gmt":"2021-11-22T12:01:11","guid":{"rendered":"https:\/\/blogs.fu-berlin.de\/open-access-berlin\/?p=393"},"modified":"2025-06-18T14:57:45","modified_gmt":"2025-06-18T12:57:45","slug":"kritische-betrachtung-der-auswirkungen-von-deal-auf-bibliotheken","status":"publish","type":"post","link":"https:\/\/blogs.fu-berlin.de\/open-research-berlin\/2021\/11\/22\/kritische-betrachtung-der-auswirkungen-von-deal-auf-bibliotheken\/","title":{"rendered":"Kritische Betrachtung der Auswirkungen von DEAL auf Bibliotheken"},"content":{"rendered":"\n<h4 class=\"wp-block-heading\">Vortr\u00e4ge mit Diskussion<\/h4>\n\n\n\n<h4 class=\"wp-block-heading\">Dienstag, 7. DEZEMBER 2021, 14-15:30 UHR<\/h4>\n\n\n\n<p>Eine Veranstaltung in der Reihe: <a href=\"https:\/\/blogs.fu-berlin.de\/open-access-berlin\/2021\/09\/09\/quo-vadis-offene-wissenschaft-eine-virtuelle-open-access-woche-fuer-berlin-brandenburg\/\" target=\"_blank\" rel=\"noreferrer noopener\">Quo vadis offene Wissenschaft? Eine virtuelle Open Access Woche f\u00fcr Berlin-Brandenburg<\/a>.<\/p>\n\n\n\n<p>Das Projekt DEAL hat einen entscheidenden Beitrag zur Open-Access-Transformation der letzten Jahre beigesteuert, und Bibliotheken blicken inzwischen auf einen umfangreichen Erfahrungsschatz im Umgang mit den DEAL-Vertr\u00e4gen zur\u00fcck.\u00a0<\/p>\n<p><!--more--><\/p>\n\n\n\n<p>Kurz vor Beendigung des dritten DEAL-Jahres ist es an der Zeit, den Blick auf das Erreichte sowie die Auswirkungen der DEAL-Vertr\u00e4ge auf Bibliotheken zu richten. Die vier Vortragenden geben einen Einblick in die Herausforderungen f\u00fcr die praktische Umsetzung der DEAL-Vertr\u00e4ge in ihren Einrichtungen. Beleuchtet werden dabei u.a. die folgenden Aspekte:<\/p>\n\n\n\n<ul class=\"wp-block-list\">\n<li>Welche neuen Aufgaben entstehen im Zusammenhang mit der Administration der DEAL-Vertr\u00e4ge, und was bedeutet das f\u00fcr die Mitarbeiter*innen?<\/li>\n<li>Inwieweit stehen die f\u00fcr DEAL aufgewandten Sach- und Personalressourcen in Konkurrenz zu den f\u00fcr andere Open-Access-Aktivit\u00e4ten (z.B. Betrieb von Publikationsinfrastrukturen, Umsetzung des \u201egr\u00fcnen Wegs\u201c) zur Verf\u00fcgung stehenden Ressourcen?<\/li>\n<li>Vor welchen finanziellen Herausforderungen stehen publikationsst\u00e4rkere Einrichtungen? Welche Rolle spielen interne Mittel (Umschichtung, Hochschuletat, Hochschulvertr\u00e4ge) und externe F\u00f6rderm\u00f6glichkeiten (DFG)?<\/li>\n<li>Beeinflussen die unterschiedlichen Interessen der beteiligten Akteure (Verlage, Wissenschaftler*innen, Bibliotheken) die Open-Access-Transformation?<\/li>\n<li>Haben die Open-Access-Transformationsvertr\u00e4ge bereits einen Beitrag zum Kulturwandel hin zu einer Kultur der Offenheit in Wissenschaft und Forschung geleistet?<\/li>\n<\/ul>\n\n\n\n<p>Um eine <a href=\"https:\/\/th-wildau.webex.com\/th-wildau\/onstage\/g.php?MTID=ea74fc972d285c731cc0811d65655839b\" target=\"_blank\" rel=\"noreferrer noopener\">Anmeldung <\/a>zur Veranstaltung wird gebeten.<\/p>\n\n\n\n<p><strong>Eine Diskussion mit<\/strong><\/p>\n\n\n\n<div class=\"wp-block-media-text alignwide has-media-on-the-right is-stacked-on-mobile\" style=\"grid-template-columns: auto 41%\">\n<figure class=\"wp-block-media-text__media\"><img loading=\"lazy\" decoding=\"async\" width=\"1024\" height=\"683\" class=\"wp-image-501\" src=\"https:\/\/blogs.fu-berlin.de\/open-research-berlin\/files\/2021\/11\/Foto-Ulrich-Dahl-1024x683.jpg\" alt=\"\" srcset=\"https:\/\/blogs.fu-berlin.de\/open-research-berlin\/files\/2021\/11\/Foto-Ulrich-Dahl-1024x683.jpg 1024w, https:\/\/blogs.fu-berlin.de\/open-research-berlin\/files\/2021\/11\/Foto-Ulrich-Dahl-300x200.jpg 300w, https:\/\/blogs.fu-berlin.de\/open-research-berlin\/files\/2021\/11\/Foto-Ulrich-Dahl-768x513.jpg 768w, https:\/\/blogs.fu-berlin.de\/open-research-berlin\/files\/2021\/11\/Foto-Ulrich-Dahl-1536x1025.jpg 1536w, https:\/\/blogs.fu-berlin.de\/open-research-berlin\/files\/2021\/11\/Foto-Ulrich-Dahl-2048x1367.jpg 2048w, https:\/\/blogs.fu-berlin.de\/open-research-berlin\/files\/2021\/11\/Foto-Ulrich-Dahl-1200x801.jpg 1200w\" sizes=\"auto, (max-width: 709px) 85vw, (max-width: 909px) 67vw, (max-width: 1362px) 62vw, 840px\" \/><\/figure>\n<div class=\"wp-block-media-text__content\">\n<p class=\"has-text-align-center\"><a href=\"https:\/\/www.tu.berlin\/ub\/ueber-uns\/kontakt\/ansprechpartnerinnen\/\" target=\"_blank\" rel=\"noreferrer noopener\">J\u00fcrgen Christof<\/a><\/p>\n\n\n\n<p class=\"has-text-align-center\">Direktor der Universit\u00e4tsbibliothek der Technischen Universit\u00e4t Berlin<br \/><br \/><a href=\"https:\/\/orcid.org\/0000-0001-8642-0425\">https:\/\/orcid.org\/0000-0001-8642-0425<\/a><\/p>\n<\/div>\n<\/div>\n\n\n\n<div class=\"wp-block-media-text alignwide is-stacked-on-mobile\" style=\"grid-template-columns: 27% auto\">\n<figure class=\"wp-block-media-text__media\"><img decoding=\"async\" class=\"wp-image-546\" src=\"https:\/\/blogs.fu-berlin.de\/open-access-berlin\/files\/2021\/11\/Claus-Dalchow-766x1024.jpg\" alt=\"\" \/><\/figure>\n<div class=\"wp-block-media-text__content\">\n<p class=\"has-text-align-center\"><a href=\"https:\/\/www.zalf.de\/de\/ueber_uns\/mitarbeiter\/Seiten\/dalchow_c.aspx\" target=\"_blank\" rel=\"noreferrer noopener\">Dr. Claus Dalchow<\/a><br \/><br \/>Leitung Bibliothek Leibniz-Zentrum f\u00fcr Agrarlandschaftsforschung (ZALF) e. V.<br \/><a href=\"https:\/\/orcid.org\/0000-0002-6797-303X\">https:\/\/orcid.org\/0000-0002-6797-303X<\/a><\/p>\n<\/div>\n<\/div>\n\n\n\n<div class=\"wp-block-media-text alignwide has-media-on-the-right is-stacked-on-mobile is-vertically-aligned-center\" style=\"grid-template-columns: auto 36%\">\n<figure class=\"wp-block-media-text__media\"><img loading=\"lazy\" decoding=\"async\" width=\"179\" height=\"203\" class=\"wp-image-510\" src=\"https:\/\/blogs.fu-berlin.de\/open-research-berlin\/files\/2021\/11\/csm_Jenny_Delasalle_ea3a83c47b.jpg\" alt=\"\" \/><\/figure>\n<div class=\"wp-block-media-text__content\">\n<p class=\"has-text-align-center\"><a href=\"https:\/\/bibliothek.charite.de\/metas\/person\/person\/address_detail\/delasalle\/\" target=\"_blank\" rel=\"noreferrer noopener\">Jenny Delasalle<\/a><\/p>\n\n\n\n<p class=\"has-text-align-center\">Open Access Beauftragte der Charit\u00e9 \u2013 <br \/>Universit\u00e4tsmedizin Berlin<\/p>\n\n\n\n<p class=\"has-text-align-center\"><a href=\"https:\/\/orcid.org\/0000-0002-2241-4525\">https:\/\/orcid.org\/0000-0002-2241-4525<\/a><\/p>\n\n\n\n<p class=\"has-text-align-center\"><br \/><br \/><\/p>\n<\/div>\n<\/div>\n\n\n\n<div class=\"wp-block-media-text alignwide is-stacked-on-mobile\" style=\"grid-template-columns: 39% auto\">\n<figure class=\"wp-block-media-text__media\"><img loading=\"lazy\" decoding=\"async\" width=\"1024\" height=\"713\" class=\"wp-image-503\" src=\"https:\/\/blogs.fu-berlin.de\/open-research-berlin\/files\/2021\/11\/fm-fotomanufaktur-Jennifer-Kordus-1024x713.jpg\" alt=\"\" srcset=\"https:\/\/blogs.fu-berlin.de\/open-research-berlin\/files\/2021\/11\/fm-fotomanufaktur-Jennifer-Kordus-1024x713.jpg 1024w, https:\/\/blogs.fu-berlin.de\/open-research-berlin\/files\/2021\/11\/fm-fotomanufaktur-Jennifer-Kordus-300x209.jpg 300w, https:\/\/blogs.fu-berlin.de\/open-research-berlin\/files\/2021\/11\/fm-fotomanufaktur-Jennifer-Kordus-768x534.jpg 768w, https:\/\/blogs.fu-berlin.de\/open-research-berlin\/files\/2021\/11\/fm-fotomanufaktur-Jennifer-Kordus-1536x1069.jpg 1536w, https:\/\/blogs.fu-berlin.de\/open-research-berlin\/files\/2021\/11\/fm-fotomanufaktur-Jennifer-Kordus-1200x835.jpg 1200w, https:\/\/blogs.fu-berlin.de\/open-research-berlin\/files\/2021\/11\/fm-fotomanufaktur-Jennifer-Kordus.jpg 1654w\" sizes=\"auto, (max-width: 709px) 85vw, (max-width: 909px) 67vw, (max-width: 1362px) 62vw, 840px\" \/><\/figure>\n<div class=\"wp-block-media-text__content\">\n<p class=\"has-text-align-center\"><a href=\"https:\/\/www.fh-bielefeld.de\/personenverzeichnis\/karin-ilg\" target=\"_blank\" rel=\"noreferrer noopener\">Dr. Karin Ilg<\/a><\/p>\n\n\n\n<p class=\"has-text-align-center\">Leitung der Hochschulbibliothek der FH Bielefeld<br \/><br \/><a href=\"https:\/\/orcid.org\/0000-0002-9893-6610\">https:\/\/orcid.org\/0000-0002-9893-6610<\/a><\/p>\n<\/div>\n<\/div>\n\n\n\n<div class=\"wp-block-media-text alignwide has-media-on-the-right is-stacked-on-mobile\" style=\"grid-template-columns: auto 28%\">\n<figure class=\"wp-block-media-text__media\"><img decoding=\"async\" class=\"wp-image-523\" src=\"https:\/\/blogs.fu-berlin.de\/open-access-berlin\/files\/2021\/11\/Foto-Ludwig-Maximilians-Universit\u00e4t-M\u00fcnchen-736x1024.jpg\" alt=\"\" \/><\/figure>\n<div class=\"wp-block-media-text__content\">\n<p class=\"has-text-align-center\">Moderiert wird dieses Panel von<\/p>\n\n\n\n<p class=\"has-text-align-center\"><a href=\"https:\/\/www.ub.uni-muenchen.de\/ueber-die-ub\/kontakt\/personen\/brintzinger\/index.html\" target=\"_blank\" rel=\"noreferrer noopener\">Dr. Klaus-Rainer Brintzinger <\/a><br \/>(Direktor der Universit\u00e4tsbibliothek der Ludwig-Maximilians-Universit\u00e4t M\u00fcnchen)<\/p>\n\n\n\n<p class=\"has-text-align-center\"><a href=\"https:\/\/orcid.org\/0000-0001-5948-1820\">https:\/\/orcid.org\/0000-0001-5948-1820<\/a><\/p>\n<\/div>\n<\/div>\n\n\n\n<p>&nbsp;<\/p>\n","protected":false},"excerpt":{"rendered":"<p>Vortr\u00e4ge mit Diskussion Dienstag, 7. DEZEMBER 2021, 14-15:30 UHR Eine Veranstaltung in der Reihe: Quo vadis offene Wissenschaft? Eine virtuelle Open Access Woche f\u00fcr Berlin-Brandenburg. Das Projekt DEAL hat einen entscheidenden Beitrag zur Open-Access-Transformation der letzten Jahre beigesteuert, und Bibliotheken blicken inzwischen auf einen umfangreichen Erfahrungsschatz im Umgang mit den DEAL-Vertr\u00e4gen zur\u00fcck.\u00a0<\/p>\n","protected":false},"author":6379,"featured_media":0,"comment_status":"open","ping_status":"open","sticky":false,"template":"","format":"standard","meta":{"footnotes":""},"categories":[419,575663],"tags":[79,447,1273,441408,441774,441962,442173,449000],"class_list":["post-393","post","type-post","status-publish","format-standard","hentry","category-veranstaltungshinweise","category-openbbb","tag-berlin","tag-bibliotheken","tag-brandenburg","tag-deal","tag-strukturbildung","tag-oa-transformation","tag-transformationsvertraege","tag-quo-vadis"],"_links":{"self":[{"href":"https:\/\/blogs.fu-berlin.de\/open-research-berlin\/wp-json\/wp\/v2\/posts\/393","targetHints":{"allow":["GET"]}}],"collection":[{"href":"https:\/\/blogs.fu-berlin.de\/open-research-berlin\/wp-json\/wp\/v2\/posts"}],"about":[{"href":"https:\/\/blogs.fu-berlin.de\/open-research-berlin\/wp-json\/wp\/v2\/types\/post"}],"author":[{"embeddable":true,"href":"https:\/\/blogs.fu-berlin.de\/open-research-berlin\/wp-json\/wp\/v2\/users\/6379"}],"replies":[{"embeddable":true,"href":"https:\/\/blogs.fu-berlin.de\/open-research-berlin\/wp-json\/wp\/v2\/comments?post=393"}],"version-history":[{"count":1,"href":"https:\/\/blogs.fu-berlin.de\/open-research-berlin\/wp-json\/wp\/v2\/posts\/393\/revisions"}],"predecessor-version":[{"id":3334,"href":"https:\/\/blogs.fu-berlin.de\/open-research-berlin\/wp-json\/wp\/v2\/posts\/393\/revisions\/3334"}],"wp:attachment":[{"href":"https:\/\/blogs.fu-berlin.de\/open-research-berlin\/wp-json\/wp\/v2\/media?parent=393"}],"wp:term":[{"taxonomy":"category","embeddable":true,"href":"https:\/\/blogs.fu-berlin.de\/open-research-berlin\/wp-json\/wp\/v2\/categories?post=393"},{"taxonomy":"post_tag","embeddable":true,"href":"https:\/\/blogs.fu-berlin.de\/open-research-berlin\/wp-json\/wp\/v2\/tags?post=393"}],"curies":[{"name":"wp","href":"https:\/\/api.w.org\/{rel}","templated":true}]}}