{"id":429,"date":"2020-03-30T16:00:10","date_gmt":"2020-03-30T14:00:10","guid":{"rendered":"https:\/\/blogs.fu-berlin.de\/phs-mikroartikel\/?p=429"},"modified":"2020-03-30T16:00:10","modified_gmt":"2020-03-30T14:00:10","slug":"und-weckt-einen-schueler-der-gefuehlt-kurz-eingeschlafen-war","status":"publish","type":"post","link":"https:\/\/blogs.fu-berlin.de\/phs-mikroartikel-2021\/und-weckt-einen-schueler-der-gefuehlt-kurz-eingeschlafen-war\/","title":{"rendered":"\u201e \u2026 und \u201aweckt\u2018 einen Sch\u00fcler, der gef\u00fchlt kurz eingeschlafen war, \u2026 \u201c"},"content":{"rendered":"<p><strong>Ein Beitrag von Maria A.<\/strong><\/p>\n<p>Das folgende Geschehen ereignete sich im Leistungskurs Politikwissenschaft einer 12. Klasse. Die Lehrkraft, Herr E., und der Kurs kennen sich in dieser Konstellation seit der 11. Klasse. Herr E. ist ein bei Sch\u00fclerinnen und Sch\u00fclern (SuS) beliebter Lehrer, das wird schnell deutlich. Das Leistungsniveau des Kurses ist hoch, es sind nur 13 SuS im Kurs und die Kursgr\u00f6\u00dfe erlaubt l\u00e4ngere, angeregte Diskussionen zwischendurch.<br \/>\nDas \u00fcberordnete Thema ist die Europ\u00e4ische Union und nach einer kurzen Wiederholung des Endes der letzten Stunde soll zum Thema <em>Identit\u00e4t <\/em>\u00fcbergeleitet werden. Der Kurs erarbeitet fast selbstst\u00e4ndig den Lerninhalt, die Lehrkraft bietet sich als wichtige Moderation und Leitung des Lernvorgangs an bzw. lenkt die Diskussion in fruchtbare Richtungen. Es gibt drei ruhigere SuS, die sich nicht regelm\u00e4\u00dfig beteiligen. Eine davon fordert die Lehrkraft zwischendurch wohlwollend auf, ihre Gedanken zum Thema zu \u00e4u\u00dfern, was sie auch ohne zu z\u00f6gern macht. Ein weiterer Sch\u00fcler, ich nenne ihn Milo (<em>Name ge\u00e4ndert<\/em>), der regul\u00e4r in diesem Fach etwas aktiver ist, beteiligt sich gar nicht in dieser Stunde.<!--more--><br \/>\nNach einer Wortmeldung eines Sch\u00fclers ca. 20 Minuten vor Unterrichtsende paraphrasiert Herr E. diese Antwort des Sch\u00fclers und schaut beil\u00e4ufig zu Milo her\u00fcber und sagt: \u201eStimmt\u2019s, Milo?\u201c Der nickt und Herr E. er\u00f6ffnet ein neues Teilthema und stellt eine Frage an die Klasse. Milos Hand ist sofort oben und er wird auch direkt drangenommen. Von da an beteiligt er sich rege am Unterricht bis zum Schluss.<\/p>\n<p><strong>Meine Einsichten<\/strong><\/p>\n<p>Diese Situation ist ein Paradebeispiel f\u00fcr die individuelle Aktivierung von SuS. Statt der Klasse gegen\u00fcber festzustellen, dass einige sich nicht beteiligen, l\u00f6st die Lehrkraft den Mangel an Partizipation am Klassengeschehen hier individuell. Wie sich sp\u00e4ter im Gespr\u00e4ch mit der Lehrkraft herausstellt auch intuitiv. Ohne scheinbar gro\u00dfen Aufwand, aktiviert er eine Sch\u00fclerin, indem er sie auffordert ihre Gedanken zu teilen, l\u00e4sst eine andere schweigen, weil sie nicht gerne spricht und \u201eweckt\u201c einen Sch\u00fcler, der gef\u00fchlt kurz eingeschlafen war, aus seiner Abwesenheit. Insgesamt allerdings so beil\u00e4ufig, dass es nicht auff\u00e4llt. Auch ihm nicht, wie sich im Gespr\u00e4ch danach herausstellte. Somit stellt er sicher, dass alle den Lerninhalten folgen und vorbereitet sind f\u00fcr alle folgenden Inhalte, die hierauf aufbauen.<\/p>\n<p><strong>Meine Folgerungen<\/strong><\/p>\n<p>Aus dieser Situation folgere ich, dass hier ein starkes und vertrauensvolles Arbeitsb\u00fcndnis zwischen SuS und Lehrkraft vorliegt, das keiner gro\u00dfen Worte oder Gespr\u00e4che bei kleineren Ausf\u00e4llen ben\u00f6tigt.<br \/>\nIm Schulalltag k\u00f6nnen sich SuS als eine*r von vielen f\u00fchlen. Damit einher geht manchmal sicherlich auch die Frage, ob es wirklich einen Unterschied macht, ob man jetzt etwas zum Unterricht beitr\u00e4gt oder nicht. Dieses von einer Lehrkraft aufzufangen, ist gar nicht so leicht, denn das Geltungsbed\u00fcrfnis der SuS wird hier der Leistungsforderung der Lehrkraft gegen\u00fcbergestellt. Missverst\u00e4ndnisse k\u00f6nnen so leicht entstehen, wenn z.B. eine Lehrkraft eine fehlende Beteiligung entweder ihrem Lerninhalt oder ihrer Methode zuschreibt oder gar pers\u00f6nlich nimmt. Wenn die Situation allerdings gel\u00f6st wird, wie oben beschrieben, und das setzt ein starkes Arbeitsb\u00fcndnis voraus, bleibt die M\u00fccke eine M\u00fccke und wird nicht zum Elefanten.<\/p>\n<p><strong>Meine Anschlussfragen<\/strong><\/p>\n<ul>\n<li>Wie wei\u00df ich als Lehrkraft, wann jemand nur einen \u201eAnstubser\u201c braucht oder wirklich etwas Ernsteres hinter einem ver\u00e4nderten Verhalten steckt?<\/li>\n<li>Wie schaffe ich es, auch andere zu aktivieren, die sonst nicht so aktiv und diskussionsfreudig sind?<\/li>\n<li>Wie st\u00e4rke ich das Arbeitsb\u00fcndnis m\u00f6glichst zu Beginn und schaffe so das n\u00f6tige Vertrauen zwischen mir und den SuS, damit eine simple L\u00f6sung funktioniert?<\/li>\n<\/ul>\n<p>&nbsp;<\/p>\n","protected":false},"excerpt":{"rendered":"<p>Ein Beitrag von Maria A. Das folgende Geschehen ereignete sich im Leistungskurs Politikwissenschaft einer 12. Klasse. Die Lehrkraft, Herr E., und der Kurs kennen sich in dieser Konstellation seit der 11. Klasse. Herr E. ist ein bei Sch\u00fclerinnen und Sch\u00fclern (SuS) beliebter Lehrer, das wird schnell deutlich. Das Leistungsniveau des Kurses ist hoch, es sind &hellip; <a href=\"https:\/\/blogs.fu-berlin.de\/phs-mikroartikel-2021\/und-weckt-einen-schueler-der-gefuehlt-kurz-eingeschlafen-war\/\" class=\"more-link\"><span class=\"screen-reader-text\">\u201e\u201e \u2026 und \u201aweckt\u2018 einen Sch\u00fcler, der gef\u00fchlt kurz eingeschlafen war, \u2026 \u201c\u201c<\/span> weiterlesen<\/a><\/p>\n","protected":false},"author":3509,"featured_media":0,"comment_status":"open","ping_status":"open","sticky":false,"template":"","format":"standard","meta":{"footnotes":""},"categories":[282331],"tags":[325252,322370],"class_list":["post-429","post","type-post","status-publish","format-standard","hentry","category-kognitive-aktivierung","tag-arbeitsbuendnis","tag-individualisierung"],"_links":{"self":[{"href":"https:\/\/blogs.fu-berlin.de\/phs-mikroartikel-2021\/wp-json\/wp\/v2\/posts\/429","targetHints":{"allow":["GET"]}}],"collection":[{"href":"https:\/\/blogs.fu-berlin.de\/phs-mikroartikel-2021\/wp-json\/wp\/v2\/posts"}],"about":[{"href":"https:\/\/blogs.fu-berlin.de\/phs-mikroartikel-2021\/wp-json\/wp\/v2\/types\/post"}],"author":[{"embeddable":true,"href":"https:\/\/blogs.fu-berlin.de\/phs-mikroartikel-2021\/wp-json\/wp\/v2\/users\/3509"}],"replies":[{"embeddable":true,"href":"https:\/\/blogs.fu-berlin.de\/phs-mikroartikel-2021\/wp-json\/wp\/v2\/comments?post=429"}],"version-history":[{"count":0,"href":"https:\/\/blogs.fu-berlin.de\/phs-mikroartikel-2021\/wp-json\/wp\/v2\/posts\/429\/revisions"}],"wp:attachment":[{"href":"https:\/\/blogs.fu-berlin.de\/phs-mikroartikel-2021\/wp-json\/wp\/v2\/media?parent=429"}],"wp:term":[{"taxonomy":"category","embeddable":true,"href":"https:\/\/blogs.fu-berlin.de\/phs-mikroartikel-2021\/wp-json\/wp\/v2\/categories?post=429"},{"taxonomy":"post_tag","embeddable":true,"href":"https:\/\/blogs.fu-berlin.de\/phs-mikroartikel-2021\/wp-json\/wp\/v2\/tags?post=429"}],"curies":[{"name":"wp","href":"https:\/\/api.w.org\/{rel}","templated":true}]}}