{"id":543,"date":"2021-03-23T08:49:31","date_gmt":"2021-03-23T07:49:31","guid":{"rendered":"https:\/\/blogs.fu-berlin.de\/phs-mikroartikel-2021\/?p=543"},"modified":"2021-03-23T09:54:49","modified_gmt":"2021-03-23T08:54:49","slug":"das-lineal","status":"publish","type":"post","link":"https:\/\/blogs.fu-berlin.de\/phs-mikroartikel-2021\/das-lineal\/","title":{"rendered":"&#8222;Das Lineal&#8220;"},"content":{"rendered":"\n<p><strong>Ein Beitrag von Lena M.<\/strong><\/p>\n\n\n\n<p>Bei der folgenden Situation handelt es sich um eine J\u00fcL-Klasse, in der Kinder der ersten, zweiten und dritten Jahrgangsstufe gemeinsam unterrichtet werden. Zu Beginn der dritten Stunde durften die Kinder noch ein wenig fr\u00fchst\u00fccken. Schon w\u00e4hrend der Fr\u00fchst\u00fcckspause fiel auf, dass sich ein Sch\u00fcler intensiv mit seinem Lineal besch\u00e4ftigte. Unter anderem schlug er mit dem Lineal sowohl auf den Tisch als auch an seinen Stehordner. Bevor die Lehrkraft den Unterricht startete, fragte sie, ob ihr jemand ein Lineal borgen k\u00f6nne, weil sie ihr eigenes nicht findet.<\/p>\n\n\n\n<!--more-->\n\n\n\n<p>Der Sch\u00fcler rief eifrig, dass die Lehrkraft sich eines seiner Lineale borgen k\u00f6nne, da er noch weitere drei Lineale in seiner Schultasche hat. Der Sch\u00fcler griff nach seiner Schultasche und packte die anderen drei Lineale aus. Daraufhin sagte die Lehrkraft, dass sie noch nicht genau w\u00fcsste, ob sie ein kleines oder ein gro\u00dfes Lineal br\u00e4uchte und fragte, ob sie sich alle vier ausborgen k\u00f6nne. Der Junge war damit einverstanden und gab ihr seine Lineale.<\/p>\n\n\n\n<p>Anschlie\u00dfend hielt die Lehrkraft die Lineale hoch und begann gemeinsam mit der gesamten Klasse ein Gespr\u00e4ch \u00fcber Lineale. Zuerst fragte sie, wozu die Kinder ein Lineal benutzen und wie ein Lineal meist aussieht. Au\u00dferdem sollten die Kinder die Gemeinsamkeiten und Unterschiede der vier Lineale benennen. Der Junge, dem die Lineale geh\u00f6ren, beteiligte sich ebenfalls aktiv an dem Klassengespr\u00e4ch. Am Ende des Gespr\u00e4chs fragte die Lehrkraft den Jungen, ob sie sich die Lineale noch bis zum Nachmittag borgen k\u00f6nne. Der Junge war erneut damit einverstanden und die Lehrkraft nahm die Lineale an sich. Nun startete sie mit dem <em>eigentlichen <\/em>Unterricht.<\/p>\n\n\n\n<p><strong>Meine Einsichten<\/strong><\/p>\n\n\n\n<p>Die Lehrkraft hat zu Beginn direkt erkannt, dass der Sch\u00fcler auf sein Lineal fixiert ist und sich das vermutlich auch nach Start des Unterrichts nicht ver\u00e4ndern wird. Um die St\u00f6rung pr\u00e4ventiv zu umgehen, hat sich die Lehrkraft in dem Moment nicht von ihren eigenen impulsiven Emotionen beeinflussen lassen, sondern hat sich eine ruhige und effektive M\u00f6glichkeit zur St\u00f6rungsintervention \u00fcberlegt. Durch ihr Handeln ist sie nicht nur auf das Bed\u00fcrfnis eines einzelnen Sch\u00fclers eingegangen, sondern hat die Situation genutzt, um einen Lernertrag f\u00fcr die gesamte Klasse zu schaffen.<\/p>\n\n\n\n<p>Au\u00dferdem hat sie den Sch\u00fcler auf die eigentliche St\u00f6rung gar nicht angesprochen und hat so sowohl einen Konflikt als auch eine Unterbrechung des Unterrichtsflusses verhindert. In Folge dessen wurde das Arbeitsb\u00fcndnis zwischen der Lehrkraft und dem Sch\u00fcler nicht angegriffen, sondern gest\u00e4rkt.<\/p>\n\n\n\n<p>Ich empfinde diesen pr\u00e4ventiven Umgang mit der St\u00f6rung hinsichtlich der Erhaltung des Arbeitsb\u00fcndnisses und der Steuerung des Unterrichtsflusses als effektiv und gelungen. Au\u00dferdem st\u00e4rkt jeder vorweggenommene Konflikt das Klassenklima.<\/p>\n\n\n\n<p>Durch diese Art der Handlung wird dem Sch\u00fcler jedoch nicht bewusstgemacht, dass dieses Verhalten im Unterricht nicht erw\u00fcnscht ist und als St\u00f6rung empfunden wird.<\/p>\n\n\n\n<p><strong>Meine Folgerungen<\/strong><\/p>\n\n\n\n<p>Aus der oben beschriebenen Unterrichtssituation nehme ich mit, dass es in manchen Situationen erforderlich ist, dass eine Lehrkraft die eigentlichen Unterrichtspl\u00e4ne aufgrund von Themen und Problemen der Sch\u00fcler und Sch\u00fclerinnen ver\u00e4ndert, damit sie auf diese eingehen kann. Dadurch werden weitere St\u00f6rungen pr\u00e4ventiv vorweggenommen. Durch diese Art der St\u00f6rungsintervention wird das Arbeitsb\u00fcndnis gest\u00e4rkt und der Unterrichtsfluss nicht gest\u00f6rt.<\/p>\n\n\n\n<p><strong>Meine Anschlussfragen<\/strong><\/p>\n\n\n\n<ul class=\"wp-block-list\"><li>Was h\u00e4tte es f\u00fcr Auswirkungen hinsichtlich des Unterrichtflusses und des Arbeitsb\u00fcndnisses gehabt, wenn die Lehrkraft dem Sch\u00fcler sein Lineal weggenommen h\u00e4tte?<\/li><li>Findet ihr es richtig, wenn Lehrkr\u00e4fte auf das Bed\u00fcrfnis eines einzelnen Sch\u00fclers eingehen, ohne die restliche Klasse miteinzubinden?<\/li><li>Sollten Sch\u00fcler und Sch\u00fclerinnen lernen ihre Bed\u00fcrfnisse in Gruppen zur\u00fcckstecken?<\/li><li>W\u00fcrdet ihr sagen, dass es sinnvoller w\u00e4re, wenn Lehrkr\u00e4fte Sch\u00fcler und Sch\u00fclerinnen auf St\u00f6rungen aufmerksam machen, anstatt die St\u00f6rung beil\u00e4ufig und effektiv zu unterbinden?<\/li><\/ul>\n","protected":false},"excerpt":{"rendered":"<p>Ein Beitrag von Lena M. Bei der folgenden Situation handelt es sich um eine J\u00fcL-Klasse, in der Kinder der ersten, zweiten und dritten Jahrgangsstufe gemeinsam unterrichtet werden. Zu Beginn der dritten Stunde durften die Kinder noch ein wenig fr\u00fchst\u00fccken. Schon w\u00e4hrend der Fr\u00fchst\u00fcckspause fiel auf, dass sich ein Sch\u00fcler intensiv mit seinem Lineal besch\u00e4ftigte. Unter &hellip; <a href=\"https:\/\/blogs.fu-berlin.de\/phs-mikroartikel-2021\/das-lineal\/\" class=\"more-link\"><span class=\"screen-reader-text\">\u201e&#8222;Das Lineal&#8220;\u201c<\/span> weiterlesen<\/a><\/p>\n","protected":false},"author":3509,"featured_media":0,"comment_status":"open","ping_status":"open","sticky":false,"template":"","format":"standard","meta":{"footnotes":""},"categories":[282033],"tags":[381618,282033,323177],"class_list":["post-543","post","type-post","status-publish","format-standard","hentry","category-klassenmanagement","tag-adaptivitaet","tag-klassenmanagement","tag-stoerungen"],"_links":{"self":[{"href":"https:\/\/blogs.fu-berlin.de\/phs-mikroartikel-2021\/wp-json\/wp\/v2\/posts\/543","targetHints":{"allow":["GET"]}}],"collection":[{"href":"https:\/\/blogs.fu-berlin.de\/phs-mikroartikel-2021\/wp-json\/wp\/v2\/posts"}],"about":[{"href":"https:\/\/blogs.fu-berlin.de\/phs-mikroartikel-2021\/wp-json\/wp\/v2\/types\/post"}],"author":[{"embeddable":true,"href":"https:\/\/blogs.fu-berlin.de\/phs-mikroartikel-2021\/wp-json\/wp\/v2\/users\/3509"}],"replies":[{"embeddable":true,"href":"https:\/\/blogs.fu-berlin.de\/phs-mikroartikel-2021\/wp-json\/wp\/v2\/comments?post=543"}],"version-history":[{"count":4,"href":"https:\/\/blogs.fu-berlin.de\/phs-mikroartikel-2021\/wp-json\/wp\/v2\/posts\/543\/revisions"}],"predecessor-version":[{"id":550,"href":"https:\/\/blogs.fu-berlin.de\/phs-mikroartikel-2021\/wp-json\/wp\/v2\/posts\/543\/revisions\/550"}],"wp:attachment":[{"href":"https:\/\/blogs.fu-berlin.de\/phs-mikroartikel-2021\/wp-json\/wp\/v2\/media?parent=543"}],"wp:term":[{"taxonomy":"category","embeddable":true,"href":"https:\/\/blogs.fu-berlin.de\/phs-mikroartikel-2021\/wp-json\/wp\/v2\/categories?post=543"},{"taxonomy":"post_tag","embeddable":true,"href":"https:\/\/blogs.fu-berlin.de\/phs-mikroartikel-2021\/wp-json\/wp\/v2\/tags?post=543"}],"curies":[{"name":"wp","href":"https:\/\/api.w.org\/{rel}","templated":true}]}}