{"id":677,"date":"2022-03-14T13:31:42","date_gmt":"2022-03-14T12:31:42","guid":{"rendered":"https:\/\/blogs.fu-berlin.de\/phs-mikroartikel-2022\/?p=677"},"modified":"2023-04-21T14:08:02","modified_gmt":"2023-04-21T12:08:02","slug":"die-kinder-entwickelten-immer-mehr-interesse","status":"publish","type":"post","link":"https:\/\/blogs.fu-berlin.de\/phs-mikroartikel\/die-kinder-entwickelten-immer-mehr-interesse\/","title":{"rendered":"&#8222;Die Kinder entwickelten immer mehr Interesse an der Geschichte der anderen Kinder.&#8220;"},"content":{"rendered":"\n<p><strong>Ein Beitrag von Franziska K.<\/strong><\/p>\n\n\n\n<p>Im Folgenden werde ich eine Situation aus einer Gesellschaftswissenschaftsstunde in der 5. Klasse schildern. Das Thema der Unterrichtsstunde war das eigene Leben der Kinder. Sie sollten in der<br>vorherigen Stunde einen Zeitstrahl erstellen, in dem sie die wichtigsten Ereignisse aus ihrem Leben darstellen. Von zu Hause sollten sie dann Bilder oder Gegenst\u00e4nde, die zu den Ereignissen passen, mitbringen. Die Kinder durften in dieser Stunde ihren Zeitstrahl der gesamten Klasse vorstellen und Gegenst\u00e4nde zeigen, die sie mit den Ereignissen verbinden. Viele Kinder waren sehr begeistert und hatten sehr viel Freude daran, ihre eigenen Gegenst\u00e4nde stolz zu pr\u00e4sentieren. <\/p>\n\n\n\n<!--more-->\n\n\n\n<p>Auch die anderen Kinder der Klasse fanden es toll mehr von ihren Mitsch\u00fcler*innen zu erfahren. Kinder zeigten zum Beispiel Bilder von ihren Haustieren, von Medaillen oder Pokalen, aber auch ihre ersten Kuscheltiere. Die Kinder entwickelten immer mehr Interesse an der Geschichte der anderen Kinder. Nachdem alle Kinder ihr Geschichten erz\u00e4hlt hatten, wollten sie immer mehr erfahren und so begannen manche Kinder danach zu fragen, was in der Zeit passiert ist, bevor sie auf die Welt gekommen sind. Genau dieses interessierte Fragen der Kinder war Ziel der Stunde. Die Kinder hatten gro\u00dfes Interesse an der Geschichte bekommen, ausgel\u00f6st durch die Geschichten der eigenen Klasse. Die Fragen der Klasse wurden gesammelt und werden in der kommenden Zeit des Geschichtsunterrichts thematisiert und besprochen.<\/p>\n\n\n\n<p><strong>Meine Einsichten<\/strong><\/p>\n\n\n\n<p>Kinder haben gro\u00dfes Interesse neue Dinge zu lernen und von anderen zu erfahren, wie sie leben und was sie schon erlebt haben. Die Kinder haben, ohne es so wirklich zu merken, mit dem Geschichtsunterricht angefangen und sogar schon einen Teil ihrer eigenen Geschichte \u201egeschrieben\u201c. Sie haben ein Verst\u00e4ndnis daf\u00fcr, dass es auch eine Zeit vor ihnen gab und die Kinder wollen dar\u00fcber mehr erfahren.<\/p>\n\n\n\n<p><strong>Meine Folgerungen<\/strong><\/p>\n\n\n\n<p>Als Lehrkraft braucht es nicht immer einen langen Vortrag, der den Kindern den Einstieg in das Thema gibt. Sie kommen selbst auf Fragen, f\u00fcr die sie sich interessieren und entwickeln durch den Bezug zu ihrer eigenen Geschichte viel Interesse. Durch das H\u00f6ren von anderen Geschichten, die sehr \u00e4hnlich sind, m\u00f6chten sie noch mehr erfahren. Zum Beispiel von Menschen die in einer anderen Zeit lebten. Als Lehrkraft muss man also nicht immer versuchen das Interesse bei Kindern zu wecken. Kinder haben von selbst Interesse, wenn man ihnen die M\u00f6glichkeiten und die R\u00e4ume gibt, Fragen zu stellen.<\/p>\n\n\n\n<p><strong>Meine Anschlussfragen<\/strong><\/p>\n\n\n\n<ul class=\"wp-block-list\"><li>Wie kann ich genau dieses Interesse auf alle F\u00e4cher \u00fcbertragen?<\/li><li>Wie gelingt es mir, dass einige Kinder nicht auf der Strecke bleiben, weil sie nicht viele Dinge erlebt haben? <br>(Ich komme auf diese Frage, da ein Kind in der Klasse aus einem Kriegsland geflohen ist und aus dieser Zeit keine wichtigen Meilensteine\/ wichtige Ereignisse zu erz\u00e4hlen hatte. Das Kind hat sich in dieser Stunde sehr zur\u00fcckgezogen.)<\/li><\/ul>\n","protected":false},"excerpt":{"rendered":"<p>Ein Beitrag von Franziska K. Im Folgenden werde ich eine Situation aus einer Gesellschaftswissenschaftsstunde in der 5. Klasse schildern. Das Thema der Unterrichtsstunde war das eigene Leben der Kinder. Sie sollten in dervorherigen Stunde einen Zeitstrahl erstellen, in dem sie die wichtigsten Ereignisse aus ihrem Leben darstellen. Von zu Hause sollten sie dann Bilder oder &hellip; <a href=\"https:\/\/blogs.fu-berlin.de\/phs-mikroartikel\/die-kinder-entwickelten-immer-mehr-interesse\/\" class=\"more-link\"><span class=\"screen-reader-text\">\u201e&#8222;Die Kinder entwickelten immer mehr Interesse an der Geschichte der anderen Kinder.&#8220;\u201c<\/span> weiterlesen<\/a><\/p>\n","protected":false},"author":3509,"featured_media":0,"comment_status":"open","ping_status":"open","sticky":false,"template":"","format":"standard","meta":{"footnotes":""},"categories":[451943],"tags":[],"class_list":["post-677","post","type-post","status-publish","format-standard","hentry","category-interesse-wecken"],"_links":{"self":[{"href":"https:\/\/blogs.fu-berlin.de\/phs-mikroartikel\/wp-json\/wp\/v2\/posts\/677","targetHints":{"allow":["GET"]}}],"collection":[{"href":"https:\/\/blogs.fu-berlin.de\/phs-mikroartikel\/wp-json\/wp\/v2\/posts"}],"about":[{"href":"https:\/\/blogs.fu-berlin.de\/phs-mikroartikel\/wp-json\/wp\/v2\/types\/post"}],"author":[{"embeddable":true,"href":"https:\/\/blogs.fu-berlin.de\/phs-mikroartikel\/wp-json\/wp\/v2\/users\/3509"}],"replies":[{"embeddable":true,"href":"https:\/\/blogs.fu-berlin.de\/phs-mikroartikel\/wp-json\/wp\/v2\/comments?post=677"}],"version-history":[{"count":1,"href":"https:\/\/blogs.fu-berlin.de\/phs-mikroartikel\/wp-json\/wp\/v2\/posts\/677\/revisions"}],"predecessor-version":[{"id":873,"href":"https:\/\/blogs.fu-berlin.de\/phs-mikroartikel\/wp-json\/wp\/v2\/posts\/677\/revisions\/873"}],"wp:attachment":[{"href":"https:\/\/blogs.fu-berlin.de\/phs-mikroartikel\/wp-json\/wp\/v2\/media?parent=677"}],"wp:term":[{"taxonomy":"category","embeddable":true,"href":"https:\/\/blogs.fu-berlin.de\/phs-mikroartikel\/wp-json\/wp\/v2\/categories?post=677"},{"taxonomy":"post_tag","embeddable":true,"href":"https:\/\/blogs.fu-berlin.de\/phs-mikroartikel\/wp-json\/wp\/v2\/tags?post=677"}],"curies":[{"name":"wp","href":"https:\/\/api.w.org\/{rel}","templated":true}]}}