{"id":683,"date":"2022-03-15T10:15:09","date_gmt":"2022-03-15T09:15:09","guid":{"rendered":"https:\/\/blogs.fu-berlin.de\/phs-mikroartikel-2022\/?p=683"},"modified":"2023-04-21T14:07:43","modified_gmt":"2023-04-21T12:07:43","slug":"wie-kann-inklusion-erfolgreich-sein","status":"publish","type":"post","link":"https:\/\/blogs.fu-berlin.de\/phs-mikroartikel\/wie-kann-inklusion-erfolgreich-sein\/","title":{"rendered":"&#8222;Alle wollten jetzt in der Leseecke sitzen&#8220; oder &#8222;Wie kann Inklusion erfolgreich sein &#8230;&#8220;"},"content":{"rendered":"\n<p><strong>Ein Beitrag von Alice D.<\/strong><\/p>\n\n\n\n<p>Die folgende Situation ereignete sich in einer Montessori-Grundschule in einer J\u00fcl-Klasse der Jahrgangsstufe B (Klassenstufen 3 und 4), freitags in der sechsten Stunde kurz vor Schulschluss. Im Plenum wurden \u00fcber das anstehende Fu\u00dfballturnier der Schule und die Klassensprecherwahl gesprochen. In solchen Phasen des Unterrichts sitze ich hinten in der Leseecke. Vor mir sitzt Enis (<em>Name ge\u00e4ndert<\/em>) und schr\u00e4g an der gegen\u00fcberliegenden Seite des Raums Aras (<em>Name ge\u00e4ndert<\/em>), beides Sch\u00fcler, die zu den sonderp\u00e4dagogisch gef\u00f6rderten Sch\u00fclern der vierten Klasse geh\u00f6ren. Aras st\u00f6rte die Stunde permanent; er redete dazwischen, stand auf, holte Spielkarten aus den Schr\u00e4nken. <\/p>\n\n\n\n<!--more-->\n\n\n\n<p>Da keine weitere Betreuung anwesend war, die Klassenlehrkraft Fr. P ihr Handlungsprogramm st\u00e4ndig unterbrechen musste und Mitsch\u00fcler*innen genervt waren, lud ich Aras in die Leseecke ein. Die Klasse schien einverstanden. Enis, dem ich schon zuvor ein Zahlenmandala gezeichnete hatte, welches er aber an seinem eigenen Platz bearbeiten musste, empfand das als unfair: er schnappte sein Zeug und lie\u00df sich neben Aras auf die Couch fallen. Sofort brandete Protest unter den Sch\u00fcler*innen aus. Alle wollten jetzt in der<br>Leseecke sitzen. Fr. P reagierte direkt indem sie Enis an seinen Platz zur\u00fcck schickte mit den Worten: \u201eNein Enis, das geht so nicht, das wei\u00dft du\u201c. Ohne Protest setzte sich Enis an seinen Platz zur\u00fcck, w\u00e4hrend die Klasse unmittelbar leise wurde. Der Rest der Stunde verlief ohne weitere St\u00f6rungen, Aras und Enis verhielten sich unauff\u00e4llig, alle Sch\u00fcler*innen hielten sich an die Klassenregeln und der Tag konnte positiv verabschiedet werden.<\/p>\n\n\n\n<p><strong>Meine Einsichten<\/strong><\/p>\n\n\n\n<p>Aras fiel es schwer, sich ohne weitere Besch\u00e4ftigung auf das Geschehen im<br>Klassenverband zu konzentrieren. Da er sowieso schon einen Sonderstatus tr\u00e4gt, war es ihm vermutlich auch unangenehm sich an der klasseninternen Besprechung zu beteiligen. Auch Enis tr\u00e4gt einen solchen Status, gelingt ihm die Integration in die Klasse jedoch besser. Fr. P ist sich dessen bewusst, sowie auch um die diesbez\u00fcgliche Akzeptanz und Toleranz in der Klasse. Anstatt beiden Sch\u00fclern die Extrabehandlung zu verwehren, gelingt es ihr mit ihrer Entscheidung die St\u00f6rungen zu minimieren.<\/p>\n\n\n\n<p><strong>Meine Folgerungen<\/strong><\/p>\n\n\n\n<p>Nach diesem Erlebnis ist mir bewusst, wie wichtig es f\u00fcr die Lehrkraft ist, ihre<br>Sch\u00fcler*innen und deren Positionierung in der Peer-Group gut zu kennen. Au\u00dferdem habe ich erkannt, wie Lob und Sanktionen individuell differenziert eingesetzt werden sollten, um dem heterogenen Anspruch der Sch\u00fclerschaft gerecht zu werden. Dabei sollte aber f\u00fcr alle Anwesenden klar sein, aus welchem Grund bestimmte Konsequenzen gezogen wurden.<\/p>\n\n\n\n<p><strong>Meine Anschlussfragen<\/strong><\/p>\n\n\n\n<ul class=\"wp-block-list\"><li>Sollten SPF-beschulte Kinder einer Eins-zu-Eins-Betreuung unterstehen? (<em>Hinweis: SPF = sonderp\u00e4dagogischer F\u00f6rderstatus<\/em>)<\/li><li>Ist es n\u00f6tig und sinnvoll, Sch\u00fcler*innen in Lernphasen an ihrem Tisch sitzen zu lassen, oder sollte mehr Bewegung und flexible Arbeitsfl\u00e4chen angeboten werden?<\/li><li>Wie kann Inklusion erfolgreich sein, wenn sie durch Ausnahmesituationen und Extrabehandlungen definiert ist?<\/li><\/ul>\n","protected":false},"excerpt":{"rendered":"<p>Ein Beitrag von Alice D. Die folgende Situation ereignete sich in einer Montessori-Grundschule in einer J\u00fcl-Klasse der Jahrgangsstufe B (Klassenstufen 3 und 4), freitags in der sechsten Stunde kurz vor Schulschluss. Im Plenum wurden \u00fcber das anstehende Fu\u00dfballturnier der Schule und die Klassensprecherwahl gesprochen. In solchen Phasen des Unterrichts sitze ich hinten in der Leseecke. &hellip; <a href=\"https:\/\/blogs.fu-berlin.de\/phs-mikroartikel\/wie-kann-inklusion-erfolgreich-sein\/\" class=\"more-link\"><span class=\"screen-reader-text\">\u201e&#8222;Alle wollten jetzt in der Leseecke sitzen&#8220; oder &#8222;Wie kann Inklusion erfolgreich sein &#8230;&#8220;\u201c<\/span> weiterlesen<\/a><\/p>\n","protected":false},"author":3509,"featured_media":0,"comment_status":"closed","ping_status":"open","sticky":false,"template":"","format":"standard","meta":{"footnotes":""},"categories":[282033],"tags":[322370,323177],"class_list":["post-683","post","type-post","status-publish","format-standard","hentry","category-klassenmanagement","tag-individualisierung","tag-stoerungen"],"_links":{"self":[{"href":"https:\/\/blogs.fu-berlin.de\/phs-mikroartikel\/wp-json\/wp\/v2\/posts\/683","targetHints":{"allow":["GET"]}}],"collection":[{"href":"https:\/\/blogs.fu-berlin.de\/phs-mikroartikel\/wp-json\/wp\/v2\/posts"}],"about":[{"href":"https:\/\/blogs.fu-berlin.de\/phs-mikroartikel\/wp-json\/wp\/v2\/types\/post"}],"author":[{"embeddable":true,"href":"https:\/\/blogs.fu-berlin.de\/phs-mikroartikel\/wp-json\/wp\/v2\/users\/3509"}],"replies":[{"embeddable":true,"href":"https:\/\/blogs.fu-berlin.de\/phs-mikroartikel\/wp-json\/wp\/v2\/comments?post=683"}],"version-history":[{"count":1,"href":"https:\/\/blogs.fu-berlin.de\/phs-mikroartikel\/wp-json\/wp\/v2\/posts\/683\/revisions"}],"predecessor-version":[{"id":872,"href":"https:\/\/blogs.fu-berlin.de\/phs-mikroartikel\/wp-json\/wp\/v2\/posts\/683\/revisions\/872"}],"wp:attachment":[{"href":"https:\/\/blogs.fu-berlin.de\/phs-mikroartikel\/wp-json\/wp\/v2\/media?parent=683"}],"wp:term":[{"taxonomy":"category","embeddable":true,"href":"https:\/\/blogs.fu-berlin.de\/phs-mikroartikel\/wp-json\/wp\/v2\/categories?post=683"},{"taxonomy":"post_tag","embeddable":true,"href":"https:\/\/blogs.fu-berlin.de\/phs-mikroartikel\/wp-json\/wp\/v2\/tags?post=683"}],"curies":[{"name":"wp","href":"https:\/\/api.w.org\/{rel}","templated":true}]}}