{"id":82,"date":"2013-12-05T14:13:10","date_gmt":"2013-12-05T14:13:10","guid":{"rendered":"https:\/\/blogs.fu-berlin.de\/reenactment\/?p=82"},"modified":"2013-12-05T14:13:10","modified_gmt":"2013-12-05T14:13:10","slug":"die-wannsee-konferenz-1942-2012-ein-dokumentar-theater-projekt-des-historikerlabors-am-27-11-2013","status":"publish","type":"post","link":"https:\/\/blogs.fu-berlin.de\/reenactment\/2013\/12\/05\/die-wannsee-konferenz-1942-2012-ein-dokumentar-theater-projekt-des-historikerlabors-am-27-11-2013\/","title":{"rendered":"Die Wannsee-Konferenz 1942 \/ 2012 \u2013 Ein Dokumentar-Theater-Projekt des Historikerlabors am 27.11.2013"},"content":{"rendered":"<p style=\"text-align: justify\">Die \u201eBesprechung mit anschlie\u00dfenden Fr\u00fchst\u00fcck\u201c am 20. Januar 1942, bei der \u00fcber die \u201aEndl\u00f6sung der Judenfrage\u2018 diskutiert wurde, ging als Wannsee-Konferenz in die Geschichte ein. Das 15-seitige Ergebnisprotokoll dieser Zusammenkunft, stellt die Grundlage f\u00fcr ein Dokumentartheaterprojekt dar, dass die Dokumente der Vergangenheit wieder zum sprechen bringen soll. 15 Historiker widmeten sich je einem der Teilnehmer, erforschten dessen Biographie und Funktion, um dann als dessen Spezialist einen Platz auf der B\u00fchne einzunehmen.<\/p>\n<p style=\"text-align: justify\">In Ihrem Vortrag berichten die beiden Historiker Olaf L\u00f6schke und Andreas Mischok von ihren Erfahrungen aus dem 2012 realisierten Projekt. Sie gehen auf den Entstehungsprozess ein und diskutieren den erinnerungskulturellen Mehrwert der Inszenierung, um schlie\u00dflich der Frage nachzugehen: \u201eWas hat das eigentlich mit uns gemacht?\u201c<\/p>\n<p style=\"text-align: justify\">\n","protected":false},"excerpt":{"rendered":"<p>Die \u201eBesprechung mit anschlie\u00dfenden Fr\u00fchst\u00fcck\u201c am 20. Januar 1942, bei der \u00fcber die \u201aEndl\u00f6sung der Judenfrage\u2018 diskutiert wurde, ging als Wannsee-Konferenz in die Geschichte ein. Das 15-seitige Ergebnisprotokoll dieser Zusammenkunft, stellt die Grundlage f\u00fcr ein Dokumentartheaterprojekt dar, dass die Dokumente der Vergangenheit wieder zum sprechen bringen soll. 15 Historiker widmeten sich je einem der Teilnehmer, [&hellip;]<\/p>\n","protected":false},"author":1739,"featured_media":0,"comment_status":"open","ping_status":"open","sticky":false,"template":"","format":"standard","meta":{"footnotes":""},"categories":[9],"tags":[],"class_list":["post-82","post","type-post","status-publish","format-standard","hentry","category-allgemein"],"_links":{"self":[{"href":"https:\/\/blogs.fu-berlin.de\/reenactment\/wp-json\/wp\/v2\/posts\/82","targetHints":{"allow":["GET"]}}],"collection":[{"href":"https:\/\/blogs.fu-berlin.de\/reenactment\/wp-json\/wp\/v2\/posts"}],"about":[{"href":"https:\/\/blogs.fu-berlin.de\/reenactment\/wp-json\/wp\/v2\/types\/post"}],"author":[{"embeddable":true,"href":"https:\/\/blogs.fu-berlin.de\/reenactment\/wp-json\/wp\/v2\/users\/1739"}],"replies":[{"embeddable":true,"href":"https:\/\/blogs.fu-berlin.de\/reenactment\/wp-json\/wp\/v2\/comments?post=82"}],"version-history":[{"count":2,"href":"https:\/\/blogs.fu-berlin.de\/reenactment\/wp-json\/wp\/v2\/posts\/82\/revisions"}],"predecessor-version":[{"id":84,"href":"https:\/\/blogs.fu-berlin.de\/reenactment\/wp-json\/wp\/v2\/posts\/82\/revisions\/84"}],"wp:attachment":[{"href":"https:\/\/blogs.fu-berlin.de\/reenactment\/wp-json\/wp\/v2\/media?parent=82"}],"wp:term":[{"taxonomy":"category","embeddable":true,"href":"https:\/\/blogs.fu-berlin.de\/reenactment\/wp-json\/wp\/v2\/categories?post=82"},{"taxonomy":"post_tag","embeddable":true,"href":"https:\/\/blogs.fu-berlin.de\/reenactment\/wp-json\/wp\/v2\/tags?post=82"}],"curies":[{"name":"wp","href":"https:\/\/api.w.org\/{rel}","templated":true}]}}