{"id":374,"date":"2017-10-29T10:59:48","date_gmt":"2017-10-29T09:59:48","guid":{"rendered":"https:\/\/blogs.fu-berlin.de\/soellner\/?p=374"},"modified":"2017-10-29T11:04:51","modified_gmt":"2017-10-29T10:04:51","slug":"fortfuehrung-des-projekts-an-der-universitaet-bielefeld","status":"publish","type":"post","link":"https:\/\/blogs.fu-berlin.de\/soellner\/2017\/10\/29\/fortfuehrung-des-projekts-an-der-universitaet-bielefeld\/","title":{"rendered":"Fortf\u00fchrung des Projekts an der Universit\u00e4t Bielefeld"},"content":{"rendered":"<p>Nach meinem Wechsel an die Universit\u00e4t Bielefeld f\u00fchre ich das Projekt WatchTheCourt dort weiter.<\/p>\n<p>Bis zur vollst\u00e4ndigen Umstellung dieser Seite erreichen Sie die Inhalte des Projekts nur \u00fcber einen Link zur Internetseite meines neuen Lehrstuhls:<\/p>\n<p><a href=\"https:\/\/www.jura.uni-bielefeld.de\/lehrstuehle\/schwab\/willkommen\">https:\/\/www.jura.uni-bielefeld.de\/lehrstuehle\/schwab\/willkommen<\/a><\/p>\n","protected":false},"excerpt":{"rendered":"<p>Nach meinem Wechsel an die Universit\u00e4t Bielefeld f\u00fchre ich das Projekt WatchTheCourt dort weiter. Bis zur vollst\u00e4ndigen Umstellung dieser Seite erreichen Sie die Inhalte des Projekts nur \u00fcber einen Link zur Internetseite meines neuen Lehrstuhls: https:\/\/www.jura.uni-bielefeld.de\/lehrstuehle\/schwab\/willkommen<\/p>\n","protected":false},"author":235,"featured_media":0,"comment_status":"closed","ping_status":"open","sticky":false,"template":"","format":"standard","meta":{"footnotes":""},"categories":[1],"tags":[],"class_list":["post-374","post","type-post","status-publish","format-standard","hentry","category-allgemein"],"_links":{"self":[{"href":"https:\/\/blogs.fu-berlin.de\/soellner\/wp-json\/wp\/v2\/posts\/374","targetHints":{"allow":["GET"]}}],"collection":[{"href":"https:\/\/blogs.fu-berlin.de\/soellner\/wp-json\/wp\/v2\/posts"}],"about":[{"href":"https:\/\/blogs.fu-berlin.de\/soellner\/wp-json\/wp\/v2\/types\/post"}],"author":[{"embeddable":true,"href":"https:\/\/blogs.fu-berlin.de\/soellner\/wp-json\/wp\/v2\/users\/235"}],"replies":[{"embeddable":true,"href":"https:\/\/blogs.fu-berlin.de\/soellner\/wp-json\/wp\/v2\/comments?post=374"}],"version-history":[{"count":4,"href":"https:\/\/blogs.fu-berlin.de\/soellner\/wp-json\/wp\/v2\/posts\/374\/revisions"}],"predecessor-version":[{"id":378,"href":"https:\/\/blogs.fu-berlin.de\/soellner\/wp-json\/wp\/v2\/posts\/374\/revisions\/378"}],"wp:attachment":[{"href":"https:\/\/blogs.fu-berlin.de\/soellner\/wp-json\/wp\/v2\/media?parent=374"}],"wp:term":[{"taxonomy":"category","embeddable":true,"href":"https:\/\/blogs.fu-berlin.de\/soellner\/wp-json\/wp\/v2\/categories?post=374"},{"taxonomy":"post_tag","embeddable":true,"href":"https:\/\/blogs.fu-berlin.de\/soellner\/wp-json\/wp\/v2\/tags?post=374"}],"curies":[{"name":"wp","href":"https:\/\/api.w.org\/{rel}","templated":true}]}}