{"id":237,"date":"2023-01-13T10:43:33","date_gmt":"2023-01-13T09:43:33","guid":{"rendered":"https:\/\/blogs.fu-berlin.de\/sommerfest\/?p=237"},"modified":"2023-07-14T09:03:29","modified_gmt":"2023-07-14T07:03:29","slug":"75-jahre-freie-universitaet-berlin-das-muss-gefeiert-werden","status":"publish","type":"post","link":"https:\/\/blogs.fu-berlin.de\/sommerfest\/2023\/01\/13\/75-jahre-freie-universitaet-berlin-das-muss-gefeiert-werden\/","title":{"rendered":"75. Jahre Freie Universit\u00e4t Berlin &#8211; das muss gefeiert werden"},"content":{"rendered":"\n<p>Nach der Premiere des Sommerfestes im Jahr 2022, gibt es dieses Jahr wieder einen tollen Grund, gemeinsam mit Kolleg*innen, Komiliton*innen und Angeh\u00f6rigen zu feiern. <\/p>\n\n\n\n<p>Im Zuge des 75. Geburtstages der Freien Universit\u00e4t Berlin m\u00f6chten wir an den Erfolg des Sommerfestes 2022 ankn\u00fcpfen. Somit l\u00e4dt auch dieses Jahr das Pr\u00e4sidium der FU Berlin alle Besch\u00e4ftigen und Studierenden am 29.06.2023 zum gro\u00dfen FU-Sommerfest auf dem Vorplatz der Holzlaube (Fabeckstra\u00dfe) ein.<\/p>\n\n\n\n<p>Es darf, bis in den sp\u00e4ten Abend hinein, getanzt, gelacht, unterhalten und gefeiert werden. Eine gro\u00dfe B\u00fchne, tolle Live-Bands, leckere, erschwingliche Getr\u00e4nke und eine gro\u00dfe Essensauswahl sowie ein breites Rahmenprogramm mit vielen \u00dcberraschungen sorgen f\u00fcr einen unvergesslichen Abend. Der Eintritt ist frei!<\/p>\n\n\n\n<p>\u00dcbrigens: Zeitgleich findet auch der <a rel=\"noreferrer noopener\" href=\"https:\/\/blogs.fu-berlin.de\/campusrun\/\" target=\"_blank\">Campus Run<\/a> der Freien Universit\u00e4t Berlin statt!<\/p>\n\n\n\n<p>Euer Veranstaltungsteam<\/p>\n","protected":false},"excerpt":{"rendered":"<p>Nach der Premiere des Sommerfestes im Jahr 2022, gibt es dieses Jahr wieder einen tollen Grund, gemeinsam mit Kolleg*innen, Komiliton*innen und Angeh\u00f6rigen zu feiern. Im Zuge des 75. Geburtstages der Freien Universit\u00e4t Berlin m\u00f6chten wir an den Erfolg des Sommerfestes 2022 ankn\u00fcpfen. Somit l\u00e4dt auch dieses Jahr das Pr\u00e4sidium der FU Berlin alle Besch\u00e4ftigen und &hellip; <a href=\"https:\/\/blogs.fu-berlin.de\/sommerfest\/2023\/01\/13\/75-jahre-freie-universitaet-berlin-das-muss-gefeiert-werden\/\" class=\"more-link\"><span class=\"screen-reader-text\">\u201e75. Jahre Freie Universit\u00e4t Berlin &#8211; das muss gefeiert werden\u201c<\/span> weiterlesen<\/a><\/p>\n","protected":false},"author":6990,"featured_media":0,"comment_status":"closed","ping_status":"closed","sticky":false,"template":"","format":"standard","meta":{"footnotes":""},"categories":[9],"tags":[],"class_list":["post-237","post","type-post","status-publish","format-standard","hentry","category-allgemein"],"_links":{"self":[{"href":"https:\/\/blogs.fu-berlin.de\/sommerfest\/wp-json\/wp\/v2\/posts\/237","targetHints":{"allow":["GET"]}}],"collection":[{"href":"https:\/\/blogs.fu-berlin.de\/sommerfest\/wp-json\/wp\/v2\/posts"}],"about":[{"href":"https:\/\/blogs.fu-berlin.de\/sommerfest\/wp-json\/wp\/v2\/types\/post"}],"author":[{"embeddable":true,"href":"https:\/\/blogs.fu-berlin.de\/sommerfest\/wp-json\/wp\/v2\/users\/6990"}],"replies":[{"embeddable":true,"href":"https:\/\/blogs.fu-berlin.de\/sommerfest\/wp-json\/wp\/v2\/comments?post=237"}],"version-history":[{"count":3,"href":"https:\/\/blogs.fu-berlin.de\/sommerfest\/wp-json\/wp\/v2\/posts\/237\/revisions"}],"predecessor-version":[{"id":243,"href":"https:\/\/blogs.fu-berlin.de\/sommerfest\/wp-json\/wp\/v2\/posts\/237\/revisions\/243"}],"wp:attachment":[{"href":"https:\/\/blogs.fu-berlin.de\/sommerfest\/wp-json\/wp\/v2\/media?parent=237"}],"wp:term":[{"taxonomy":"category","embeddable":true,"href":"https:\/\/blogs.fu-berlin.de\/sommerfest\/wp-json\/wp\/v2\/categories?post=237"},{"taxonomy":"post_tag","embeddable":true,"href":"https:\/\/blogs.fu-berlin.de\/sommerfest\/wp-json\/wp\/v2\/tags?post=237"}],"curies":[{"name":"wp","href":"https:\/\/api.w.org\/{rel}","templated":true}]}}