{"id":1,"date":"2018-11-30T15:31:10","date_gmt":"2018-11-30T14:31:10","guid":{"rendered":"https:\/\/blogs.fu-berlin.de\/stereotypes\/?p=1"},"modified":"2019-06-17T12:32:46","modified_gmt":"2019-06-17T10:32:46","slug":"hallo-welt","status":"publish","type":"post","link":"https:\/\/blogs.fu-berlin.de\/stereotypes\/2018\/11\/30\/hallo-welt\/","title":{"rendered":"Spot the Stereotype!"},"content":{"rendered":"<h2><img loading=\"lazy\" decoding=\"async\" class=\"aligncenter wp-image-33\" src=\"https:\/\/blogs.fu-berlin.de\/stereotypes\/files\/2018\/11\/Lego-l\u00e4ngs-300x111.jpg\" alt=\"\" width=\"754\" height=\"279\" srcset=\"https:\/\/blogs.fu-berlin.de\/stereotypes\/files\/2018\/11\/Lego-l\u00e4ngs-300x111.jpg 300w, https:\/\/blogs.fu-berlin.de\/stereotypes\/files\/2018\/11\/Lego-l\u00e4ngs-768x285.jpg 768w, https:\/\/blogs.fu-berlin.de\/stereotypes\/files\/2018\/11\/Lego-l\u00e4ngs-1024x380.jpg 1024w, https:\/\/blogs.fu-berlin.de\/stereotypes\/files\/2018\/11\/Lego-l\u00e4ngs-1200x445.jpg 1200w\" sizes=\"auto, (max-width: 709px) 85vw, (max-width: 909px) 67vw, (max-width: 984px) 61vw, (max-width: 1362px) 45vw, 600px\" \/><\/h2>\n<p><em>Foto: John Ashley, https:\/\/www.flickr.com\/photos\/jacreative\/148129344, <a href=\"https:\/\/creativecommons.org\/licenses\/by\/2.0\/deed.de\">CC BY 2.0<\/a><\/em><\/p>\n<p><strong>#spotthestereotype<\/strong> Unter diesem Titel fand am 6. und 7. Juni 2019 eine interdisziplin\u00e4re Tagung an der Freien Universit\u00e4t Berlin statt.<\/p>\n<p>Einzelne Beitr\u00e4ge der Konferenz stehen als <a href=\"http:\/\/www.sfb-episteme.de\/Listen_Read_Watch\/Audiomitschnitte\/spot-the-stereotype\/index.html\">Audiofiles<\/a> zur Verf\u00fcgung. Weitere Beitr\u00e4ge werden folgen.<\/p>\n<p>Das Thema der Konferenz m\u00f6chten wir wegen des gro\u00dfen Interesses auch im Anschluss weiterverfolgen. Wir haben daher eine Mailingliste erstellt und bitten alle Interessierten, <a href=\"http:\/\/: https:\/\/lists.fu-berlin.de\/listinfo\/spot-the-stereotype?&amp;language=dehttps:\/\/lists.fu-berlin.de\/listinfo\/spot-the-stereotype?&amp;language=de\">sich hier anzumelden<\/a>.<\/p>\n<p><a href=\"https:\/\/blogs.fu-berlin.de\/stereotypes\/files\/2018\/11\/CfP-Spot-the-Stereotype.pdf\"><strong>Call for Papers<\/strong> (Deadline endete am 24. M\u00e4rz 2019)<\/a><\/p>\n<p>Wir m\u00f6chten wegen der engen inhaltlichen Bez\u00fcge auch auf die Tagung aus Anlass des 100-j\u00e4hrigen Jubil\u00e4ums der Habilitation Emmy Noethers hinweisen, die an den drei Tagen zuvor (3.-5. Juni) ebenfalls an der FU Berlin stattfand: <a href=\"https:\/\/www.noetherkonferenz2019.de\/index.html\">&#8222;WIE KOMMT DAS NEUE IN DIE WELT? \u00dcber neues Wissen, alte Denkmuster und strukturelle Ver\u00e4nderungen&#8220;<\/a><\/p>\n<h2>Was hatten wir vor?<\/h2>\n<p>Unsere Tagung &#8222;Spot the Stereotype!&#8220; nahm Formen der Musterbildung in verschiedenen Lebensbereichen wie Politik, Gesellschaft, Kunst und Wissenschaft in den Blick. Das Ziel war es, Stereotype gerade dort aufzusp\u00fcren, wo wir sie nicht vermuten w\u00fcrden. Wissenschaftler_innen aus Disziplinen wie den Literatur-, Sprach- und Altertumswissenschaften, Kunst-, Kultur-, Medien- und Geschichtswissenschaften oder auch der Linguistik und Soziologie waren eingeladen, ihre Gegenst\u00e4nde und Themen, Fragestellungen und Methoden auf stereotype Annahmen hin zu befragen und diese f\u00fcr einen selbst vielleicht zun\u00e4chst \u00fcberraschenden Funde und Erkenntnisse inter-\/transdisziplin\u00e4r zu diskutieren. Zu diesem spannenden Unterfangen haben wir Nachwuchswissenschaftler_innen ebenso wie etablierte Kolleg_innen eingeladen, ihre vielleicht bereits langj\u00e4hrig beforschten Themen auf \u201eStereotype\u201c hin abzuklopfen und dadurch noch einmal eine v\u00f6llig neue Perspektive zu gewinnen.<\/p>\n<h2>Wann und wo?<\/h2>\n<p>Die Tagung fand am 6. und 7. Juni 2019 im <a href=\"https:\/\/www.google.de\/maps\/place\/Hittorfstra%C3%9Fe+18,+14195+Berlin\/@52.4498978,13.2827311,17z\/data=!3m1!4b1!4m5!3m4!1s0x47a85a6a3efef073:0x3811eb0df4f59b4d!8m2!3d52.4498946!4d13.2849198\">Topoi-Haus der Freien Universit\u00e4t Berlin (Hittorfstra\u00dfe 18)<\/a> statt. Unser offener <a href=\"https:\/\/blogs.fu-berlin.de\/stereotypes\/files\/2018\/11\/CfP-Spot-the-Stereotype.pdf\">Call for Papers<\/a> lief bis zum 24. M\u00e4rz 2019. Aus den zahlreichen Bewerbungen von Wissenschaftlerinnen und Wissenschaftler s\u00e4mtlicher Statusgruppen haben wir 13 Beitr\u00e4ge ausgew\u00e4hlt.<\/p>\n<h2>Wer sind wir?<\/h2>\n<p>Die Tagung <em>Spot the Stereotype! <\/em>ist eine gemeinsame Initiative von sieben institutions\u00fcbergreifenden Forschungsverb\u00fcnden. Beteiligt waren das <a href=\"http:\/\/www.berliner-antike-kolleg.org\">Berliner Antike-Kolleg,\u00a0<\/a>der <a href=\"http:\/\/www.topoi.org\">Exzellenzcluster \u201eTopoi. The Formation and Transformation of Space and Knowledge in Ancient Civilizations\u201c<\/a>, die <a href=\"http:\/\/www.for2305.fu-berlin.de\/\">Forschungsgruppe \u201eDiskursivierungen von Neuem. Tradition und Novation in Texten und Bildern des Mittelalters und der Fr\u00fchen Neuzeit&#8220;<\/a>, die <a href=\"https:\/\/www.geisteswissenschaften.fu-berlin.de\/friedrichschlegel\/fsgs\/index.html\">Friedrich Schlegel Graduiertenschule f\u00fcr literaturwissenschaftliche Studien<\/a>, der <a href=\"http:\/\/www.sfb-episteme.de\/\">Sonderforschungsbereich \u201eEpisteme in Bewegung. Wissenstransfer von der Alten Welt bis in die Fr\u00fche Neuzeit\u201c<\/a>, die <a href=\"http:\/\/bildevidenz.de\/\">Kolleg-Forschungsgruppe \u201eBildEvidenz. Geschichte und \u00c4sthetik\u201c<\/a> sowie der <a href=\"https:\/\/www.temporal-communities.de\/index.html\">Exzellenzcluster \u201eTemporal Communities. Doing Literature in a Global <\/a><a href=\"https:\/\/www.temporal-communities.de\/index.html\">Perspective\u201c<\/a>.<\/p>\n<p>Das Organisationskommitee der Konferenz besteht aus: Helen Dawson (FU Berlin, Exzellenzcluster Topoi), Sabine Greiner (DFG-Forschungsgruppe Diskursivierungen von Neuem), Kristiane Hasselmann (SFB Episteme in Bewegung), Rebecca Mak (FU Berlin, Friedrich Schlegel Graduiertenschule f\u00fcr literaturwissenschaftliche Studien), Henrike Simon (Berliner Antike-Kolleg), Hauke Ziemssen (FU Berlin, Exzellenzcluster Topoi).<\/p>\n<h2><img loading=\"lazy\" decoding=\"async\" class=\"alignnone wp-image-28\" src=\"https:\/\/blogs.fu-berlin.de\/stereotypes\/files\/2019\/02\/FU-Logo_Web_RGB.gif\" alt=\"\" width=\"211\" height=\"59\" \/>\u00a0\u00a0\u00a0\u00a0\u00a0\u00a0\u00a0\u00a0 <img loading=\"lazy\" decoding=\"async\" class=\"alignnone wp-image-19\" src=\"https:\/\/blogs.fu-berlin.de\/stereotypes\/files\/2018\/11\/hukombi_bbw-300x60.jpg\" alt=\"\" width=\"285\" height=\"57\" srcset=\"https:\/\/blogs.fu-berlin.de\/stereotypes\/files\/2018\/11\/hukombi_bbw-300x60.jpg 300w, https:\/\/blogs.fu-berlin.de\/stereotypes\/files\/2018\/11\/hukombi_bbw-768x154.jpg 768w, https:\/\/blogs.fu-berlin.de\/stereotypes\/files\/2018\/11\/hukombi_bbw-1024x205.jpg 1024w, https:\/\/blogs.fu-berlin.de\/stereotypes\/files\/2018\/11\/hukombi_bbw-1200x241.jpg 1200w, https:\/\/blogs.fu-berlin.de\/stereotypes\/files\/2018\/11\/hukombi_bbw.jpg 1831w\" sizes=\"auto, (max-width: 285px) 85vw, 285px\" \/><\/h2>\n<h2><img loading=\"lazy\" decoding=\"async\" class=\"alignnone wp-image-20\" src=\"https:\/\/blogs.fu-berlin.de\/stereotypes\/files\/2018\/11\/BAK-300x56.jpg\" alt=\"\" width=\"247\" height=\"46\" srcset=\"https:\/\/blogs.fu-berlin.de\/stereotypes\/files\/2018\/11\/BAK-300x56.jpg 300w, https:\/\/blogs.fu-berlin.de\/stereotypes\/files\/2018\/11\/BAK-768x144.jpg 768w, https:\/\/blogs.fu-berlin.de\/stereotypes\/files\/2018\/11\/BAK-1024x192.jpg 1024w, https:\/\/blogs.fu-berlin.de\/stereotypes\/files\/2018\/11\/BAK-1200x225.jpg 1200w, https:\/\/blogs.fu-berlin.de\/stereotypes\/files\/2018\/11\/BAK.jpg 1762w\" sizes=\"auto, (max-width: 247px) 85vw, 247px\" \/>\u00a0\u00a0\u00a0\u00a0\u00a0\u00a0 <img loading=\"lazy\" decoding=\"async\" class=\"alignnone wp-image-18\" src=\"https:\/\/blogs.fu-berlin.de\/stereotypes\/files\/2018\/11\/20120207_Logo_Topoi_CMYK_Pfade_hg_hell_\u00a9Topoi2-300x59.jpg\" alt=\"\" width=\"264\" height=\"52\" srcset=\"https:\/\/blogs.fu-berlin.de\/stereotypes\/files\/2018\/11\/20120207_Logo_Topoi_CMYK_Pfade_hg_hell_\u00a9Topoi2-300x59.jpg 300w, https:\/\/blogs.fu-berlin.de\/stereotypes\/files\/2018\/11\/20120207_Logo_Topoi_CMYK_Pfade_hg_hell_\u00a9Topoi2-768x151.jpg 768w, https:\/\/blogs.fu-berlin.de\/stereotypes\/files\/2018\/11\/20120207_Logo_Topoi_CMYK_Pfade_hg_hell_\u00a9Topoi2-1024x201.jpg 1024w, https:\/\/blogs.fu-berlin.de\/stereotypes\/files\/2018\/11\/20120207_Logo_Topoi_CMYK_Pfade_hg_hell_\u00a9Topoi2-1200x236.jpg 1200w\" sizes=\"auto, (max-width: 264px) 85vw, 264px\" \/><\/h2>\n<h2>\u00a0\u00a0\u00a0 <img loading=\"lazy\" decoding=\"async\" class=\"alignnone wp-image-17\" src=\"https:\/\/blogs.fu-berlin.de\/stereotypes\/files\/2018\/11\/Logo-FOR-2305-300x216.gif\" alt=\"\" width=\"147\" height=\"106\" srcset=\"https:\/\/blogs.fu-berlin.de\/stereotypes\/files\/2018\/11\/Logo-FOR-2305-300x216.gif 300w, https:\/\/blogs.fu-berlin.de\/stereotypes\/files\/2018\/11\/Logo-FOR-2305-768x554.gif 768w, https:\/\/blogs.fu-berlin.de\/stereotypes\/files\/2018\/11\/Logo-FOR-2305-1024x738.gif 1024w, https:\/\/blogs.fu-berlin.de\/stereotypes\/files\/2018\/11\/Logo-FOR-2305-1200x865.gif 1200w\" sizes=\"auto, (max-width: 147px) 85vw, 147px\" \/>\u00a0\u00a0\u00a0\u00a0\u00a0\u00a0\u00a0\u00a0\u00a0\u00a0\u00a0\u00a0\u00a0\u00a0\u00a0\u00a0 <img loading=\"lazy\" decoding=\"async\" class=\"alignnone size-medium wp-image-25\" src=\"https:\/\/blogs.fu-berlin.de\/stereotypes\/files\/2019\/02\/FSGS-300x64.png\" alt=\"\" width=\"300\" height=\"64\" srcset=\"https:\/\/blogs.fu-berlin.de\/stereotypes\/files\/2019\/02\/FSGS-300x64.png 300w, https:\/\/blogs.fu-berlin.de\/stereotypes\/files\/2019\/02\/FSGS.png 700w\" sizes=\"auto, (max-width: 300px) 85vw, 300px\" \/><\/h2>\n<h2><img loading=\"lazy\" decoding=\"async\" class=\"alignnone wp-image-23\" src=\"https:\/\/blogs.fu-berlin.de\/stereotypes\/files\/2019\/02\/logo-sfb980-1-300x91.png\" alt=\"\" width=\"208\" height=\"63\" srcset=\"https:\/\/blogs.fu-berlin.de\/stereotypes\/files\/2019\/02\/logo-sfb980-1-300x91.png 300w, https:\/\/blogs.fu-berlin.de\/stereotypes\/files\/2019\/02\/logo-sfb980-1-768x233.png 768w, https:\/\/blogs.fu-berlin.de\/stereotypes\/files\/2019\/02\/logo-sfb980-1-1024x310.png 1024w, https:\/\/blogs.fu-berlin.de\/stereotypes\/files\/2019\/02\/logo-sfb980-1-1200x364.png 1200w, https:\/\/blogs.fu-berlin.de\/stereotypes\/files\/2019\/02\/logo-sfb980-1.png 2000w\" sizes=\"auto, (max-width: 208px) 85vw, 208px\" \/>\u00a0\u00a0\u00a0\u00a0\u00a0\u00a0\u00a0\u00a0\u00a0\u00a0\u00a0\u00a0\u00a0\u00a0\u00a0\u00a0 <img loading=\"lazy\" decoding=\"async\" class=\"alignnone wp-image-83\" src=\"https:\/\/blogs.fu-berlin.de\/stereotypes\/files\/2018\/11\/TempCom-Logo_RGB-blk-300dpi-04-300x96.png\" alt=\"\" width=\"257\" height=\"82\" srcset=\"https:\/\/blogs.fu-berlin.de\/stereotypes\/files\/2018\/11\/TempCom-Logo_RGB-blk-300dpi-04-300x96.png 300w, https:\/\/blogs.fu-berlin.de\/stereotypes\/files\/2018\/11\/TempCom-Logo_RGB-blk-300dpi-04-768x246.png 768w, https:\/\/blogs.fu-berlin.de\/stereotypes\/files\/2018\/11\/TempCom-Logo_RGB-blk-300dpi-04-1024x328.png 1024w, https:\/\/blogs.fu-berlin.de\/stereotypes\/files\/2018\/11\/TempCom-Logo_RGB-blk-300dpi-04-1200x384.png 1200w, https:\/\/blogs.fu-berlin.de\/stereotypes\/files\/2018\/11\/TempCom-Logo_RGB-blk-300dpi-04.png 1755w\" sizes=\"auto, (max-width: 257px) 85vw, 257px\" \/><\/h2>\n<h2><img loading=\"lazy\" decoding=\"async\" class=\"alignnone wp-image-26\" src=\"https:\/\/blogs.fu-berlin.de\/stereotypes\/files\/2019\/02\/Bild-Evidenz-300x121.png\" alt=\"\" width=\"238\" height=\"96\" srcset=\"https:\/\/blogs.fu-berlin.de\/stereotypes\/files\/2019\/02\/Bild-Evidenz-300x121.png 300w, https:\/\/blogs.fu-berlin.de\/stereotypes\/files\/2019\/02\/Bild-Evidenz.png 541w\" sizes=\"auto, (max-width: 238px) 85vw, 238px\" \/><\/h2>\n","protected":false},"excerpt":{"rendered":"<p>Foto: John Ashley, https:\/\/www.flickr.com\/photos\/jacreative\/148129344, CC BY 2.0 #spotthestereotype Unter diesem Titel fand am 6. und 7. Juni 2019 eine interdisziplin\u00e4re Tagung an der Freien Universit\u00e4t Berlin statt. Einzelne Beitr\u00e4ge der Konferenz stehen als Audiofiles zur Verf\u00fcgung. Weitere Beitr\u00e4ge werden folgen. Das Thema der Konferenz m\u00f6chten wir wegen des gro\u00dfen Interesses auch im Anschluss weiterverfolgen. Wir &hellip; <a href=\"https:\/\/blogs.fu-berlin.de\/stereotypes\/2018\/11\/30\/hallo-welt\/\" class=\"more-link\"><span class=\"screen-reader-text\">\u201eSpot the Stereotype!\u201c<\/span> weiterlesen<\/a><\/p>\n","protected":false},"author":3617,"featured_media":0,"comment_status":"open","ping_status":"open","sticky":false,"template":"","format":"gallery","meta":{"footnotes":""},"categories":[9],"tags":[],"class_list":["post-1","post","type-post","status-publish","format-gallery","hentry","category-allgemein","post_format-post-format-gallery"],"_links":{"self":[{"href":"https:\/\/blogs.fu-berlin.de\/stereotypes\/wp-json\/wp\/v2\/posts\/1","targetHints":{"allow":["GET"]}}],"collection":[{"href":"https:\/\/blogs.fu-berlin.de\/stereotypes\/wp-json\/wp\/v2\/posts"}],"about":[{"href":"https:\/\/blogs.fu-berlin.de\/stereotypes\/wp-json\/wp\/v2\/types\/post"}],"author":[{"embeddable":true,"href":"https:\/\/blogs.fu-berlin.de\/stereotypes\/wp-json\/wp\/v2\/users\/3617"}],"replies":[{"embeddable":true,"href":"https:\/\/blogs.fu-berlin.de\/stereotypes\/wp-json\/wp\/v2\/comments?post=1"}],"version-history":[{"count":31,"href":"https:\/\/blogs.fu-berlin.de\/stereotypes\/wp-json\/wp\/v2\/posts\/1\/revisions"}],"predecessor-version":[{"id":94,"href":"https:\/\/blogs.fu-berlin.de\/stereotypes\/wp-json\/wp\/v2\/posts\/1\/revisions\/94"}],"wp:attachment":[{"href":"https:\/\/blogs.fu-berlin.de\/stereotypes\/wp-json\/wp\/v2\/media?parent=1"}],"wp:term":[{"taxonomy":"category","embeddable":true,"href":"https:\/\/blogs.fu-berlin.de\/stereotypes\/wp-json\/wp\/v2\/categories?post=1"},{"taxonomy":"post_tag","embeddable":true,"href":"https:\/\/blogs.fu-berlin.de\/stereotypes\/wp-json\/wp\/v2\/tags?post=1"}],"curies":[{"name":"wp","href":"https:\/\/api.w.org\/{rel}","templated":true}]}}