{"id":5,"date":"2012-03-03T00:12:35","date_gmt":"2012-03-02T23:12:35","guid":{"rendered":"https:\/\/blogs.fu-berlin.de\/symjapan\/?p=5"},"modified":"2014-02-05T08:49:15","modified_gmt":"2014-02-05T07:49:15","slug":"call-for-papers","status":"publish","type":"post","link":"https:\/\/blogs.fu-berlin.de\/symjapan\/2012\/03\/03\/call-for-papers\/","title":{"rendered":"Call for Papers"},"content":{"rendered":"<p>Titel: KATASTROPHEN &#8211; Ausnahme! Zustand?<\/p>\n<p>Kein Ereignis hat die japanische \u00d6ffentlichkeit und mit ihm die Japanologie im Jahr 2011 mehr bewegt als das dreifache Ungl\u00fcck von T\u014dhoku durch Erdbeben, Tsunami und den Reaktorunfall in Fukushima. Schon bald wurde von der \u201ejapanischen Katastrophe\u201c gesprochen, deren Auswirkungen bis weit in die Zukunft die japanische Gesellschaft und ihre Wahrnehmung ver\u00e4ndern w\u00fcrden. Das Bed\u00fcrfnis nach der Auf- und Verarbeitung einer Katastrophe ist daher ebenso selbstverst\u00e4ndlich wie problematisch. Ab wann kann man von einer Katastrophe sprechen? Welchen Einfluss \u00fcbt sie auf die Menschen aus und welche Konsequenzen ergeben sich aus ihr? Besonders Japan scheint durch seine Geschichte Natur- und menschengemachter Katastrophen eine wissenschaftliche Auseinandersetzung mit der Katastrophe zu fordern. Wir m\u00f6chten dies daher zum Ausgang nehmen, um das Thema Katastrophe in einem weiteren Kontext zu betrachten.<br \/>\nDas Thema bietet zahlreiche M\u00f6glichkeiten der Untersuchung: Sei es aus kulturwissenschaftlicher Sicht in Bezug auf die Thematisierung von Katastrophen in der Literatur, in politikwissenschaftlicher Analyse des Handelns einer Regierung, in Betrachtung der wirtschaftlichen Implikationen oder durch andere, interdisziplin\u00e4re Positionen. Dieses breite Themenfeld bietet eine Grundlage f\u00fcr eine kommunikative Reflexion innerhalb eines Symposiums, das der Frage nachgehen soll, welches Bewusstsein sich anhand diesbez\u00fcglicher japanischer Ph\u00e4nomene abzeichnet und wie dem Thema aus seinem geschichtlichen Verst\u00e4ndnis heraus auch in Zukunft begegnet werden kann.<br \/>\n<!--more--><br \/>\nDie Studentenschaft der Japanologie der Freien Universit\u00e4t Berlin ruft daher Studierende jeder Disziplin und aller Semester zum 2. Studentischen Symposium der Japanologie auf. Wir m\u00f6chten das Thema vor einem multidisziplin\u00e4ren Hintergrund beleuchten, um es auf vielf\u00e4ltige und ergiebige Weise zu erfassen und verschiedenen Perspektiven aufzuzeigen. Wir w\u00fcrden uns freuen, auch mit KommilitonInnen aus den Japanologien anderer Universit\u00e4ten in Austausch treten zu k\u00f6nnen. Das Symposium soll eine M\u00f6glichkeit bieten, au\u00dferhalb der \u00fcblichen Regularien sich und sein Thema oder Forschungsvorhaben in einem japanologischen Kontext erproben zu k\u00f6nnen.<\/p>\n<p>Interessierte Studierende werden gebeten, bis zum 29.02.2012 ein Abstract (maximal 500 W\u00f6rter) sowie eine Kurzbiographie (letzte\/geplante Abschlu\u00dfarbeit, Themenschwerpunkte) an symposium.berlin@gmail.com zu schicken. Die Vortragszeit sollte nicht mehr als 20 Minuten betragen. F\u00fcr jeden Vortrag sind zun\u00e4chst 10 Minuten Diskussionszeit vorgesehen.<\/p>\n","protected":false},"excerpt":{"rendered":"<p>KATASTROPHEN &#8211; Ausnahme! Zustand?<\/p>\n","protected":false},"author":760,"featured_media":0,"comment_status":"closed","ping_status":"open","sticky":false,"template":"","format":"standard","meta":{"footnotes":""},"categories":[1],"tags":[],"class_list":["post-5","post","type-post","status-publish","format-standard","hentry","category-allgemein"],"_links":{"self":[{"href":"https:\/\/blogs.fu-berlin.de\/symjapan\/wp-json\/wp\/v2\/posts\/5","targetHints":{"allow":["GET"]}}],"collection":[{"href":"https:\/\/blogs.fu-berlin.de\/symjapan\/wp-json\/wp\/v2\/posts"}],"about":[{"href":"https:\/\/blogs.fu-berlin.de\/symjapan\/wp-json\/wp\/v2\/types\/post"}],"author":[{"embeddable":true,"href":"https:\/\/blogs.fu-berlin.de\/symjapan\/wp-json\/wp\/v2\/users\/760"}],"replies":[{"embeddable":true,"href":"https:\/\/blogs.fu-berlin.de\/symjapan\/wp-json\/wp\/v2\/comments?post=5"}],"version-history":[{"count":4,"href":"https:\/\/blogs.fu-berlin.de\/symjapan\/wp-json\/wp\/v2\/posts\/5\/revisions"}],"predecessor-version":[{"id":201,"href":"https:\/\/blogs.fu-berlin.de\/symjapan\/wp-json\/wp\/v2\/posts\/5\/revisions\/201"}],"wp:attachment":[{"href":"https:\/\/blogs.fu-berlin.de\/symjapan\/wp-json\/wp\/v2\/media?parent=5"}],"wp:term":[{"taxonomy":"category","embeddable":true,"href":"https:\/\/blogs.fu-berlin.de\/symjapan\/wp-json\/wp\/v2\/categories?post=5"},{"taxonomy":"post_tag","embeddable":true,"href":"https:\/\/blogs.fu-berlin.de\/symjapan\/wp-json\/wp\/v2\/tags?post=5"}],"curies":[{"name":"wp","href":"https:\/\/api.w.org\/{rel}","templated":true}]}}