{"id":1082,"date":"2022-01-18T16:33:29","date_gmt":"2022-01-18T15:33:29","guid":{"rendered":"https:\/\/blogs.fu-berlin.de\/toolbox\/?p=1082"},"modified":"2024-08-26T09:57:41","modified_gmt":"2024-08-26T07:57:41","slug":"toolbox-wird-sieben-bilanz-geburtstag","status":"publish","type":"post","link":"https:\/\/blogs.fu-berlin.de\/toolbox\/2022\/01\/18\/toolbox-wird-sieben-bilanz-geburtstag\/","title":{"rendered":"Die Toolbox wird sieben &#8211; eine Bilanz zum Geburtstag"},"content":{"rendered":"\n<div class=\"wp-block-media-text alignwide is-stacked-on-mobile\"><figure class=\"wp-block-media-text__media\"><img loading=\"lazy\" decoding=\"async\" width=\"1024\" height=\"683\" src=\"https:\/\/blogs.fu-berlin.de\/toolbox\/files\/2021\/12\/Postkarte_Heute-schon-e1666095284904-1024x683.png\" alt=\"\" class=\"wp-image-1089 size-full\" srcset=\"https:\/\/blogs.fu-berlin.de\/toolbox\/files\/2021\/12\/Postkarte_Heute-schon-e1666095284904-1024x683.png 1024w, https:\/\/blogs.fu-berlin.de\/toolbox\/files\/2021\/12\/Postkarte_Heute-schon-e1666095284904-300x200.png 300w, https:\/\/blogs.fu-berlin.de\/toolbox\/files\/2021\/12\/Postkarte_Heute-schon-e1666095284904-768x512.png 768w, https:\/\/blogs.fu-berlin.de\/toolbox\/files\/2021\/12\/Postkarte_Heute-schon-e1666095284904.png 1166w\" sizes=\"auto, (max-width: 709px) 85vw, (max-width: 909px) 67vw, (max-width: 1362px) 62vw, 840px\" \/><\/figure><div class=\"wp-block-media-text__content\">\n<p>Im Januar 2015 begannen zwei Projektmitarbeiterinnen, Inga N\u00fcthen und Pia Garske, mit der systematischen Arbeit an der&nbsp;<a href=\"https:\/\/www.genderdiversitylehre.fu-berlin.de\/toolbox\/index.html\">Toolbox Gender und Diversity in der Lehre<\/a>. &#8222;Instrumentenkasten&#8220; hie\u00df das Projekt damals. Der Name unseres Laufwerks erinnert uns heute noch daran.<\/p>\n\n\n\n<!--more-->\n<\/div><\/div>\n\n\n<p><span style=\"font-size: inherit\">Das Margherita-von-Brentano-Zentrum (damals &#8222;Zentraleinrichtung zur F\u00f6rderung von Frauen- und Geschlechterforschung&#8220;) und das Team Zentrale Frauenbeauftragte (damals &#8222;B\u00fcro der Zentralen Frauenbeauftragten\u201c) hatten erfolgreiche Vorarbeit geleistet. Anfang 2013 hatten sie einen hochschulweiten Arbeitskreis &#8222;Gender in der Lehre&#8220; ins Leben gerufen und zum 1. Januar 2015 konnte die Toolbox mit zwei 50%-Projektstellen starten, finanziert als gleichstellungsf\u00f6rdernde Ma\u00dfnahme im Rahmen des Professorinnenprogramms II.<\/span><\/p>\n<p>2016, knapp zwei Jahre nach Projektstart, ging die Toolbox online <strong>\u2500<\/strong> zun\u00e4chst noch im nicht-responsiven Design der Freien Universit\u00e4t Berlin. Pia Garske und Melanie Bittner hatten den Launch kurz vor der Deadline realisiert. Die gab es, weil vom 24. bis 26. November 2016 die Tagung &#8222;<a href=\"https:\/\/www.genderdiversitylehre.fu-berlin.de\/toolbox\/ressourcen\/konferenz\/index.html\">Gender und Diversity in die Lehre! Strategien, Praxen, Widerst\u00e4nde<\/a>&#8220; stattfand<\/p>\n<p><!--more-->Die Konferenz wurde mit unserem\u00a0<a href=\"https:\/\/www.genderdiversitylehre.fu-berlin.de\/toolbox\/starterkit\/erklaerfilm\/index.html\">Erkl\u00e4rfilm<\/a>\u00a0er\u00f6ffnet, bot rund 200 Teilnehmenden viele Gelegenheiten zum Austausch und endete mit der Gr\u00fcndung des bundesweiten\u00a0<a href=\"http:\/\/netzwerk-gender-diversity-lehre.de\/\">Netzwerks Gender und Diversity in der Lehre<\/a>, das sich seitdem zweimal j\u00e4hrlich trifft.<\/p>\n<p>Parallel zu dem Website-Launch und der Konferenz konnte die Weiterfinanzierung sichergestellt werden. Eine F\u00f6rderung durch die <a href=\"https:\/\/www.fu-berlin.de\/sites\/cio\">Stabsstelle CIO<\/a> der FU erm\u00f6glichte die Fortsetzung f\u00fcr ein weiteres Jahr. In dieser Projektphase wurde die Toolbox-Website nicht nur responsiv, sondern auch auf Englisch zur Verf\u00fcgung gestellt. Kathleen Heft und Melanie Bittner erstellten au\u00dferdem zwei Quizzes und ver\u00f6ffentlichten die ersten Good-Practice-Beispiele aus der Freien Universit\u00e4t und dar\u00fcber hinaus.\u00a0Und es begann die Phase der Bekanntmachung unseres Angebots. Intern sprachen wir von einer &#8222;PR-Tour&#8220;, bei der wir die Toolbox in zahlreichen Fachbereichsr\u00e4ten, Institutsr\u00e4ten und anderen Gremien vorstellten. Ein\u00a0<a href=\"https:\/\/www.fu-berlin.de\/campusleben\/lernen-und-lehren\/2017\/170530-toolbox-gender-diversity\/index.html\">Interview mit campus.leben<\/a>\u00a0machte uns digital sichtbarer.<\/p>\n<figure id=\"attachment_1087\" aria-describedby=\"caption-attachment-1087\" style=\"width: 1000px\" class=\"wp-caption alignnone\"><img loading=\"lazy\" decoding=\"async\" class=\"wp-image-1087 size-full\" src=\"https:\/\/blogs.fu-berlin.de\/toolbox\/files\/2021\/12\/heft-und-bittner.jpeg\" alt=\"Kathleen Heft und Melanie Bittner vor einem gr\u00fcnen Busch\" width=\"1000\" height=\"666\" srcset=\"https:\/\/blogs.fu-berlin.de\/toolbox\/files\/2021\/12\/heft-und-bittner.jpeg 1000w, https:\/\/blogs.fu-berlin.de\/toolbox\/files\/2021\/12\/heft-und-bittner-300x200.jpeg 300w, https:\/\/blogs.fu-berlin.de\/toolbox\/files\/2021\/12\/heft-und-bittner-768x511.jpeg 768w\" sizes=\"auto, (max-width: 709px) 85vw, (max-width: 909px) 67vw, (max-width: 1362px) 62vw, 840px\" \/><figcaption id=\"caption-attachment-1087\" class=\"wp-caption-text\">&#8222;Es geht um die Haltung&#8220; &#8211; das war unsere wichtigste Botschaft im Interview mit campus.leben<\/figcaption><\/figure>\n<p>Allzu schnell ging es wieder um die finanzielle Zukunft des Projekts. Nach einer \u00dcberbr\u00fcckungsphase, in der das Margherita-von-Brentano-Zentrum und das Team Zentrale Frauenbeauftragte sechs Monate lang aus Eigenmitteln zwei halbe Stellen finanzierten, war ab Mitte 2018 die Finanzierung von immerhin einer Projektstelle (65 %) f\u00fcr zwei weitere Jahre sichergestellt, neuerlich dank der Stabsstelle CIO. Seit Mitte 2020 wird die Toolbox wieder mit zwei Projektstellen (50 %) im Rahmen des Professorinnenprogramms III gef\u00f6rdert. Die zweite Stelle konnte leider erst zum 1. Januar 2022 besetzt werden. Die Fortsetzung ist aktuell bis Ende 2023 gesichert. Bis dahin haben wir noch einiges vor: Im Rahmen des Schwerpunkts toolbox@school m\u00f6chten wir spezielle Angebote f\u00fcr die Lehrkr\u00e4ftebildung entwickeln. Dieses Vorhaben soll nun nach erfolgreicher Besetzung aller Stellen Fahrt aufnehmen.<\/p>\n<p>Als gr\u00f6\u00dften Erfolg seit dem Start betrachten wir die Bekanntheit, die die Toolbox mittlerweile an der FU und weit dar\u00fcber hinaus erlangt hat. Viele Kolleg*innen an der FU kennen uns und wollen sich zu gender- und diversit\u00e4tsbewusster Lehre weiterbilden. Wir kooperieren regelm\u00e4\u00dfig mit dem Dahlem Center for Academic Teaching, dem Weiterbildungszentrum, dem Career Service, dem Fachbereich Wirtschaftswissenschaft und vielen anderen Einrichtungen bei Bedarf. Auch in die Organisationsentwicklung der FU haben wir unsere Expertise zu gender- und diversit\u00e4tsbewusster Lehre eingebracht: Wir haben uns aktiv an den Strategieprozessen f\u00fcr das <a href=\"https:\/\/www.fu-berlin.de\/sites\/zukunft-lehre\/index.html\">Leitbild Studium und Lehre<\/a> und das <a href=\"https:\/\/www.fu-berlin.de\/sites\/diversity\/diversity-fu\/diversity-audit\/index.html\">Diversity Audit<\/a> beteiligt.<\/p>\n<p>Die Nachfrage nach unseren Angeboten ist immens gewachsen. W\u00e4hrend wir 2017 und 2018 neben vielen Kurzpr\u00e4sentationen zum Kennenlernen 5 Workshops durchgef\u00fchrt haben, waren es 2021 neben einzelnen Kurzpr\u00e4sentationen 23 Workshops! Seit einiger Zeit \u00fcbersteigen die Anfragen sogar die Kapazit\u00e4ten, die mit den vorhandenen Ressourcen abgedeckt werden k\u00f6nnen. Wir freuen uns sehr \u00fcber das gro\u00dfe Interesse an Gender und Diversity und bedauern gleichzeitig, dass wir Workshops, die nicht zu unserer Kernaufgabe \u2013 der F\u00f6rderung gender- und diversit\u00e4tsbewusster Lehre an der FU \u2013 geh\u00f6ren, zuk\u00fcnftig kaum noch anbieten k\u00f6nnen. Darunter f\u00e4llt auch das Thema gendergerechte Sprache, das gerade viele Mitarbeitende aus allen Statusgruppen besch\u00e4ftigt.<\/p>\n<p>F\u00fcr die Zukunft hoffen wir, dass die projektbasierte Finanzierung in absehbarer Zeit in eine dauerhafte m\u00fcndet, denn die St\u00e4rkung von Gender und Diversity in der Lehre ist eine Daueraufgabe. Die Toolbox hat gezeigt, dass sie grundlegend dazu beitr\u00e4gt, und die Lehrenden nehmen das Angebot in gro\u00dfer Zahl in Anspruch.<\/p>\n<p><strong>7 Jahre Toolbox in Zahlen<\/strong><\/p>\n<ul>\n<li>4,5 F\u00f6rderphasen: Professorinnenprogramm II, Stabsstelle CIO, \u00dcberbr\u00fcckungsfinanzierung durch MvBZ und zentrale Frauenbeauftragte, Stabsstelle CIO, Professorinnenprogramm III<\/li>\n<li>5 engagierte Projektkoordinatorinnen: Inga N\u00fcthen, Pia Garske, Kathleen Heft (Ehemalige); Melanie Bittner (aktuell), Jana Gerlach (ganz neu seit 1.1.22)<\/li>\n<li>8 gro\u00dfartige studentische Mitarbeiter*innen: Laurel Braddock, Jamina Diel, Ellen Fischer, Lian H\u00fcntelmann, Susanne Romanowski (Ehemalige); Svenja Efinger, Anna Osypova und Angelina Uhl (aktuelle Mitarbeitende)<\/li>\n<li>8 Newsletter<\/li>\n<li>58 Blogbeitr\u00e4ge seit Start des Toolbox-Blogs Mitte 2019<\/li>\n<li>knapp 1.500 Followers auf Twitter seit Mitte 2019<\/li>\n<li>zahlreiche Kooperationen an der FU sowie mehr Lehrende, Tutor*innen, Mentor*innen und weitere Besch\u00e4ftigte in unseren Workshops als wir z\u00e4hlen k\u00f6nnen \ud83d\ude42<\/li>\n<\/ul>","protected":false},"excerpt":{"rendered":"<p>Im Januar 2015 begannen zwei Projektmitarbeiterinnen, Inga N\u00fcthen und Pia Garske, mit der systematischen Arbeit an der&nbsp;Toolbox Gender und Diversity in der Lehre. &#8222;Instrumentenkasten&#8220; hie\u00df das Projekt damals. Der Name unseres Laufwerks erinnert uns heute noch daran.<\/p>\n","protected":false},"author":3727,"featured_media":0,"comment_status":"open","ping_status":"open","sticky":false,"template":"","format":"standard","meta":{"footnotes":""},"categories":[603],"tags":[197043,276947],"class_list":["post-1082","post","type-post","status-publish","format-standard","hentry","category-vorgestellt","tag-freie-universitaet-berlin","tag-kooperationen"],"_links":{"self":[{"href":"https:\/\/blogs.fu-berlin.de\/toolbox\/wp-json\/wp\/v2\/posts\/1082","targetHints":{"allow":["GET"]}}],"collection":[{"href":"https:\/\/blogs.fu-berlin.de\/toolbox\/wp-json\/wp\/v2\/posts"}],"about":[{"href":"https:\/\/blogs.fu-berlin.de\/toolbox\/wp-json\/wp\/v2\/types\/post"}],"author":[{"embeddable":true,"href":"https:\/\/blogs.fu-berlin.de\/toolbox\/wp-json\/wp\/v2\/users\/3727"}],"replies":[{"embeddable":true,"href":"https:\/\/blogs.fu-berlin.de\/toolbox\/wp-json\/wp\/v2\/comments?post=1082"}],"version-history":[{"count":20,"href":"https:\/\/blogs.fu-berlin.de\/toolbox\/wp-json\/wp\/v2\/posts\/1082\/revisions"}],"predecessor-version":[{"id":2461,"href":"https:\/\/blogs.fu-berlin.de\/toolbox\/wp-json\/wp\/v2\/posts\/1082\/revisions\/2461"}],"wp:attachment":[{"href":"https:\/\/blogs.fu-berlin.de\/toolbox\/wp-json\/wp\/v2\/media?parent=1082"}],"wp:term":[{"taxonomy":"category","embeddable":true,"href":"https:\/\/blogs.fu-berlin.de\/toolbox\/wp-json\/wp\/v2\/categories?post=1082"},{"taxonomy":"post_tag","embeddable":true,"href":"https:\/\/blogs.fu-berlin.de\/toolbox\/wp-json\/wp\/v2\/tags?post=1082"}],"curies":[{"name":"wp","href":"https:\/\/api.w.org\/{rel}","templated":true}]}}