{"id":1379,"date":"2022-04-27T14:33:19","date_gmt":"2022-04-27T12:33:19","guid":{"rendered":"https:\/\/blogs.fu-berlin.de\/toolbox\/?p=1379"},"modified":"2025-02-03T11:01:13","modified_gmt":"2025-02-03T10:01:13","slug":"20-jahre-girls-day-an-der-fu-toolbox-veroeffentlicht-ressourcen-zu-gender-und-diversitaet-in-der-physik","status":"publish","type":"post","link":"https:\/\/blogs.fu-berlin.de\/toolbox\/2022\/04\/27\/20-jahre-girls-day-an-der-fu-toolbox-veroeffentlicht-ressourcen-zu-gender-und-diversitaet-in-der-physik\/","title":{"rendered":"20  Jahre Girls&#8217;Day an der FU &#8211;  Toolbox ver\u00f6ffentlicht Ressourcen zu Gender und Diversit\u00e4t in der Physik"},"content":{"rendered":"\n<p><\/p>\n\n\n\n<div class=\"wp-block-media-text alignwide is-stacked-on-mobile\"><figure class=\"wp-block-media-text__media\"><img loading=\"lazy\" decoding=\"async\" width=\"1024\" height=\"681\" src=\"https:\/\/blogs.fu-berlin.de\/toolbox\/files\/2022\/04\/Physik_Banner_nathan-watson-0If4NyeDOpU-unsplash-scaled-e1666085041341-1024x681.jpg\" alt=\"Irritierende Glaskugel vor blauem Hintergrund\" class=\"wp-image-1389 size-full\" srcset=\"https:\/\/blogs.fu-berlin.de\/toolbox\/files\/2022\/04\/Physik_Banner_nathan-watson-0If4NyeDOpU-unsplash-scaled-e1666085041341-1024x681.jpg 1024w, https:\/\/blogs.fu-berlin.de\/toolbox\/files\/2022\/04\/Physik_Banner_nathan-watson-0If4NyeDOpU-unsplash-scaled-e1666085041341-300x199.jpg 300w, https:\/\/blogs.fu-berlin.de\/toolbox\/files\/2022\/04\/Physik_Banner_nathan-watson-0If4NyeDOpU-unsplash-scaled-e1666085041341-768x511.jpg 768w, https:\/\/blogs.fu-berlin.de\/toolbox\/files\/2022\/04\/Physik_Banner_nathan-watson-0If4NyeDOpU-unsplash-scaled-e1666085041341-1200x798.jpg 1200w, https:\/\/blogs.fu-berlin.de\/toolbox\/files\/2022\/04\/Physik_Banner_nathan-watson-0If4NyeDOpU-unsplash-scaled-e1666085041341.jpg 1414w\" sizes=\"auto, (max-width: 709px) 85vw, (max-width: 909px) 67vw, (max-width: 1362px) 62vw, 840px\" \/><\/figure><div class=\"wp-block-media-text__content\">\n<p>Am 28.4.2022 findet der 20. Girls&#8217;Day an der Freien Universit\u00e4t Berlin statt. Jana Gerlach erinnert sich an Ihren ersten Girls&#8217;Day und stellt eine Erweiterung der Toolbox im MINT-Bereich vor.<\/p>\n<\/div><\/div>\n\n\n\n<!--more-->\n\n\n\n<p>Am<span style=\"color: #1a6573\"> <strong>28.4.2022<\/strong><\/span> j\u00e4hrt sich der<span style=\"color: #156ba1\"> <strong>Girls&#8217;Day<\/strong> <\/span>an der Freien Universit\u00e4t zum 20. Mal. Tats\u00e4chlich erinnere ich mich sehr gut an dessen Anf\u00e4nge: Damals war ich studentische Hilfskraft in der \u201aZentraleinrichtung Studienberatung und Psychologische Beratung\u2018 der FU und wurde damit betraut, eine Gruppe von ca. 15 M\u00e4dchen durch Labore der Fachbereiche Chemie und Physik zu begleiten. Wissenschaftliche Mitarbeitende leiteten uns an, Experimente durchzuf\u00fchren und als Studentin der Sozialwissenschaften war ich mindestens ebenso aufgeregt wie die Sch\u00fclerinnen, als mir aufgetragen wurde, Schutzbrille und Handschuhe anzulegen, um auf chemische Reaktionen aller Art vorbereitet zu sein.<\/p>\n\n\n\n<!--more-->\n\n\n\n<p>Heute ist der <span style=\"color: #156ba1\"><strong>Girls&#8217;Day<\/strong><\/span> institutionalisiert und fester Bestandteil einer breiten Palette von Ma\u00dfnahmen und Projekten f\u00fcr mehr Geschlechtergerechtigkeit in MINT-F\u00e4chern. Das<strong> <span style=\"color: #156ba1\">Team Zentrale Frauenbeauftragte&nbsp;<\/span><\/strong>nahm das 20. Jubil\u00e4um zum Anlass, den April zum MINT-Monat zu erkl\u00e4ren und in ihrem Blog <a href=\"https:\/\/blogs.fu-berlin.de\/frauenbeauftragte\/2022\/04\/01\/im-fokus-geschlechtergerechtigkeit-in-mint\/\">GESCHLECHTER*GERECHT<\/a> MINT-Sch\u00fclerinnenprojekte an der FU Berlin vorzustellen, MINT-Wissenschaftlerinnen zu interviewen und Antworten auf die Frage zu geben, in welcher Weise die Vielzahl an Initiativen sich in tats\u00e4chlichen Zahlen zu Geschlechterverh\u00e4ltnissen in den MINT-F\u00e4chern niederschlagen. Im <a href=\"https:\/\/blogs.fu-berlin.de\/frauenbeauftragte\/2022\/04\/01\/im-fokus-geschlechtergerechtigkeit-in-mint\/\">Auftaktbeitrag<\/a> zum Schwerpunkt findet sich eine umfangreiche \u00dcbersicht der jeweiligen Themen und durchgef\u00fchrten Formate.<\/p>\n\n\n\n<p>Neben der Erh\u00f6hung des Frauenanteils unter den Studierenden sind aber auch gender- und diversit\u00e4tsbewusste Lehrinhalte und Lehrformen in MINT-F\u00e4chern ein weiterer wichtiger Schritt in Richtung Geschlechtergerechtigkeit. Die<span style=\"color: #156ba1\"> <strong>Toolbox <\/strong><\/span>bietet hier bereits ein breites Spektrum an vielf\u00e4ltigen <a href=\"https:\/\/www.genderdiversitylehre.fu-berlin.de\/toolbox\/good-practice\/index.html\">Good Practice Beispielen<\/a>, <a href=\"https:\/\/www.genderdiversitylehre.fu-berlin.de\/toolbox\/inhalte\/umsetzungsmoeglichkeiten\/index.html\">Umsetzungsm\u00f6glichkeiten<\/a> und <a href=\"https:\/\/www.genderdiversitylehre.fu-berlin.de\/toolbox\/inhalte\/fach_zugaenge\/index.html\">fachspezifischen Zug\u00e4ngen<\/a>.<\/p>\n\n\n\n<p>Unsere bisherigen Verweise auf fachspezifische Zug\u00e4nge zu den MINT-F\u00e4chern Biologie, Chemie, Informatik und Mathematik m\u00f6chten wir nun anl\u00e4sslich des MINT-Monats um das <strong>Fach Physik<\/strong> erweitern. In engem Austausch mit <a href=\"https:\/\/www.physik.fu-berlin.de\/einrichtungen\/ag\/ag-erlemann\/mitarbeiter_innenliste\/dr_martina_erlemann\/index.html\">Prof. Dr. Martina Erlemann<\/a>, zust\u00e4ndig f\u00fcr Wissenschafts- und Geschlechtersoziologie in der Physik, haben wir erkundet, welche fachspezifischen Zug\u00e4nge und Inhalte das Fach Physik f\u00fcr gender- und diversit\u00e4tsbewusste Lehre bereith\u00e4lt.<\/p>\n\n\n\n<p>Unter \u201a<a href=\"https:\/\/www.genderdiversitylehre.fu-berlin.de\/toolbox\/inhalte\/fach_zugaenge\/physik\/index.html\">Fachspezifische Zug\u00e4nge: Physik\u2018<\/a> finden sich ab sofort<\/p>\n\n\n\n<ul class=\"wp-block-list\"><li>Lehrbeispiele\/ Didaktik,<\/li><li>Biografien,<\/li><li>Netzwerke und<\/li><li>Fachliteratur zum Thema.<\/li><\/ul>\n","protected":false},"excerpt":{"rendered":"<p>Am 28.4.2022 findet der 20. Girls&#8217;Day an der Freien Universit\u00e4t Berlin statt. Jana Gerlach erinnert sich an Ihren ersten Girls&#8217;Day und stellt eine Erweiterung der Toolbox im MINT-Bereich vor.<\/p>\n","protected":false},"author":6900,"featured_media":0,"comment_status":"open","ping_status":"open","sticky":false,"template":"","format":"standard","meta":{"footnotes":""},"categories":[428608,603],"tags":[1661,197043,2789,57446,277,84038],"class_list":["post-1379","post","type-post","status-publish","format-standard","hentry","category-informiert","category-vorgestellt","tag-bildung","tag-freie-universitaet-berlin","tag-gender","tag-geschlechterforschung","tag-hochschule","tag-mint"],"_links":{"self":[{"href":"https:\/\/blogs.fu-berlin.de\/toolbox\/wp-json\/wp\/v2\/posts\/1379","targetHints":{"allow":["GET"]}}],"collection":[{"href":"https:\/\/blogs.fu-berlin.de\/toolbox\/wp-json\/wp\/v2\/posts"}],"about":[{"href":"https:\/\/blogs.fu-berlin.de\/toolbox\/wp-json\/wp\/v2\/types\/post"}],"author":[{"embeddable":true,"href":"https:\/\/blogs.fu-berlin.de\/toolbox\/wp-json\/wp\/v2\/users\/6900"}],"replies":[{"embeddable":true,"href":"https:\/\/blogs.fu-berlin.de\/toolbox\/wp-json\/wp\/v2\/comments?post=1379"}],"version-history":[{"count":11,"href":"https:\/\/blogs.fu-berlin.de\/toolbox\/wp-json\/wp\/v2\/posts\/1379\/revisions"}],"predecessor-version":[{"id":2567,"href":"https:\/\/blogs.fu-berlin.de\/toolbox\/wp-json\/wp\/v2\/posts\/1379\/revisions\/2567"}],"wp:attachment":[{"href":"https:\/\/blogs.fu-berlin.de\/toolbox\/wp-json\/wp\/v2\/media?parent=1379"}],"wp:term":[{"taxonomy":"category","embeddable":true,"href":"https:\/\/blogs.fu-berlin.de\/toolbox\/wp-json\/wp\/v2\/categories?post=1379"},{"taxonomy":"post_tag","embeddable":true,"href":"https:\/\/blogs.fu-berlin.de\/toolbox\/wp-json\/wp\/v2\/tags?post=1379"}],"curies":[{"name":"wp","href":"https:\/\/api.w.org\/{rel}","templated":true}]}}