{"id":171,"date":"2019-06-12T16:37:20","date_gmt":"2019-06-12T14:37:20","guid":{"rendered":"https:\/\/blogs.fu-berlin.de\/toolbox\/?p=171"},"modified":"2025-02-03T14:10:59","modified_gmt":"2025-02-03T13:10:59","slug":"toolbox-newsletter-nr-3-sose-2019","status":"publish","type":"post","link":"https:\/\/blogs.fu-berlin.de\/toolbox\/2019\/06\/12\/toolbox-newsletter-nr-3-sose-2019\/","title":{"rendered":"Toolbox-Newsletter Nr. 3 \u2013 SoSe 2019"},"content":{"rendered":"\n<div class=\"wp-block-media-text alignwide is-stacked-on-mobile\"><figure class=\"wp-block-media-text__media\"><img loading=\"lazy\" decoding=\"async\" width=\"1024\" height=\"768\" src=\"https:\/\/blogs.fu-berlin.de\/toolbox\/files\/2024\/08\/newsletter.oleg_.laptev.unsplash-1024x768.png\" alt=\"\" class=\"wp-image-2464 size-full\" srcset=\"https:\/\/blogs.fu-berlin.de\/toolbox\/files\/2024\/08\/newsletter.oleg_.laptev.unsplash-1024x768.png 1024w, https:\/\/blogs.fu-berlin.de\/toolbox\/files\/2024\/08\/newsletter.oleg_.laptev.unsplash-300x225.png 300w, https:\/\/blogs.fu-berlin.de\/toolbox\/files\/2024\/08\/newsletter.oleg_.laptev.unsplash-768x576.png 768w, https:\/\/blogs.fu-berlin.de\/toolbox\/files\/2024\/08\/newsletter.oleg_.laptev.unsplash-1536x1152.png 1536w, https:\/\/blogs.fu-berlin.de\/toolbox\/files\/2024\/08\/newsletter.oleg_.laptev.unsplash-1200x900.png 1200w, https:\/\/blogs.fu-berlin.de\/toolbox\/files\/2024\/08\/newsletter.oleg_.laptev.unsplash.png 2000w\" sizes=\"auto, (max-width: 709px) 85vw, (max-width: 909px) 67vw, (max-width: 1362px) 62vw, 840px\" \/><\/figure><div class=\"wp-block-media-text__content\">\n<p>Der Toolbox Newsletter erscheint einmal pro Semester und informiert \u00fcber die Neuerungen in und Aktivit\u00e4ten rund um die Toolbox Gender und Diversity in der Lehre.<\/p>\n\n\n\n<!--more-->\n<\/div><\/div>\n\n\n<p>Liebe Kolleg*innen und Toolbox-Interessierte,<\/p>\n<p>auch im Sommersemester m\u00f6chten wir Sie \u00fcber Neuigkeiten aus der \u201aToolbox Gender und Diversity in der Lehre\u2018 informieren<\/p>\n<h3><strong>Mo 17.6.19, 14.30 &#8211; 15.00 Uhr: Webinar zum Kennenlernen der Toolbox<\/strong><\/h3>\n<p>Im Webinar werden die \u201aToolbox Gender und Diversity in der Lehre\u2018 und konkrete Umsetzungsm\u00f6glichkeiten f\u00fcr gender- und diversit\u00e4tsbewusste Planung und Durchf\u00fchrung von Lehrveranstaltungen vorgestellt.<\/p>\n<p>Sie k\u00f6nnen ohne Anmeldung an der Veranstaltung teilnehmen. Es ist keine Installation eines speziellen Programms n\u00f6tig. Melden Sie sich bitte einfach im Online-Raum mit Ihrem Namen an. F\u00fcr eine bessere Tonqualit\u00e4t f\u00fcr Sie und alle anderen Teilnehmer*innen empfiehlt sich ein einfaches Headset.<\/p>\n<p>Weitere Informationen und Link zum Seminarraum: <a href=\"http:\/\/www.genderdiversitylehre.fu-berlin.de\/toolbox\/News\/Online-Kurzberatung_20190617\">www.genderdiversitylehre.fu-berlin.de\/toolbox\/News\/Online-Kurzberatung_20190617<\/a><\/p>\n<p>Die Veranstaltung findet in Kooperation mit der <a href=\"https:\/\/www.fu-berlin.de\/sites\/career\/qualifizierung\/wege\/tutoring\/index.html\">Qualifizierung f\u00fcr Mentoring und Tutoring des Career Service<\/a> statt.<\/p>\n<h3><strong>Mi 3.7.19, 16.00 &#8211; 18.00 (s.t.): Kurzworkshop &#8222;Gender- und diversitybewusste Methodik und Didaktik in den Naturwissenschaften\u201c<\/strong><\/h3>\n<p>Warum ist es auch in den Naturwissenschaften wichtig, Gender und Diversity in der Lehre zu ber\u00fccksichtigen? Wie kann ich meine Lehrveranstaltungen gestalten, damit unterschiedliche Studierende erreicht und aktiviert werden? Was kann ich bereits in der ersten Sitzung eines Seminars bedenken und anwenden? Welche Ans\u00e4tze gibt es, auch in den Naturwissenschaften Gender- und Diversityforschung als Inhalt zu integrieren?<!--more--><\/p>\n<p>Weitere Informationen und Anmeldung<strong>: <\/strong><a href=\"http:\/\/www.bcp.fu-berlin.de\/gud\">www.bcp.fu-berlin.de\/gud<\/a><\/p>\n<p>Dieser Workshop ist Teil der Veranstaltungsreihe <a href=\"https:\/\/www.bcp.fu-berlin.de\/gud\/index.html\">\u201eGender und Diversity in der Lehre der Naturwissenschaften\u201c am Fachbereich BCP<\/a> und wird in Kooperation mit der Organisatorin <a href=\"https:\/\/www.bcp.fu-berlin.de\/biologie\/arbeitsgruppen\/didaktik\/mitarbeitende\/huch\/index.html\">Dr. Sarah Huch<\/a> durchgef\u00fchrt<strong>. <\/strong><\/p>\n<h3><strong>Interviewpartner*innen f\u00fcr Schwerpunkt \u201eGender- und diversit\u00e4tsbewusste Pr\u00fcfungen\u201c gesucht<\/strong><\/h3>\n<p>Im WiSe 2019\/20 werden in der Toolbox Materialien zum Thema Gender und Diversity in Pr\u00fcfungen ver\u00f6ffentlicht. Dabei soll es beispielsweise um folgende Fragen gehen:<\/p>\n<ul>\n<li>Welche Vor- und Nachteile haben unterschiedliche Pr\u00fcfungsformen f\u00fcr unterschiedliche Studierende?<\/li>\n<li>Wie k\u00f6nnen Lehrende einen gerechten Nachteilsausgleich f\u00fcr Studierende mit Behinderung oder chronischen Erkrankungen sicherstellen?<\/li>\n<li>Wie k\u00f6nnen Lehrende mit Pr\u00fcfungsangst von Studierenden umgehen?<\/li>\n<\/ul>\n<p>Pr\u00fcfungen laufen an den verschiedenen Fachbereichen und Instituten der Freien Universit\u00e4t Berlin sehr unterschiedlich ab. Um besser zu verstehen, was f\u00fcr das bisher wenig bearbeitete Thema der gender- und diversit\u00e4tsbewussten Pr\u00fcfungen wichtig ist, f\u00fchren wir gerade Interviews mit Lehrenden, Studierenden und Mitarbeitenden in der Verwaltung und Beratung durch. Hierf\u00fcr suchen wir noch weitere Interviewpartner*innen:<\/p>\n<ul>\n<li>Haben Sie erlebt oder wurde an Sie herangetragen, dass Dimensionen wie Alter, Geschlecht, Name oder Aussehen in Pr\u00fcfungen eine Rolle spielten?<\/li>\n<li>Welche Probleme oder Herausforderungen sehen Sie f\u00fcr gender- und diversit\u00e4tsbewusste Pr\u00fcfungen?<\/li>\n<li>Welche Regelungen oder Ma\u00dfnahmen finden Sie hilfreich?<\/li>\n<\/ul>\n<p>Die Interviews werden nicht ver\u00f6ffentlicht, sondern dienen der Exploration des Themenfeldes. Ihr Name und die Inhalte des Gespr\u00e4chs bleiben anonym und werden nicht weitergegeben. Es ist auch m\u00f6glich, Gespr\u00e4che in einer kleinen Gruppe durchzuf\u00fchren. Wenn Sie Interesse haben, melden Sie sich bitte <a href=\"http:\/\/www.genderdiversitylehre.fu-berlin.de\/kontakt\/index.html\">per Mail oder telefonisch<\/a> bei Melanie Bittner.<\/p>\n<h3><strong>Weitere Angebote der Toolbox<\/strong><\/h3>\n<ul>\n<li>Wir bieten 2- bis 4-st\u00fcndige kostenlose Kurzworkshops zu Gender und Diversity in der Lehre an. Je nach Bedarf f\u00fchren wir an der Freien Universit\u00e4t Berlin Workshops zum ersten Einstieg ins Thema, f\u00fcr Lehrende mit Vorwissen oder zur Beratung bei spezifischen Anliegen durch.<\/li>\n<li>Sie k\u00f6nnen uns au\u00dferdem f\u00fcr individuelle Pr\u00e4sentationen der Toolbox, z.B. in Teamtreffen, Gremiensitzungen oder Veranstaltungen, einladen.<\/li>\n<li>Dar\u00fcber hinaus beraten wir gerne bei der Planung von Lehrveranstaltungen oder Workshops.<\/li>\n<li>Wenn Sie diesen Newsletter direkt erhalten m\u00f6chten, schreiben Sie uns gerne eine Mail.<\/li>\n<\/ul>\n<p>Wir freuen uns \u00fcber Kooperationsideen und Anfragen!<\/p>\n<p>\u00a0<\/p>\n<p>Kommen Sie gut durch den Sommer, mit besten Gr\u00fc\u00dfen<\/p>\n<p>Melanie Bittner<\/p>\n<p>\u00a0<\/p>","protected":false},"excerpt":{"rendered":"<p>Der Toolbox Newsletter erscheint einmal pro Semester und informiert \u00fcber die Neuerungen in und Aktivit\u00e4ten rund um die Toolbox Gender und Diversity in der Lehre.<\/p>\n","protected":false},"author":3727,"featured_media":0,"comment_status":"open","ping_status":"open","sticky":false,"template":"","format":"standard","meta":{"footnotes":""},"categories":[62182],"tags":[197043],"class_list":["post-171","post","type-post","status-publish","format-standard","hentry","category-newsletter","tag-freie-universitaet-berlin"],"_links":{"self":[{"href":"https:\/\/blogs.fu-berlin.de\/toolbox\/wp-json\/wp\/v2\/posts\/171","targetHints":{"allow":["GET"]}}],"collection":[{"href":"https:\/\/blogs.fu-berlin.de\/toolbox\/wp-json\/wp\/v2\/posts"}],"about":[{"href":"https:\/\/blogs.fu-berlin.de\/toolbox\/wp-json\/wp\/v2\/types\/post"}],"author":[{"embeddable":true,"href":"https:\/\/blogs.fu-berlin.de\/toolbox\/wp-json\/wp\/v2\/users\/3727"}],"replies":[{"embeddable":true,"href":"https:\/\/blogs.fu-berlin.de\/toolbox\/wp-json\/wp\/v2\/comments?post=171"}],"version-history":[{"count":5,"href":"https:\/\/blogs.fu-berlin.de\/toolbox\/wp-json\/wp\/v2\/posts\/171\/revisions"}],"predecessor-version":[{"id":2630,"href":"https:\/\/blogs.fu-berlin.de\/toolbox\/wp-json\/wp\/v2\/posts\/171\/revisions\/2630"}],"wp:attachment":[{"href":"https:\/\/blogs.fu-berlin.de\/toolbox\/wp-json\/wp\/v2\/media?parent=171"}],"wp:term":[{"taxonomy":"category","embeddable":true,"href":"https:\/\/blogs.fu-berlin.de\/toolbox\/wp-json\/wp\/v2\/categories?post=171"},{"taxonomy":"post_tag","embeddable":true,"href":"https:\/\/blogs.fu-berlin.de\/toolbox\/wp-json\/wp\/v2\/tags?post=171"}],"curies":[{"name":"wp","href":"https:\/\/api.w.org\/{rel}","templated":true}]}}