{"id":1818,"date":"2022-10-25T13:15:29","date_gmt":"2022-10-25T11:15:29","guid":{"rendered":"https:\/\/blogs.fu-berlin.de\/toolbox\/?p=1818"},"modified":"2022-12-13T14:12:32","modified_gmt":"2022-12-13T13:12:32","slug":"aktionstage-sexualisierte-gewalt","status":"publish","type":"post","link":"https:\/\/blogs.fu-berlin.de\/toolbox\/2022\/10\/25\/aktionstage-sexualisierte-gewalt\/","title":{"rendered":"Aktionstage &#8222;Nein hei\u00dft Nein &#8211; Gemeinsam gegen sexualisierte Gewalt&#8220;"},"content":{"rendered":"\n<div class=\"wp-block-media-text alignwide is-stacked-on-mobile\"><figure class=\"wp-block-media-text__media\"><img loading=\"lazy\" decoding=\"async\" width=\"930\" height=\"620\" src=\"https:\/\/blogs.fu-berlin.de\/toolbox\/files\/2021\/11\/Nein-Heisst-Nein.png\" alt=\"\" class=\"wp-image-1799 size-full\" srcset=\"https:\/\/blogs.fu-berlin.de\/toolbox\/files\/2021\/11\/Nein-Heisst-Nein.png 930w, https:\/\/blogs.fu-berlin.de\/toolbox\/files\/2021\/11\/Nein-Heisst-Nein-300x200.png 300w, https:\/\/blogs.fu-berlin.de\/toolbox\/files\/2021\/11\/Nein-Heisst-Nein-768x512.png 768w\" sizes=\"auto, (max-width: 709px) 85vw, (max-width: 909px) 67vw, (max-width: 1362px) 62vw, 840px\" \/><\/figure><div class=\"wp-block-media-text__content\">\n<p>Gewalt gegen Frauen ist nicht in erster Linie ein Problem der Betroffenen, sondern geht uns alle etwas an. Die diesj\u00e4hrigen Aktionstage <a href=\"https:\/\/www.fu-berlin.de\/sites\/nein-heisst-nein\/Anti-Gewalt-Aktionstage\/index.html\" data-type=\"URL\" data-id=\"https:\/\/www.fu-berlin.de\/sites\/nein-heisst-nein\/Anti-Gewalt-Aktionstage\/index.html\">\u201eNein hei\u00dft Nein \u2013 gemeinsam gegen sexualisierte Gewalt\u201c<\/a> vom 22.11-25.11. an der Freien Universit\u00e4t Berlin r\u00fccken die gesellschaftliche Dimension in den Fokus.<\/p>\n\n\n\n<!--more-->\n<\/div><\/div>\n\n\n\n<p>Das <a href=\"https:\/\/www.mvbz.fu-berlin.de\/\">Margherita-von-Brentano-Zentrum<\/a>, das <a href=\"https:\/\/www.fu-berlin.de\/sites\/frauenbeauftragte\/index.html\" data-type=\"URL\" data-id=\"https:\/\/www.fu-berlin.de\/sites\/frauenbeauftragte\/index.html\">Team Zentrale Frauenbeauftragte<\/a> und die <a href=\"https:\/\/www.fu-berlin.de\/sites\/nein-heisst-nein\/kontakt\/index.html\" data-type=\"URL\" data-id=\"https:\/\/www.fu-berlin.de\/sites\/nein-heisst-nein\/kontakt\/index.html\">Gesch\u00e4ftsf\u00fchrung der Arbeitsgruppe Gegen Sexualisierte Bel\u00e4stigung, Diskriminierung und Gewalt<\/a> richten die Aktionstage gemeinsam anl\u00e4sslich des 25.11., des Internationalen Tags zur Beseitigung von Gewalt gegen Frauen aus. Der 1999 durch eine UN-Resolution ins Leben gerufene Aktionstag geht auf die Entf\u00fchrung, Vergewaltigung, Folter und Ermordung der drei Schwestern Mirabal 1960 durch den milit\u00e4rischen Geheimdienst der Dominikanischen Republik zur\u00fcck.<\/p>\n\n\n\n<p>Der besondere Fokus der Aktionstage 2022 an der FU Berlin soll nicht nur auf Angeboten f\u00fcr Betroffene liegen, sondern die gesamtgesellschaftliche Verantwortung f\u00fcr die Verhinderung und Bek\u00e4mpfung von Gewalt gegen Frauen betonen. Was f\u00fcr die Arbeit der Toolbox in Bezug auf Lehre immer wichtig ist, wird hier \u00fcberdeutlich: Haltung zeigen, Verantwortung \u00fcbernehmen ist Aufgabe aller.<\/p>\n\n\n\n<p>Die Angebote in diesem Jahr umfassen eine <a href=\"https:\/\/www.fu-berlin.de\/sites\/frauenbeauftragte\/termine\/25N-Ausstellung-__MeToo-und-die-Universitaet_.html\" data-type=\"URL\" data-id=\"https:\/\/www.fu-berlin.de\/sites\/frauenbeauftragte\/termine\/25N-Ausstellung-__MeToo-und-die-Universitaet_.html\">Ausstellung<\/a>, Workshops sowie einen <a href=\"https:\/\/www.fu-berlin.de\/sites\/frauenbeauftragte\/termine\/25N-Von-Peer-zu-Peer.html\" data-type=\"URL\" data-id=\"https:\/\/www.fu-berlin.de\/sites\/frauenbeauftragte\/termine\/25N-Von-Peer-zu-Peer.html\">Peer-Austausch<\/a>, der spezielles Augenmerk auf den Hochschulkontext legt. Welche Rolle speziell der Hochschulgemeinschaft im Umgang mit Sexualisierter Bel\u00e4stigung, Diskriminierung und Gewalt zukommt, wird am Mittwoch, den 23.11., auf einer <a href=\"https:\/\/www.fu-berlin.de\/sites\/frauenbeauftragte\/termine\/25N-Podiumsdiskussion_-Gemeinsam-gegen-sexualisierte-Belaestigung_-Diskriminierung-und-Gewalt-an-Unis.html\" data-type=\"URL\" data-id=\"https:\/\/www.fu-berlin.de\/sites\/frauenbeauftragte\/termine\/25N-Podiumsdiskussion_-Gemeinsam-gegen-sexualisierte-Belaestigung_-Diskriminierung-und-Gewalt-an-Unis.html\">Podiumsdiskussion<\/a> mit verschiedenen Hochschulakteur*innen zur Sprache kommen.<\/p>\n\n\n\n<p>Das soziale Umfeld wird in diesem Jahr w\u00e4hrend der Aktionstage in zwei spannenden Workshops thematisiert. Aufgrund der begrenzten Teilnahmezahl ist daf\u00fcr eine vorherige Anmeldung \u00fcber <a href=\"mailto:november25@campus.fu-berlin.de\">november25@campus.fu-berlin.de<\/a> notwendig.<\/p>\n\n\n\n<ul class=\"wp-block-list\"><li>Am Dienstag, den 22.11., k\u00f6nnen Ansprechpersonen an der Freien Universit\u00e4t Berlin sich zum Thema (Cyber)Stalking informieren und weiterbilden. Im <a href=\"https:\/\/www.fu-berlin.de\/sites\/frauenbeauftragte\/termine\/25N-Cyberstalking-Workshop.html\" data-type=\"URL\" data-id=\"https:\/\/www.fu-berlin.de\/sites\/frauenbeauftragte\/termine\/25N-Cyberstalking-Workshop.html\">Workshop (Cyber)Stalking entgegentreten<\/a> wird die Problematik konkret im universit\u00e4ren Umfeld der FU Berlin thematisiert und Handlungsr\u00e4ume f\u00fcr die Unterst\u00fctzung von Betroffenen werden aufgezeigt.<\/li><li>Im <a href=\"https:\/\/www.fu-berlin.de\/sites\/frauenbeauftragte\/termine\/25N-Sozialisation-und-Gewaltbereitschaft.html#x#x\" data-type=\"URL\" data-id=\"https:\/\/www.fu-berlin.de\/sites\/frauenbeauftragte\/termine\/25N-Sozialisation-und-Gewaltbereitschaft.html#x#x\">Workshop Sozialisation und Gewaltbereitschaft<\/a> am Freitag, den 25.11., geht es darum, sich mit der (un-)freiwilligen geschlechtlichen (Selbst-)Sozialisation auseinanderzusetzen. Ziel ist es, die zugrundeliegenden Mechanismen zu erkennen und zu verstehen, welche Potenziale f\u00fcr Gewalt entstehen. (Anmeldung FU-Angeh\u00f6rige bis 11.11.)<\/li><\/ul>\n\n\n\n<p>Das gesamte Programm der Aktionstage vom 22.11.2022 bis 25.11.2022 finden Sie <a href=\"https:\/\/www.fu-berlin.de\/sites\/nein-heisst-nein\/Anti-Gewalt-Aktionstage\/index.html\" data-type=\"URL\" data-id=\"https:\/\/www.fu-berlin.de\/sites\/nein-heisst-nein\/Anti-Gewalt-Aktionstage\/index.html\">hier<\/a>.<\/p>\n","protected":false},"excerpt":{"rendered":"<p>Gewalt gegen Frauen ist nicht in erster Linie ein Problem der Betroffenen, sondern geht uns alle etwas an. Die diesj\u00e4hrigen Aktionstage \u201eNein hei\u00dft Nein \u2013 gemeinsam gegen sexualisierte Gewalt\u201c vom 22.11-25.11. an der Freien Universit\u00e4t Berlin r\u00fccken die gesellschaftliche Dimension in den Fokus.<\/p>\n","protected":false},"author":6492,"featured_media":0,"comment_status":"open","ping_status":"open","sticky":false,"template":"","format":"standard","meta":{"footnotes":""},"categories":[428608],"tags":[90487,2789],"class_list":["post-1818","post","type-post","status-publish","format-standard","hentry","category-informiert","tag-diskriminierung","tag-gender"],"_links":{"self":[{"href":"https:\/\/blogs.fu-berlin.de\/toolbox\/wp-json\/wp\/v2\/posts\/1818","targetHints":{"allow":["GET"]}}],"collection":[{"href":"https:\/\/blogs.fu-berlin.de\/toolbox\/wp-json\/wp\/v2\/posts"}],"about":[{"href":"https:\/\/blogs.fu-berlin.de\/toolbox\/wp-json\/wp\/v2\/types\/post"}],"author":[{"embeddable":true,"href":"https:\/\/blogs.fu-berlin.de\/toolbox\/wp-json\/wp\/v2\/users\/6492"}],"replies":[{"embeddable":true,"href":"https:\/\/blogs.fu-berlin.de\/toolbox\/wp-json\/wp\/v2\/comments?post=1818"}],"version-history":[{"count":8,"href":"https:\/\/blogs.fu-berlin.de\/toolbox\/wp-json\/wp\/v2\/posts\/1818\/revisions"}],"predecessor-version":[{"id":1846,"href":"https:\/\/blogs.fu-berlin.de\/toolbox\/wp-json\/wp\/v2\/posts\/1818\/revisions\/1846"}],"wp:attachment":[{"href":"https:\/\/blogs.fu-berlin.de\/toolbox\/wp-json\/wp\/v2\/media?parent=1818"}],"wp:term":[{"taxonomy":"category","embeddable":true,"href":"https:\/\/blogs.fu-berlin.de\/toolbox\/wp-json\/wp\/v2\/categories?post=1818"},{"taxonomy":"post_tag","embeddable":true,"href":"https:\/\/blogs.fu-berlin.de\/toolbox\/wp-json\/wp\/v2\/tags?post=1818"}],"curies":[{"name":"wp","href":"https:\/\/api.w.org\/{rel}","templated":true}]}}