{"id":2091,"date":"2023-04-24T12:44:03","date_gmt":"2023-04-24T10:44:03","guid":{"rendered":"https:\/\/blogs.fu-berlin.de\/toolbox\/?p=2091"},"modified":"2024-08-26T13:27:02","modified_gmt":"2024-08-26T11:27:02","slug":"toolbox-newsletter-nr-12-sose-2023","status":"publish","type":"post","link":"https:\/\/blogs.fu-berlin.de\/toolbox\/2023\/04\/24\/toolbox-newsletter-nr-12-sose-2023\/","title":{"rendered":"Toolbox-Newsletter Nr. 12 &#8211; SoSe 2023"},"content":{"rendered":"\n<div class=\"wp-block-media-text alignwide is-stacked-on-mobile\" style=\"grid-template-columns:46% auto\"><figure class=\"wp-block-media-text__media\"><img loading=\"lazy\" decoding=\"async\" width=\"1024\" height=\"768\" src=\"https:\/\/blogs.fu-berlin.de\/toolbox\/files\/2024\/08\/newsletter.oleg_.laptev.unsplash-1024x768.png\" alt=\"\" class=\"wp-image-2464 size-full\" srcset=\"https:\/\/blogs.fu-berlin.de\/toolbox\/files\/2024\/08\/newsletter.oleg_.laptev.unsplash-1024x768.png 1024w, https:\/\/blogs.fu-berlin.de\/toolbox\/files\/2024\/08\/newsletter.oleg_.laptev.unsplash-300x225.png 300w, https:\/\/blogs.fu-berlin.de\/toolbox\/files\/2024\/08\/newsletter.oleg_.laptev.unsplash-768x576.png 768w, https:\/\/blogs.fu-berlin.de\/toolbox\/files\/2024\/08\/newsletter.oleg_.laptev.unsplash-1536x1152.png 1536w, https:\/\/blogs.fu-berlin.de\/toolbox\/files\/2024\/08\/newsletter.oleg_.laptev.unsplash-1200x900.png 1200w, https:\/\/blogs.fu-berlin.de\/toolbox\/files\/2024\/08\/newsletter.oleg_.laptev.unsplash.png 2000w\" sizes=\"auto, (max-width: 709px) 85vw, (max-width: 909px) 67vw, (max-width: 1362px) 62vw, 840px\" \/><\/figure><div class=\"wp-block-media-text__content\">\n<p>Liebe Toolbox-Interessierte,<\/p>\n\n\n\n<p> zum Auftakt des Sommersemesters m\u00f6chten wir Sie mit einer neuen Ausgabe des Toolbox- Newsletters \u00fcber neue Ressourcen und Themen, geplante Workshops und kommende Veranstaltungen rund um das Thema \u201aGender und Diversity in der Lehre\u2018 informieren. <\/p>\n\n\n\n<!--more-->\n<\/div><\/div>\n\n\n\n<h2 class=\"wp-block-heading\">Neuigkeiten aus der Toolbox<\/h2>\n\n\n\n<h3 class=\"wp-block-heading\">Neue Projektmitarbeiterin f\u00fcr Toolbox@School<\/h3>\n\n\n\n<p>Die Toolbox \u201eGender und Diversity in der Lehre\u201c baut ihr Angebot weiter aus und m\u00f6chte zuk\u00fcnftig auch Ressourcen explizit f\u00fcr die Lehrkr\u00e4ftebildung zur Verf\u00fcgung stellen. Das neue Arbeitsfeld unter dem Arbeitstitel \u201aToolbox@school\u2018 verfolgt das langfristige Ziel, angehende Lehrkr\u00e4fte f\u00fcr gender- und diversit\u00e4tsbewusstes Unterrichten zu sensibilisieren und somit zur Umsetzung einer inklusiven und diskriminierungskritischen Lehr- und Lernkultur an den Schulen beizutragen.<\/p>\n\n\n\n<p>F\u00fcr die Umsetzung der neuen Ausrichtung der Toolbox@school hat sich das Toolbox Team mit unserer Projektmitarbeiterin Claudia Sommer seit 1. M\u00e4rz 2023 verst\u00e4rkt. Die Erziehungswissenschaftlerin Claudia Sommer bringt als langj\u00e4hrige Lehrbeauftragte am <a href=\"https:\/\/www.mvbz.fu-berlin.de\/\">Margherita-von-Brentano-Zentrum<\/a> (MvBZ) und freie Bildungsreferentin viel Erfahrung aus der diskriminierungskritischen, geschlechterreflektierten Bildungsarbeit mit und hat sich vor allem zu diversit\u00e4tsorientierter Bildung, geschlechtlicher Vielfalt, Klassismus und Intersektionalit\u00e4t spezialisiert. Sie ist auch in der fr\u00fchkindlichen Bildung t\u00e4tig und hat zuletzt als Lehrkraft in Fachschulen f\u00fcr Sozialp\u00e4dagogik angehende Erzieher*innen in ihrer schulischen und praktischen Ausbildung begleitet.<\/p>\n\n\n\n<h3 class=\"wp-block-heading\">Toolbox beteiligt an Themenwoche zur Lehre<\/h3>\n\n\n\n<p>Unter dem Motto&nbsp;<a href=\"https:\/\/www.fu-berlin.de\/sites\/dcat\/Themenwoche-2023\/Studierendenorientierung_Themenwoche_2023\/index.html\">&gt;&gt; studienorientiert lehren<\/a>&nbsp; findet vom <strong>22.5.-25.5.2023<\/strong> zum zweiten Mal die &nbsp;<a href=\"https:\/\/www.fu-berlin.de\/sites\/dcat\/Themenwoche-2023\/index.html\">Themenwoche zur Lehre<\/a>&nbsp; an der Freien Universit\u00e4t Berlin statt. Eingeladen sind Studierende, Lehrende und alle weiteren Interessierten, die zusammen neue Ans\u00e4tze und kreative Ideen entwickeln m\u00f6chten f\u00fcr eine Lehre, die Motivation, Mitgestaltung und Lernerfolg von Studierenden in den Mittelpunkt stellt.<\/p>\n\n\n\n<p>Neben &nbsp;<a href=\"https:\/\/www.cedis.fu-berlin.de\/\">CeDiS<\/a>&nbsp; und &nbsp;<a href=\"https:\/\/www.fu-berlin.de\/sites\/career\">Career Service<\/a>&nbsp; ist auch die &nbsp;<a href=\"https:\/\/www.genderdiversitylehre.fu-berlin.de\/toolbox\/index.html\">Toolbox Gender und Diversity in der Lehre<\/a>&nbsp; Kooperationspartnerin der Themenwoche. Im von der Toolbox verantworteten Workshop <a href=\"https:\/\/veranstaltung.dcat.fu-berlin.de\/Veranstaltung\/cmx63ca805fb12ab.html\">Miteinander statt gegeneinander<\/a>&nbsp; sollen vor allem studentische Perspektiven auf diskriminierungskritische Lehre in den Fokus ger\u00fcckt werden und studentische Bedarfe \u2013 oder auch <em>good practice<\/em> Beispiele von Studierendeninitiativen &#8211; Sichtbarkeit bekommen.<\/p>\n\n\n\n<p>Waren Sie selbst als Studierende*r bereits an Projekten diskriminierungskritischer Lehre beteiligt oder haben Sie einfach Lust, sich aktiv mit Ihren Ideen und Erfahrungen in den Workshops einzubringen? Dann freuen wir uns \u00fcber Ihre <a href=\"https:\/\/veranstaltung.dcat.fu-berlin.de\/Veranstaltung\/cmx63ca805fb12ab.html\">Anmeldung<\/a>!<\/p>\n\n\n\n<h3 class=\"wp-block-heading\">Toolbox jetzt auch auf Mastodon und auf Youtube<\/h3>\n\n\n\n<p>Die Toolbox ist neben Twitter nun zus\u00e4tzlich auch auf Mastodon vertreten und postet dort unter&nbsp;&nbsp;&nbsp;&nbsp;&nbsp;&nbsp;&nbsp;&nbsp;&nbsp;&nbsp;&nbsp;&nbsp;&nbsp;&nbsp;&nbsp;&nbsp;&nbsp;&nbsp;&nbsp;&nbsp;&nbsp;&nbsp;&nbsp;&nbsp;&nbsp;&nbsp;&nbsp; @<a href=\"mailto:toolboxgenderunddiversity@berlin.social\">toolboxgenderunddiversity@berlin.social<\/a> wie gewohnt zu den Themen der gender- und diversit\u00e4tssensiblen Hochschullehre. Ihr findet uns auf der Mastodon-Plattform <a href=\"https:\/\/berlin.social\/\">https:\/\/berlin.social\/<\/a> Wir freuen uns \u00fcber die ersten 120 Follower und alle anderen Mitstreiter*innen, deren spannende Inhalte wir lesen, liken und teilen k\u00f6nnen. Schaut doch auch mal vorbei!<\/p>\n\n\n\n<p>Im Zuge des 75-j\u00e4hrigen Jubil\u00e4ums der Freien Universit\u00e4t hat das Margherita-von-Brentano-Zentrum au\u00dferdem eine Videoreihe ver\u00f6ffentlicht, in der unterschiedliche Bereiche der Geschlechterforschung an der Freien Universit\u00e4t vorgestellt werden. Auch ein <a href=\"https:\/\/www.youtube.com\/watch?v=2ZuZ3FTbcjw&amp;list=PLqiyv4YjL2YLjPrz9eh0iR44pUaGzu5Ya&amp;index=1\">Portrait der Toolbox<\/a> ist mit dabei und auf dem Youtube-Kanal des MvBZ abrufbar. &nbsp;<\/p>\n\n\n\n<h3 class=\"wp-block-heading\">Toolbox goes Tutoring and Mentoring<\/h3>\n\n\n\n<p>Ganz besonders freuen wir uns \u00fcber die vertiefte und verstetigte Kooperation mit der <a href=\"https:\/\/www.fu-berlin.de\/sites\/career\/qualifizierung\/wege\/index.html\">Qualifizierung f\u00fcr Tutoring und Mentoring am Career Service<\/a>. Seit August 2022 verantwortet die Toolbox die Lerneinheit \u201eGender und Diversity an der Uni\u201c innerhalb des <a href=\"https:\/\/www.fu-berlin.de\/sites\/career\/studium\/KommunikativeKompetenzen\/gruppenleitung_lehrlern\/index.html\">ABV Modul &#8222;Gruppenleitung in Lehr-Lern-Kontexten&#8220;,<\/a> dass jedes Semester vom Career Service f\u00fcr angehende Tutor*innen und Mentor*innen angeboten wird. So lernen viele studentische Lehrende die Toolbox kennen und setzen sich mit Gender und Diversity in ihrem Fach und in ihrem Verantwortungsbereich auseinander. Auch zum Ende des Sommersemesters 2023 werden erneut 7 Kurse stattfinden, in denen neue Tutor*innen und Mentor*innen ihre Rolle und ihre Arbeit mit Studierenden reflektieren. Wir freuen uns, diese engagierten studentischen Lehrenden kennenzulernen und mit ihnen \u00fcber gender- und diversit\u00e4tsbewusste Lehre ins Gespr\u00e4ch zu kommen. Eine <a href=\"https:\/\/www.fu-berlin.de\/sites\/career\/studium\/KommunikativeKompetenzen\/gruppenleitung_lehrlern\/index.html\">Anmeldung<\/a> ist ab 1.Juni 2023 m\u00f6glich.<\/p>\n\n\n\n<h3 class=\"wp-block-heading\">Tipps f\u00fcr diversit\u00e4tsorientierte Sprache<\/h3>\n\n\n\n<p>Mit der Einf\u00fchrung einer <a href=\"https:\/\/www.fu-berlin.de\/sites\/diversity\/antidiskriminierung\/sprache\/gender\/index.html\">Regelung f\u00fcr gendergerechte und inklusive Sprache<\/a> an der Freien Universit\u00e4t Berlin sind auch die Anfragen an die Toolbox bez\u00fcglich gender- und diversit\u00e4tsbewusster Sprachverwendung gestiegen. Neben regelm\u00e4\u00dfigen Workshops zu diversit\u00e4tsbewusster Sprache sowie <a href=\"https:\/\/veranstaltung.weiterbildung.fu-berlin.de\/Veranstaltung\/cmx6321bfd021bbf.html\">gendergerechtem Formulieren im Englischen<\/a> \u00fcber das <a href=\"https:\/\/www.fu-berlin.de\/sites\/weiterbildung\/index.html\">WBZ<\/a>, hat die Toolbox im vergangenen Jahr vermehrt individuell zugeschnittene Weiterbildungen f\u00fcr einzelne Arbeitsbereiche an der Freien Universit\u00e4t angeboten \u2013 zuletzt in Zusammenarbeit mit dem <a href=\"https:\/\/www.mvbz.fu-berlin.de\/\">MvBZ<\/a> f\u00fcr Mitarbeitende der Universit\u00e4tsbibliothek. Um dem erh\u00f6hten Interesse nachzukommen und Ratsuchende in ihrem Bem\u00fchen um einen diskriminierungsarmen, wie zugleich kreativen Gebrauch von Sprache zu unterst\u00fctzen, haben wir die Informationen und praktischen Anregungen auf der <a href=\"https:\/\/www.genderdiversitylehre.fu-berlin.de\/toolbox\/sprache\/index.html\">Toolbox-Webseite<\/a> erweitert und aktualisiert. Wir freuen uns, wenn Sie vorbeischauen.<\/p>\n\n\n\n<h2 class=\"wp-block-heading\">Themenhighlights aus Toolbox-Blog und Hochschule<\/h2>\n\n\n\n<h3 class=\"wp-block-heading\"><strong>Umgang mit Pr\u00fcfungsangst<\/strong><\/h3>\n\n\n\n<p>Was, wenn ich in der Pr\u00fcfung alles Gelernte vergesse? Wie reagiere ich, wenn Studierende in der m\u00fcndlichen Pr\u00fcfung nichts sagen? Die Pr\u00fcfungsphasen an der Hochschule gehen mit vielen Unsicherheiten einher \u2013 f\u00fcr Studierende wie Lehrende gleicherma\u00dfen.<\/p>\n\n\n\n<p>Um mehr dar\u00fcber zu erfahren, wie sich Pr\u00fcfungs\u00e4ngste entwickeln, wie ein souver\u00e4ner Umgang mit ihnen aussehen kann und welche Rolle hier Lehrende einnehmen k\u00f6nnen, haben wir Dr. Dipl-Psych. Michael Cugialy gesprochen. Das <a href=\"https:\/\/blogs.fu-berlin.de\/toolbox\/2022\/11\/17\/zeit-geben-transparenz-und-wertschaetzung-studierende-mit-pruefungsangst-unterstuetzen-interview-mit-michael-cugialy\/#more-1849\">Interview<\/a> findet sich in unserem Toolbox-Blog. An der <a href=\"https:\/\/www.fu-berlin.de\/sites\/studienberatung\/psychologische_beratung\/index.html\">Zentraleinrichtung Studienberatung und Psychologische Beratung<\/a> bietet der Psychologe regelm\u00e4\u00dfig Einzelberatungen und <a href=\"https:\/\/www.fu-berlin.de\/sites\/studienberatung\/studienberatung\/workshops.html\">Workshops<\/a> an, die auch das Thema Pr\u00fcfungsangst aufgreifen.<\/p>\n\n\n\n<h3 class=\"wp-block-heading\"><strong>Aktionstage \u201eNein hei\u00dft Nein \u2013 gemeinsam gegen sexualisierte Gewalt\u201c<\/strong><\/h3>\n\n\n\n<p>\u201e<em>Ich w\u00fcnsche mir, dass die \u201eNein hei\u00dft Nein\u201c-Debatte zu einer \u201eNur Ja hei\u00dft Ja\u201c-Debatte evolviert,\u201c<\/em> \u2013 so lautete einer der vielen W\u00fcnsche am Wunschbaum in der Rost-, und Silberlaube f\u00fcr Bed\u00fcrfnisse und Anliegen im Kontext von sexualisierte Gewalt Diskriminierung und Bel\u00e4stigung an der Hochschule. Aufgestellt wurde der Baum anl\u00e4sslich der <a href=\"https:\/\/www.fu-berlin.de\/sites\/nein-heisst-nein\/Anti-Gewalt-Aktionstage\/index.html\">Aktionstage \u201eNein hei\u00dft Nein \u2013 gemeinsam gegen sexualisierte Gewalt\u201c<\/a>, die Ende November an der Freien Universit\u00e4t stattfanden und in Kooperation von Margherita-von-Brentano-Zentrum und Team Zentrale Frauenbeauftragte organisiert wurden. Die Ausstellung <a href=\"https:\/\/www.fu-berlin.de\/sites\/frauenbeauftragte\/termine\/25N-Ausstellung-__MeToo-und-die-Universitaet_.html\">#Metoo und Universit\u00e4t<\/a>, sowie eine gut besuchte <a href=\"https:\/\/www.fu-berlin.de\/sites\/frauenbeauftragte\/termine\/25N-Podiumsdiskussion_-Gemeinsam-gegen-sexualisierte-Belaestigung_-Diskriminierung-und-Gewalt-an-Unis.html\">Podiumsdiskussion \u201eGemeinsam gegen sexualisierte Bel\u00e4stigung, Diskriminierung und Gewalt an Hochschulen\u201c<\/a>, bildeten den Rahmen der Aktionswoche, die verschiedene Workshops zum Thema umfasste. M\u00f6chten Sie wissen, was Sie verpasst haben? Dann erfahren Sie mehr im <a href=\"https:\/\/www.fu-berlin.de\/sites\/frauenbeauftragte\/termine\/25N-Podiumsdiskussion_-Gemeinsam-gegen-sexualisierte-Belaestigung_-Diskriminierung-und-Gewalt-an-Unis.html\">ausf\u00fchrlichen Bericht<\/a> im Blog \u201egeschlechter*gerecht\u201c des Team Zentrale Frauenbeauftragte.<\/p>\n\n\n\n<p>Falls Sie selbst zum Thema forschen, k\u00f6nnte dieser &nbsp;<a href=\"https:\/\/opengenderjournal.de\/cfp-with-debate-feminista\">Call for Papers<\/a> f\u00fcr Sie interessant sein. Im Rahmen einer Kooperation zwischen dem &nbsp;<a href=\"https:\/\/opengenderjournal.de\/\">Open Gender Journal<\/a> und der mexikanischen Zeitschrift &nbsp;<a href=\"https:\/\/debatefeminista.cieg.unam.mx\/\">Debate Feminista<\/a>\u201c werden in der gemeinsamen Rubrik \u201eGenderspezifische und sexualisierte Bel\u00e4stigung, Diskriminierung und Gewalt im Hochschulkontext\u201c wissenschaftliche Beitr\u00e4ge zum Thema in beiden Zeitschriften parallel ver\u00f6ffentlicht.<\/p>\n\n\n\n<h2 class=\"wp-block-heading\">Termine und links<\/h2>\n\n\n\n<p>Neben zahlreichen Kooperationen mit Fachbereichen an der Freien Universit\u00e4t setzt die Toolbox auch im Sommersemester 2023 die Zusammenarbeit mit dem <a href=\"https:\/\/www.fu-berlin.de\/sites\/lehrqualifizierung\/index.html\">Dahlem Center for Academic Teaching<\/a> (DCAT) und dem <a href=\"https:\/\/www.fu-berlin.de\/sites\/weiterbildung\/index.html\">Weiterbildungszentrum<\/a> (WBZ) fort. Die Workshops im Rahmen des Zertifikatsprogramms am DCAT geben eine Einf\u00fchrung in verschiedene Dimensionen gender- und diversit\u00e4tsbewusster Lehre und richten sich an Lehrende der Freien Universit\u00e4t. Die Veranstaltungen des WBZ stehen allen Besch\u00e4ftigten offen.<\/p>\n\n\n\n<p>Montag, 17.4.2023, 12:00 -14:00 (Pr\u00e4senz): <a href=\"https:\/\/www.genderdiversitylehre.fu-berlin.de\/toolbox\/Termine\/20230417_Workshop_Phlynta.html\">Gender und Diversity in der universit\u00e4ren Praxis<\/a><\/p>\n\n\n\n<p>Freitag, 21.4.2023, 9:30 \u2013 12:00 (Online): <a href=\"https:\/\/veranstaltung.weiterbildung.fu-berlin.de\/Veranstaltung\/cmx6321bfd021bbf.html\">Gendergerechtes Formulieren im Englischen<\/a><\/p>\n\n\n\n<p>Freitag, 5.5.2023, 9:00 -17:00 (Pr\u00e4senz): <a href=\"https:\/\/veranstaltung.dcat.fu-berlin.de\/Veranstaltung\/cmx632c452d8ea53.html\">Lehre gender- und diversit\u00e4tsbewusst gestalten<\/a><\/p>\n\n\n\n<p>Freitag, 2.6. &amp; 16.6.2023, jeweils 9:00 -13:00 (Online, aufgeteilt auf zwei Vormittage): <a href=\"https:\/\/veranstaltung.dcat.fu-berlin.de\/Veranstaltung\/cmx632c452eaecb7.html\">(Digitale) Lehre gender- und diversit\u00e4tsbewusst gestalten<\/a><\/p>\n\n\n\n<p>Mittwoch, 24.5.2023, 14:00-16:00 (Pr\u00e4senz): <a href=\"https:\/\/veranstaltung.dcat.fu-berlin.de\/Veranstaltung\/cmx63ca805fb12ab.html\">Miteinander statt gegeneinander<\/a>, Workshop im Rahmen der <a href=\"https:\/\/www.fu-berlin.de\/sites\/dcat\/Themenwoche-2023\/Programm\/index.html\">Themenwoche zur Lehre 2023<\/a><\/p>\n\n\n\n<p>Wir freuen uns \u00fcber Ihr Interesse am Toolbox-Newsletter, w\u00fcnschen Ihnen einen motivierten Start in das Sommersemester und senden herzliche Gr\u00fc\u00dfe,<\/p>\n\n\n\n<p>das Toolbox-Team<\/p>\n\n\n\n<p><\/p>\n","protected":false},"excerpt":{"rendered":"<p>Liebe Toolbox-Interessierte, zum Auftakt des Sommersemesters m\u00f6chten wir Sie mit einer neuen Ausgabe des Toolbox- Newsletters \u00fcber neue Ressourcen und Themen, geplante Workshops und kommende Veranstaltungen rund um das Thema \u201aGender und Diversity in der Lehre\u2018 informieren.<\/p>\n","protected":false},"author":6900,"featured_media":0,"comment_status":"open","ping_status":"open","sticky":false,"template":"","format":"standard","meta":{"footnotes":""},"categories":[62182],"tags":[91,305170,197043,2789,57446,1450,367,275033,358],"class_list":["post-2091","post","type-post","status-publish","format-standard","hentry","category-newsletter","tag-beratung","tag-diversity","tag-freie-universitaet-berlin","tag-gender","tag-geschlechterforschung","tag-hochschuldidaktik","tag-lehre","tag-toolbox-kennenlernen","tag-workshop"],"_links":{"self":[{"href":"https:\/\/blogs.fu-berlin.de\/toolbox\/wp-json\/wp\/v2\/posts\/2091","targetHints":{"allow":["GET"]}}],"collection":[{"href":"https:\/\/blogs.fu-berlin.de\/toolbox\/wp-json\/wp\/v2\/posts"}],"about":[{"href":"https:\/\/blogs.fu-berlin.de\/toolbox\/wp-json\/wp\/v2\/types\/post"}],"author":[{"embeddable":true,"href":"https:\/\/blogs.fu-berlin.de\/toolbox\/wp-json\/wp\/v2\/users\/6900"}],"replies":[{"embeddable":true,"href":"https:\/\/blogs.fu-berlin.de\/toolbox\/wp-json\/wp\/v2\/comments?post=2091"}],"version-history":[{"count":3,"href":"https:\/\/blogs.fu-berlin.de\/toolbox\/wp-json\/wp\/v2\/posts\/2091\/revisions"}],"predecessor-version":[{"id":2482,"href":"https:\/\/blogs.fu-berlin.de\/toolbox\/wp-json\/wp\/v2\/posts\/2091\/revisions\/2482"}],"wp:attachment":[{"href":"https:\/\/blogs.fu-berlin.de\/toolbox\/wp-json\/wp\/v2\/media?parent=2091"}],"wp:term":[{"taxonomy":"category","embeddable":true,"href":"https:\/\/blogs.fu-berlin.de\/toolbox\/wp-json\/wp\/v2\/categories?post=2091"},{"taxonomy":"post_tag","embeddable":true,"href":"https:\/\/blogs.fu-berlin.de\/toolbox\/wp-json\/wp\/v2\/tags?post=2091"}],"curies":[{"name":"wp","href":"https:\/\/api.w.org\/{rel}","templated":true}]}}