{"id":2111,"date":"2023-06-14T11:56:51","date_gmt":"2023-06-14T09:56:51","guid":{"rendered":"https:\/\/blogs.fu-berlin.de\/toolbox\/?p=2111"},"modified":"2023-06-27T14:36:12","modified_gmt":"2023-06-27T12:36:12","slug":"gesucht-stud-beschaeftigter-m-w-d-fuer-die-toolbox","status":"publish","type":"post","link":"https:\/\/blogs.fu-berlin.de\/toolbox\/2023\/06\/14\/gesucht-stud-beschaeftigter-m-w-d-fuer-die-toolbox\/","title":{"rendered":"Gesucht: Stud. Besch\u00e4ftigte*r (m\/w\/d) f\u00fcr die Toolbox"},"content":{"rendered":"\n<div class=\"wp-block-media-text alignwide is-stacked-on-mobile\"><figure class=\"wp-block-media-text__media\"><img loading=\"lazy\" decoding=\"async\" width=\"935\" height=\"697\" src=\"https:\/\/blogs.fu-berlin.de\/toolbox\/files\/2022\/11\/toolbox_logo_quer_RGB_150dpi-1.jpg\" alt=\"\" class=\"wp-image-1875 size-full\" srcset=\"https:\/\/blogs.fu-berlin.de\/toolbox\/files\/2022\/11\/toolbox_logo_quer_RGB_150dpi-1.jpg 935w, https:\/\/blogs.fu-berlin.de\/toolbox\/files\/2022\/11\/toolbox_logo_quer_RGB_150dpi-1-300x224.jpg 300w, https:\/\/blogs.fu-berlin.de\/toolbox\/files\/2022\/11\/toolbox_logo_quer_RGB_150dpi-1-768x573.jpg 768w\" sizes=\"auto, (max-width: 709px) 85vw, (max-width: 909px) 67vw, (max-width: 1362px) 62vw, 840px\" \/><\/figure><div class=\"wp-block-media-text__content\">\n<p><strong>&#8211; Bewerbungsfrist: 10.7.2023\u2013<\/strong><\/p>\n\n\n\n<p>Die \u201eToolbox Gender &amp; Diversity in der Lehre\u201c der FU Berlin sucht  qualifizierte studentische Verst\u00e4rkung!<\/p>\n\n\n\n<!--more-->\n<\/div><\/div>\n\n\n\n<p>Die &#8222;Toolbox Gender und Diversity in der Lehre&#8220; sucht ab September eine*n studentische*n Besch\u00e4ftigte*n f\u00fcr 41 Mo.Std. Die Stelle ist auf 2 Jahre befristet. Die Toolbox ist ein Online-Angebot zu gender- und diversit\u00e4tsbewusster Hochschullehre und bietet Weiterbildungen f\u00fcr Hochschullehrende an. Wir w\u00fcnschen uns inhaltliche und konzeptionelle Unterst\u00fctzung bei der Erstellung von Inhalten f\u00fcr die Website der Toolbox, insbesondere auch f\u00fcr eine Ressourcensammlung f\u00fcr die Lehrkr\u00e4ftebildung, Mitwirkung bei den Workshops f\u00fcr Lehrende und der Pflege von Webcontent.<\/p>\n\n\n\n<p>Wir verfolgen einen macht- und herrschaftskritischen Diversity-Ansatz, der intersektionale Ungleichheiten adressiert und den Abbau von Diskriminierung zum Ziel hat.<\/p>\n\n\n\n<p>N\u00e4here Information zum Aufgabengebiet und der Bewerbung finden sich in der <a rel=\"noreferrer noopener\" href=\"https:\/\/www.fu-berlin.de\/universitaet\/beruf-karriere\/jobs\/stud\/53_ze-margherita-von-brentano-zentrum-fuer-geschlechterforschung\/MBZ-MvBZ-01-2023-Toolbox.html\" data-type=\"URL\" target=\"_blank\">Stellenausschreibung<\/a>.<br><\/p>\n","protected":false},"excerpt":{"rendered":"<p>&#8211; Bewerbungsfrist: 10.7.2023\u2013 Die \u201eToolbox Gender &amp; Diversity in der Lehre\u201c der FU Berlin sucht qualifizierte studentische Verst\u00e4rkung!<\/p>\n","protected":false},"author":7648,"featured_media":0,"comment_status":"open","ping_status":"open","sticky":false,"template":"","format":"standard","meta":{"footnotes":""},"categories":[428608],"tags":[1661,305170,197043,2789,1450,277,233545],"class_list":["post-2111","post","type-post","status-publish","format-standard","hentry","category-informiert","tag-bildung","tag-diversity","tag-freie-universitaet-berlin","tag-gender","tag-hochschuldidaktik","tag-hochschule","tag-studierende"],"_links":{"self":[{"href":"https:\/\/blogs.fu-berlin.de\/toolbox\/wp-json\/wp\/v2\/posts\/2111","targetHints":{"allow":["GET"]}}],"collection":[{"href":"https:\/\/blogs.fu-berlin.de\/toolbox\/wp-json\/wp\/v2\/posts"}],"about":[{"href":"https:\/\/blogs.fu-berlin.de\/toolbox\/wp-json\/wp\/v2\/types\/post"}],"author":[{"embeddable":true,"href":"https:\/\/blogs.fu-berlin.de\/toolbox\/wp-json\/wp\/v2\/users\/7648"}],"replies":[{"embeddable":true,"href":"https:\/\/blogs.fu-berlin.de\/toolbox\/wp-json\/wp\/v2\/comments?post=2111"}],"version-history":[{"count":8,"href":"https:\/\/blogs.fu-berlin.de\/toolbox\/wp-json\/wp\/v2\/posts\/2111\/revisions"}],"predecessor-version":[{"id":2127,"href":"https:\/\/blogs.fu-berlin.de\/toolbox\/wp-json\/wp\/v2\/posts\/2111\/revisions\/2127"}],"wp:attachment":[{"href":"https:\/\/blogs.fu-berlin.de\/toolbox\/wp-json\/wp\/v2\/media?parent=2111"}],"wp:term":[{"taxonomy":"category","embeddable":true,"href":"https:\/\/blogs.fu-berlin.de\/toolbox\/wp-json\/wp\/v2\/categories?post=2111"},{"taxonomy":"post_tag","embeddable":true,"href":"https:\/\/blogs.fu-berlin.de\/toolbox\/wp-json\/wp\/v2\/tags?post=2111"}],"curies":[{"name":"wp","href":"https:\/\/api.w.org\/{rel}","templated":true}]}}