{"id":2308,"date":"2023-10-10T13:23:18","date_gmt":"2023-10-10T11:23:18","guid":{"rendered":"https:\/\/blogs.fu-berlin.de\/toolbox\/?p=2308"},"modified":"2024-08-26T13:27:52","modified_gmt":"2024-08-26T11:27:52","slug":"toolbox-newsletter-nr-13-ws-23-24","status":"publish","type":"post","link":"https:\/\/blogs.fu-berlin.de\/toolbox\/2023\/10\/10\/toolbox-newsletter-nr-13-ws-23-24\/","title":{"rendered":"Toolbox Newsletter Nr. 13 &#8211; WS 23\/24"},"content":{"rendered":"\n<div class=\"wp-block-media-text alignwide is-stacked-on-mobile\"><figure class=\"wp-block-media-text__media\"><img loading=\"lazy\" decoding=\"async\" width=\"1024\" height=\"768\" src=\"https:\/\/blogs.fu-berlin.de\/toolbox\/files\/2024\/08\/newsletter.oleg_.laptev.unsplash-1024x768.png\" alt=\"\" class=\"wp-image-2464 size-full\" srcset=\"https:\/\/blogs.fu-berlin.de\/toolbox\/files\/2024\/08\/newsletter.oleg_.laptev.unsplash-1024x768.png 1024w, https:\/\/blogs.fu-berlin.de\/toolbox\/files\/2024\/08\/newsletter.oleg_.laptev.unsplash-300x225.png 300w, https:\/\/blogs.fu-berlin.de\/toolbox\/files\/2024\/08\/newsletter.oleg_.laptev.unsplash-768x576.png 768w, https:\/\/blogs.fu-berlin.de\/toolbox\/files\/2024\/08\/newsletter.oleg_.laptev.unsplash-1536x1152.png 1536w, https:\/\/blogs.fu-berlin.de\/toolbox\/files\/2024\/08\/newsletter.oleg_.laptev.unsplash-1200x900.png 1200w, https:\/\/blogs.fu-berlin.de\/toolbox\/files\/2024\/08\/newsletter.oleg_.laptev.unsplash.png 2000w\" sizes=\"auto, (max-width: 709px) 85vw, (max-width: 909px) 67vw, (max-width: 1362px) 62vw, 840px\" \/><\/figure><div class=\"wp-block-media-text__content\">\n<p>zum Auftakt des Wintersemesters m\u00f6chten wir Sie wieder mit einer neuen Newsletter-Ausgabe \u00fcber Themen, Ressourcen, geplante Workshops und kommende Veranstaltungen rund um das Thema Gender und Diversity in der Lehre informieren.<\/p>\n<\/div><\/div>\n\n\n\n<!--more-->\n\n\n\n<p>Wir von der Toolbox \u201eGender und Diversity in der Lehre\u201c freuen uns, dass wir seit dem 01.10.2023 die studentische Mitarbeiterin Marija Bule in unserem Team begr\u00fc\u00dfen k\u00f6nnen. Marija Bule, Studierende der Allgemeinen und Vergleichenden Literaturwissenschaft bringt Erfahrungen als Mentorin an ihrem Fachbereich mit. Mit ihren Kenntnissen zu Queer Studies und Intersektionalit\u00e4t wird uns Marija Bule tatkr\u00e4ftig in der Toolbox unterst\u00fctzen k\u00f6nnen.<\/p>\n\n\n\n<h2 class=\"wp-block-heading\">Neuigkeiten aus Toolbox, MvBZ und FU Berlin<\/h2>\n\n\n\n<h4 class=\"wp-block-heading\">Erfahrungen aus der Themenwoche \u201astudienorientiert lehren&#8216; 2023<\/h4>\n\n\n\n<p>Unter dem Motto \u201astudienorientiert lehren\u2018 fand vom <strong>22.5.-25.5.2023<\/strong> zum zweiten Mal die \u201e<a href=\"https:\/\/www.fu-berlin.de\/sites\/dcat\/Themenwoche-zur-Lehre\/Themenwoche-2023\/index.html\">Themenwoche zur Lehre\u201c<\/a> an der Freien Universit\u00e4t Berlin statt. Eingeladen waren Studierende, Lehrende und weitere Interessierte, um gemeinsam neue Ans\u00e4tze und kreative Ideen f\u00fcr \u201egute Lehre\u201c zu entwickeln. In dem von der Toolbox durchgef\u00fchrten Workshop <strong>\u201a<\/strong>Miteinander statt gegeneinander\u2018 wurden Perspektiven auf diskriminierungskritische Lehre in den Fokus ger\u00fcckt und Bedarfe sowohl von Studierenden als auch von Lehrenden thematisiert. Dabei wurde deutlich: Zeitdruck, starre Regularien (z.B. f\u00fcr Studien- und Pr\u00fcfungsleistungen), sowie eine fehlende Kultur im Umgang mit Unsicherheit empfinden Studierende und Lehrende gleicherma\u00dfen als H\u00fcrden, um tats\u00e4chlich diskriminierungskritisch und studierendenorientiert lehren und lernen zu k\u00f6nnen. Die Toolbox bietet mit dem Konzept der <a href=\"https:\/\/www.genderdiversitylehre.fu-berlin.de\/kompetenzen\/leitlinien_nicht-freigeben\/_inhalte\/leitlinien-faq\/fehlerfreundlich.html\">Fehlerfreundlichkeit<\/a> eine erste Ann\u00e4herung an M\u00f6glichkeiten, mit Unsicherheit und Mehrdeutigkeit in der Lehre umzugehen. &nbsp;<\/p>\n\n\n\n<h4 class=\"wp-block-heading\">10 x 7,5 min Geschlechterforschung beim Open-Mic des MvBZ<\/h4>\n\n\n\n<p>Im Rahmen des 75. FU-Jubil\u00e4ums lud das Magherita-von-Brentano-Zentrum f\u00fcr den 20. Juni 2023 Vertreter*innen der Geschlechterforschung aus zehn Disziplinen zu einer Open-Mic-Veranstaltung ein. In zehn spannenden Kurzvortr\u00e4gen wurde deutlich, wie vielf\u00e4ltig die Geschlechterforschung ist. Sie ist auch unerl\u00e4sslich f\u00fcr eine emanzipatorische Wissenschaft, die Fragen nach Verteilung und Macht ins Zentrum der wissenschaftlichen Auseinandersetzung r\u00fcckt.<\/p>\n\n\n\n<p>Ihre Positionen vertraten in 7,5 min: Prof. Dr. G\u00fclay \u00c7a\u011flar (Otto-Suhr-Institut), <a href=\"https:\/\/www.geschkult.fu-berlin.de\/e\/islamwiss\/personen\/profs\/Amir-Moazami\/index.html\">Prof. Dr. Shirin Amir-Moazami<\/a> (Institut f\u00fcr Islamwissenschaft), Jun.-Prof. Dr. Manon Garcia (Institut f\u00fcr Philosophie), Dr. Sarah Bellows-Blakely (Friedrich-Meinecke-Institut), Prof. Dr. Martin L\u00fccke und Dr. Andrea Rottmann (Friedrich-Meinecke-Institut), Prof. Dr. Margreth L\u00fcnenborg und Miriam Siemon (Institut f\u00fcr Publizistik- und Kommunikationswissenschaft), Jun.-Prof. Dr. Jenny Schr\u00f6dl (Institut f\u00fcr Theaterwissenschaft), Prof. Dr. Antonie Schmiz und <a href=\"https:\/\/www.geo.fu-berlin.de\/geog\/fachrichtungen\/anthrogeog\/g-t-g\/ehemalige-MitarbeiterInnen\/sjahre\/index.html\">Sylvana Jahre<\/a> (Institut f\u00fcr Geographische Wissenschaften), Prof. Dr. Petra Lucht (Fachbereich Biologie, Chemie, Pharmazie), Dr. Bontu Lucie Guschke und Dr. Laura Eigenmann (Institut f\u00fcr Soziologie).<\/p>\n\n\n\n<p>Wo sich trotz disziplin\u00e4rer Vielfalt auch Gemeinsamkeiten und rote F\u00e4den finden lassen, lesen Sie in unserem <a href=\"https:\/\/blogs.fu-berlin.de\/toolbox\/2023\/08\/01\/open-mic-geschlechterforschung-vielfaeltig-und-dennoch-geeint\/\">Blogbeitrag<\/a>. Die Veranstaltung wurde durch ein <em>graphic recording<\/em> begleitet. Die gesamte Veranstaltung mit allen Beitr\u00e4gen kann auf dem <a href=\"https:\/\/www.youtube.com\/playlist?list=PLqiyv4YjL2YIhV4JSAuQPDJ1mPHCexGjP\">you tube Kanal des MvBZ<\/a> angesehen und unter <a href=\"https:\/\/www.mvbz.fu-berlin.de\/ueber-uns\/dokumentation-eigener-veranstaltungen\/20230620_Open_MIC\/index.html\">Dokumentation<\/a> nachgelesen werden.<\/p>\n\n\n\n<h4 class=\"wp-block-heading\">Call for Papers: Diversity und Rassismus im Hochschulkontext<\/h4>\n\n\n\n<p>Die deutschen Hochschulen pr\u00e4sentieren sich als weltoffene und liberale Orte, die sich der Vielfalt verschrieben haben. Diversit\u00e4t wird \u00f6ffentlich als strategische Ressource f\u00fcr Innovation und akademische Leistung angepriesen. Doch wie sieht es in der Realit\u00e4t aus, insbesondere im Umgang mit Rassismus?<\/p>\n\n\n\n<p>Nach der Durchf\u00fchrung der <a href=\"https:\/\/www.mvbz.fu-berlin.de\/ueber-uns\/dokumentation-eigener-veranstaltungen\/20211104_diversity_racism_and_the_broken_promise_of_inclusion_in_german_higher_education\/index.html\">Veranstaltung \u201eDiversity, Racism and the Broken Promise of Inclusion in German Higher Education\u201c <\/a>im WS 2021\/22 m\u00f6chten wir die dort gef\u00fchrten Debatten nun in einem <em>Special Issue <\/em>der <a href=\"http:\/\/zdfm.budrich-journals.de\/\">Zeitschrift f\u00fcr Diversit\u00e4tsforschung und -management<\/a> (Heft 1\/2025) aufgreifen und weiterf\u00fchren. Daf\u00fcr rufen wir zur Einreichung von Beitr\u00e4gen <strong>in zwei verschiedenen Formaten<\/strong> auf. Wir w\u00fcnschen uns erstens <strong>wissenschaftliche Langbeitr\u00e4ge<\/strong>&nbsp;mit theoretisch-konzeptioneller oder auch empirischer Ausrichtung und zweitens <strong>Kurzbeitr\u00e4ge aus Wissenschaft und Praxis<\/strong>, wie z.B. Skizzen zu Forschungsprojekten, pointierte Stellungnahmen und (gern provokante) Positionen sowie Praxisbeispiele und -berichte. Darunter fallen auch Fallbeispiele aus der universit\u00e4ren Lehre.<\/p>\n\n\n\n<p>Deadline f\u00fcr Abstracts ist der <strong>31.Oktober 2023. <\/strong>Mehr Informationen finden Sie im <a href=\"https:\/\/www.mvbz.fu-berlin.de\/ausschreibungen\/calls\/Call-ZDfm\/index.html\">Call for Papers Special Issue ZDfm \u2022 Margherita-von-Brentano-Zentrum (fu-berlin.de)<\/a> und auf dem <a href=\"https:\/\/blogs.fu-berlin.de\/toolbox\/2023\/09\/14\/call-for-papers-diversity-und-rassismus-im-hochschulkontext-glaenzende-fassaden-und-gebrochene-versprechen\/\">Toolbox-Blog<\/a><strong>.<\/strong><\/p>\n\n\n\n<h4 class=\"wp-block-heading\">Das Thema Sexualisierter Bel\u00e4stigung, Diskriminierung und Gewalt (SBDG) an der FU Berlin<\/h4>\n\n\n\n<p>In den vergangenen Monaten ist das Thema sexualisierte Bel\u00e4stigung, Diskriminierung und Gewalt (SBDG) im Hochschulkontext medial sichtbarer geworden. Das bedeutet, dass SBDG auch an der FU eher thematisiert werden kann. Uns f\u00e4llt auf, dass in Seminaren, vor allem von Studierendenseite immer wieder Vorf\u00e4lle, Beispiele und Kontexte genannt werden, in denen SBDG stattfindet. Eine h\u00e4ufige Frage ist, welche M\u00f6glichkeiten des Umgangs es mit SBDG gibt.<\/p>\n\n\n\n<p>Die Erforschung von Sexualisierter Bel\u00e4stigung, Diskriminierung und Gewalt (SBDG) an Hochschulen geh\u00f6rt zu den Arbeitsschwerpunkten des Margherita-von-Brentano-Zentrum f\u00fcr Geschlechterforschung an der FU Berlin. Zusammen mit Co-Autorin Sabine Blackmore (Blackmore Coaching) hat die Gesch\u00e4ftsf\u00fchrerin Heike Pantelmann  das Buch <a href=\"https:\/\/link.springer.com\/book\/10.1007\/978-3-658-40467-3\">Sexualisierter Bel\u00e4stigung, Diskriminierung und Gewalt (SBGD) an Hochschulen<\/a> ver\u00f6ffentlicht. Darin werden die vielf\u00e4ltigen Aspekte, rechtlichen Fragen und komplexen Erscheinungsformen beleuchtet, die das Thema in einem hierarchischen Umfeld mit unklarer Verantwortung f\u00fcr SBDG zu einer organisationalen und individuellen Herausforderung macht.  Weiteres zu Inhalten des Buches finden Sie auf unserem <a href=\"https:\/\/blogs.fu-berlin.de\/toolbox\/2023\/06\/29\/neue-publikation-zu-sexualisierter-belaestigung-diskriminierung-und-gewalt-sbdg-an-hochschulen\/\">Blogbeitrag<\/a> der Toolbox.<\/p>\n\n\n\n<p>Das Buch wird im Rahmen eines Forums zum \u201eUmgang mit sexualisierter Bel\u00e4stigung, Diskriminierung und Gewalt an Hochschulen\u201c am <strong>28.11.2023<\/strong> um 13:30-15h im <strong>Seminarzentrum FU <\/strong>Berlin\/Raum L115 vorgestellt. Vor dem Hintergrund der Vorw\u00fcrfe sexualisierter \u00dcbergriffe eines Dozenten der Humboldt Universit\u00e4t zu Berlin gab Dr. Heike Pantelmann zudem eine Reihe von <a href=\"https:\/\/www.mvbz.fu-berlin.de\/ueber-uns\/pressespiegel\/index.html\">Interviews<\/a> zum Thema sexualisierte Gewalt im Hochschulkontext.<\/p>\n\n\n\n<h4 class=\"wp-block-heading\">Aktionstage zum Internationalen Tag zur Beseitigung von Gewalt gegen Frauen<\/h4>\n\n\n\n<p>\u201eAufstehen gegen sexualisierte Gewalt!\u201c Unter diesem Motto bietet das Team Zentrale Frauenbeauftragte rund um den Internationalen Tag zur Beseitigung von Gewalt gegen Frauen am 25.11. eine Reihe von Veranstaltungen und Ver\u00f6ffentlichungen zum Thema sexualisierte Bel\u00e4stigung, Diskriminierung und Gewalt (SBDG) an. Genaue Angaben zu den einzelnen Veranstaltungen, Zeit, Ort und Teilnahmebedingungen werden auf der Seite der <a href=\"https:\/\/www.fu-berlin.de\/sites\/frauenbeauftragte\/termine\/202311_gegen_sexualisierte_gewalt_25_11_.html\">Zentralen Frauenbeauftragten<\/a> und <a href=\"https:\/\/www.fu-berlin.de\/sites\/nein-heisst-nein\/Anti-Gewalt-Aktionstage\/index.html\">hier<\/a> bekanntgegeben und aktualisiert.<\/p>\n\n\n\n<h4 class=\"wp-block-heading\">Interdisziplin\u00e4re Ringvorlesung zu Diversity in MINT <\/h4>\n\n\n\n<p>Unter dem Titel \u201eVielfalt schafft Wissenschaft \u2013 Wissenschaft schafft Vielfalt. Gesellschaftliche Herausforderungen im Blick der Gender- und Diversityforschung in MINT\u201c findet im Wintersemester 2023\/24 eine Ringvorlesung der Fachbereiche Physik, Biologie, Chemie, Pharmazie, Mathematik und Informatik an der FU Berlin statt. Die Vortragsreihe stellt kritisch-reflexive Analysen der Gender- und Diversityforschung zu MINT vor und zeigt Perspektiven f\u00fcr eine Wissenschaft der Vielfalt auf. N\u00e4here Informationen zur Vortragsreihe finden Sie <a href=\"https:\/\/www.fu-berlin.de\/sites\/offenerhoersaal\/wise-23-24-vielfalt\/index.html\">hier.<\/a><\/p>\n\n\n\n<h4 class=\"wp-block-heading\">Empowerment-Workshops f\u00fcr Studierende<\/h4>\n\n\n\n<p>Im Laufe des kommenden Wintersemesters 2023\/2024 bietet die Stabsstelle \u201aDiversity und Antidiskriminierung\u2018 der Freien Universit\u00e4t Empowerment-Workshops f\u00fcr FU-Studierende statt. Je nach Workshop wird der Fokus auf unterschiedliche (strukturell benachteiligte) Gruppen gelegt. Die Stabsstelle l\u00e4dt Interessierte herzlich zur Teilnahme ein. Eine \u00dcbersicht der Workshops samt weiteren Informationen ist <a href=\"https:\/\/www.fu-berlin.de\/sites\/diversity\/termine\/index.html\">hier<\/a> zu finden. Wir bitten Sie, diese Workshop-Ank\u00fcndigungen an Studierende in Ihren Fachbereichen weiterzuleiten.<\/p>\n\n\n\n<h4 class=\"wp-block-heading\">Agenda der LV aus den Gender \u2013, Diversity und Queer Studies jetzt online<\/h4>\n\n\n\n<p>Die Agenda f\u00fcr das WiSe 23\/24 ist online! In der <em>Agenda<\/em> stellt das MvBZ jedes Semester alle Lehr\u00adveranstaltungen an der Freien Universit\u00e4t zusammen, in denen Forschungsergebnisse aus den Gender- Diversity- und Queer Studies thematisiert werden. Damit gibt die Agenda eine f\u00e4cher\u00fcbergreifende Orientierung f\u00fcr alle Studierenden, die sich f\u00fcr das interdisziplin\u00e4re Themenfeld Frauen- und Geschlechterforschung (gender\/diversity\/queer) interessieren. Die gesamte \u00dcbersicht ist im <a href=\"https:\/\/www.fu-berlin.de\/vv\/de\/modul?id=61336&amp;sm=754328\">elektronischen Vorlesungsverzeichnis<\/a> zu finden.<\/p>\n\n\n\n<h2 class=\"wp-block-heading\">Kooperationen, Termine und links<\/h2>\n\n\n\n<p>In zahlreichen Kooperationen mit Fachbereichen der FU (Wirtschaftswissenschaft; Politik- und Sozialwissenschaft; Biologie, Chemie, Pharmazie) f\u00fchrt die Toolbox weiterhin Workshops zu gender-, und diversit\u00e4tsbewusster Lehre durch. Darin werden sowohl Machtaspekte wie auch Auswirkungen von Sprache er\u00f6rtert und gemeinsam \u00dcbungsbeispiele f\u00fcr eine gender- und diversit\u00e4tsgerechte Planung und Gestaltung von Lehre erprobt. Insbesondere die Auseinandersetzung mit der eigenen Haltung bedeutet dabei auch immer eine intersektionale Betrachtung von Diskriminierungsformen und eigenen Privilegien.<\/p>\n\n\n\n<p>Auch im Wintersemester 2023\/24 wird die Toolbox die Zusammenarbeit mit dem <a href=\"https:\/\/www.fu-berlin.de\/sites\/lehrqualifizierung\/index.html\">Dahlem Center for Academic Teaching<\/a> (DCAT) und dem <a href=\"https:\/\/www.fu-berlin.de\/sites\/career\/index.html\">Career Service<\/a> fortf\u00fchren. Unsere Workshops im Rahmen des Zertifikatsprogramms des DCAT geben eine Einf\u00fchrung in verschiedene Dimensionen gender- und diversit\u00e4tsbewusster Lehre und setzten sich auch mit unbewussten und vernachl\u00e4ssigten Vorurteilen, Stereotypen (unconscious bias) und Ungleichheitsverh\u00e4ltnissen auseinander, die in der Lehre eine wichtige Rolle spielen. Die Workshops richten sich an alle Lehrende der Freien Universit\u00e4t.<br>In den Seminaren der <a href=\"https:\/\/www.fu-berlin.de\/sites\/career\/qualifizierung\/wege\/index.html\">Qualifizierung f\u00fcr Tutoring und Mentoring am Career Service<\/a> innerhalb des <a href=\"https:\/\/www.fu-berlin.de\/sites\/career\/studium\/KommunikativeKompetenzen\/gruppenleitung_lehrlern\/index.html\">ABV- Moduls &#8222;Gruppenleitung in Lehr-Lern-Kontexten&#8220;,<\/a> f\u00fchren wir weiterhin eine Lerneinheit zu \u201eGender und Diversity an der Uni\u201c durch.<\/p>\n\n\n\n<h4 class=\"wp-block-heading\">Anstehende Workshops mit noch zu vergebenden Pl\u00e4tzen<\/h4>\n\n\n\n<p>Montag, 06\/13.11.2023, Online- Workshop: <a href=\"https:\/\/veranstaltung.dcat.fu-berlin.de\/Veranstaltung\/cmx641dc163014fb.html\">Lehre gender- und diversit\u00e4tsbewusst gestalten<\/a> (Kooperation DCAT)<\/p>\n\n\n\n<p>Donnerstag, 07.12.2023, Pr\u00e4senz- Workshop: <a href=\"https:\/\/veranstaltung.dcat.fu-berlin.de\/Veranstaltung\/cmx641dc16270e14.html\">Lehre gender- und diversit\u00e4tsbewusst gestalten<\/a> (Kooperation DCAT)<\/p>\n\n\n\n<h4 class=\"wp-block-heading\">Veranstaltungen an der FU Berlin<\/h4>\n\n\n\n<p>Donnerstag &amp; Freitag 30.11. &amp; 1.12.2023: \u201e<strong>Practicing Intersectionality in Research, Activism and Politics\u201d.<\/strong> Conference &amp; 5 year anniversary of the MA Program Gender, Intersectionality and Politics. Register <a href=\"https:\/\/www.polsoz.fu-berlin.de\/polwiss\/forschung\/grundlagen\/gender-div\/aktuelles\/Registration-Conference-Practicing-Intersectionality.html\">here<\/a>.<\/p>\n\n\n\n<p>Mittwoch, 25.10.2023, 16:15 Uhr: Gender Studies SEMESTER START Lecture and Discussion &amp; Reception with a talk by Bontu Guschke <strong>&#8222;The Persistence of Sexism and Racism at Universities<\/strong>\u201d, Research Group Gender Studies, Institut f\u00fcr Soziologie (Altensteinstrasse 48) an der Freien Universit\u00e4t Berlin<\/p>\n\n\n\n<p>Dienstag, 28.11.2023, 13:30 \u2013 15:00 Uhr: <strong>Zum Umgang mit sexualisierter Bel\u00e4stigung, Diskriminierung und Gewalt an Hochschulen &#8211; Konzepte und Perspektiven<\/strong> (inkl. Buchvorstellung), Forum mit Kurzbeitr\u00e4gen, Seminarzentrum Freie Universit\u00e4t Berlin\/Raum L115<\/p>\n\n\n\n<p>23.10. \u2013 8.12.2023: <a href=\"https:\/\/www.fu-berlin.de\/sites\/diversity\/termine\/index.html\">Empowerment Workshops<\/a> f\u00fcr Studierende, organisiert durch die Stabsstelle Diversity und Antidiskriminierung, Freie Universit\u00e4t Berlin.<\/p>\n","protected":false},"excerpt":{"rendered":"<p>zum Auftakt des Wintersemesters m\u00f6chten wir Sie wieder mit einer neuen Newsletter-Ausgabe \u00fcber Themen, Ressourcen, geplante Workshops und kommende Veranstaltungen rund um das Thema Gender und Diversity in der Lehre informieren.<\/p>\n","protected":false},"author":6900,"featured_media":0,"comment_status":"open","ping_status":"open","sticky":false,"template":"","format":"standard","meta":{"footnotes":""},"categories":[62182],"tags":[305170,197043,2789,57446,367,2740],"class_list":["post-2308","post","type-post","status-publish","format-standard","hentry","category-newsletter","tag-diversity","tag-freie-universitaet-berlin","tag-gender","tag-geschlechterforschung","tag-lehre","tag-rassismus"],"_links":{"self":[{"href":"https:\/\/blogs.fu-berlin.de\/toolbox\/wp-json\/wp\/v2\/posts\/2308","targetHints":{"allow":["GET"]}}],"collection":[{"href":"https:\/\/blogs.fu-berlin.de\/toolbox\/wp-json\/wp\/v2\/posts"}],"about":[{"href":"https:\/\/blogs.fu-berlin.de\/toolbox\/wp-json\/wp\/v2\/types\/post"}],"author":[{"embeddable":true,"href":"https:\/\/blogs.fu-berlin.de\/toolbox\/wp-json\/wp\/v2\/users\/6900"}],"replies":[{"embeddable":true,"href":"https:\/\/blogs.fu-berlin.de\/toolbox\/wp-json\/wp\/v2\/comments?post=2308"}],"version-history":[{"count":5,"href":"https:\/\/blogs.fu-berlin.de\/toolbox\/wp-json\/wp\/v2\/posts\/2308\/revisions"}],"predecessor-version":[{"id":2483,"href":"https:\/\/blogs.fu-berlin.de\/toolbox\/wp-json\/wp\/v2\/posts\/2308\/revisions\/2483"}],"wp:attachment":[{"href":"https:\/\/blogs.fu-berlin.de\/toolbox\/wp-json\/wp\/v2\/media?parent=2308"}],"wp:term":[{"taxonomy":"category","embeddable":true,"href":"https:\/\/blogs.fu-berlin.de\/toolbox\/wp-json\/wp\/v2\/categories?post=2308"},{"taxonomy":"post_tag","embeddable":true,"href":"https:\/\/blogs.fu-berlin.de\/toolbox\/wp-json\/wp\/v2\/tags?post=2308"}],"curies":[{"name":"wp","href":"https:\/\/api.w.org\/{rel}","templated":true}]}}