{"id":2350,"date":"2023-12-14T13:49:19","date_gmt":"2023-12-14T12:49:19","guid":{"rendered":"https:\/\/blogs.fu-berlin.de\/toolbox\/?p=2350"},"modified":"2025-02-03T12:54:43","modified_gmt":"2025-02-03T11:54:43","slug":"wissenschaftstag-4genderstudies-2023","status":"publish","type":"post","link":"https:\/\/blogs.fu-berlin.de\/toolbox\/2023\/12\/14\/wissenschaftstag-4genderstudies-2023\/","title":{"rendered":"Wissenschaftstag #4GenderStudies 2023"},"content":{"rendered":"<div class=\"wp-block-image\">\n<figure class=\"alignleft\"><img loading=\"lazy\" decoding=\"async\" width=\"300\" height=\"300\" src=\"https:\/\/blogs.fu-berlin.de\/toolbox\/files\/2023\/12\/wissenschaftskommunkation_4genderstudies_2023_jpeg-300x300.jpg\" alt=\"\" class=\"wp-image-2351\" srcset=\"https:\/\/blogs.fu-berlin.de\/toolbox\/files\/2023\/12\/wissenschaftskommunkation_4genderstudies_2023_jpeg-300x300.jpg 300w, https:\/\/blogs.fu-berlin.de\/toolbox\/files\/2023\/12\/wissenschaftskommunkation_4genderstudies_2023_jpeg-150x150.jpg 150w, https:\/\/blogs.fu-berlin.de\/toolbox\/files\/2023\/12\/wissenschaftskommunkation_4genderstudies_2023_jpeg-768x768.jpg 768w, https:\/\/blogs.fu-berlin.de\/toolbox\/files\/2023\/12\/wissenschaftskommunkation_4genderstudies_2023_jpeg.jpg 1000w\" sizes=\"auto, (max-width: 300px) 85vw, 300px\" \/><\/figure><\/div>\n\n\n<p>Rund um den 18. Dezember findet der j\u00e4hrliche <a href=\"https:\/\/www.mvbz.fu-berlin.de\/wissenschaftskommunikation\/wissenschaftstag_4genderstudies\/index.html\"><strong>Wissenschaftstag #4GenderStudies<\/strong><\/a> bereits zum siebten Mal statt. Geschlechterforscher*innen, Einrichtungen f\u00fcr Frauen- und Geschlechterstudien sowie Hochschulen im deutschsprachigen Raum beteiligen sich mit dem Ziel, die Vielfalt der Geschlechterstudien zu pr\u00e4sentieren und die wissenschaftliche Bedeutung dieses Forschungsfeldes deutlich zu machen.<\/p>\n\n\n\n<!--more-->\n\n\n\n<p>In diesem Kontext m\u00f6chten wir auf folgende Aktionen aufmerksam machen:<\/p>\n\n\n\n<p>Am <strong>Dienstag, den 19. Dezember um 16:00 Uhr<\/strong>, veranstaltet das Margherita-von-Brentano-Zentrum einen Kinoabend im H\u00f6rsaal 2 (Rostlaube) mit der Vorf\u00fchrung des <strong>Dokumentarfilms <\/strong><a href=\"https:\/\/mindjazz-pictures.de\/filme\/feminism-wtf\/\"><strong>FEMINISM WTF<\/strong><\/a> von Katharina Mueckstein aus dem Jahr 2023. Der Eintritt ist frei, und der Film wird auf Deutsch mit englischen Untertiteln gezeigt. Weitere Informationen unter: <a href=\"https:\/\/www.mvbz.fu-berlin.de\/termine\/20231218_feminism_wtf.html\">https:\/\/www.mvbz.fu-berlin.de\/termine\/20231218_feminism_wtf.html<\/a><\/p>\n\n\n\n<p>Zus\u00e4tzlich m\u00f6chten wir die Ergebnisse eines <strong>Studierendenprojekts<\/strong> vorstellen, das im Rahmen des Seminars <strong>&#8222;Geschlechterpolitik in der Wissenschaftskommunikation<\/strong>&#8220; im Masterstudiengang Intersektionalit\u00e4t &amp; Politik an der Freien Universit\u00e4t Berlin entstanden ist. Das Ziel dieses Projekts ist es, die Stimmen der Studierenden zu Geh\u00f6r zu bringen und ihre Einsch\u00e4tzungen zum aktuellen Angebot sowie zur Relevanz von Gender Studies und Intersektionalit\u00e4t zu sammeln, auszuwerten und der \u00d6ffentlichkeit zug\u00e4nglich zu machen. Die Projektergebnisse sind hier zu finden: <a href=\"https:\/\/www.mvbz.fu-berlin.de\/wissenschaftskommunikation\/wissenschaftstag_4genderstudies\/projektbericht_4genderstudies\/index.html\">https:\/\/www.mvbz.fu-berlin.de\/wissenschaftskommunikation\/wissenschaftstag_4genderstudies\/projektbericht_4genderstudies\/index.html<\/a><\/p>\n\n\n\n<p>Weitere Veranstaltungen im Rahmen des Wissenschaftstags werden unter #4GenderStudies auf der Homepage der Arbeitsgemeinschaft der Frauen- und Geschlechterforschungseinrichtungen Berliner Hochschulen (afg berlin) geteilt: <a href=\"https:\/\/afg-berliner-hochschulen.de\/4genderstudies\">https:\/\/afg-berliner-hochschulen.de\/4genderstudies<\/a><\/p>\n\n\n\n<p>Wir w\u00fcrden uns freuen, viele von Ihnen bei diesen Veranstaltungen begr\u00fc\u00dfen zu d\u00fcrfen!<\/p>\n","protected":false},"excerpt":{"rendered":"<p>Rund um den 18. Dezember findet der j\u00e4hrliche Wissenschaftstag #4GenderStudies bereits zum siebten Mal statt. Geschlechterforscher*innen, Einrichtungen f\u00fcr Frauen- und Geschlechterstudien sowie Hochschulen im deutschsprachigen Raum beteiligen sich mit dem Ziel, die Vielfalt der Geschlechterstudien zu pr\u00e4sentieren und die wissenschaftliche Bedeutung dieses Forschungsfeldes deutlich zu machen.<\/p>\n","protected":false},"author":7844,"featured_media":0,"comment_status":"open","ping_status":"open","sticky":false,"template":"","format":"standard","meta":{"footnotes":""},"categories":[428608],"tags":[1661,305170,4107,2789,57446,276947],"class_list":["post-2350","post","type-post","status-publish","format-standard","hentry","category-informiert","tag-bildung","tag-diversity","tag-feminismus","tag-gender","tag-geschlechterforschung","tag-kooperationen"],"_links":{"self":[{"href":"https:\/\/blogs.fu-berlin.de\/toolbox\/wp-json\/wp\/v2\/posts\/2350","targetHints":{"allow":["GET"]}}],"collection":[{"href":"https:\/\/blogs.fu-berlin.de\/toolbox\/wp-json\/wp\/v2\/posts"}],"about":[{"href":"https:\/\/blogs.fu-berlin.de\/toolbox\/wp-json\/wp\/v2\/types\/post"}],"author":[{"embeddable":true,"href":"https:\/\/blogs.fu-berlin.de\/toolbox\/wp-json\/wp\/v2\/users\/7844"}],"replies":[{"embeddable":true,"href":"https:\/\/blogs.fu-berlin.de\/toolbox\/wp-json\/wp\/v2\/comments?post=2350"}],"version-history":[{"count":5,"href":"https:\/\/blogs.fu-berlin.de\/toolbox\/wp-json\/wp\/v2\/posts\/2350\/revisions"}],"predecessor-version":[{"id":2601,"href":"https:\/\/blogs.fu-berlin.de\/toolbox\/wp-json\/wp\/v2\/posts\/2350\/revisions\/2601"}],"wp:attachment":[{"href":"https:\/\/blogs.fu-berlin.de\/toolbox\/wp-json\/wp\/v2\/media?parent=2350"}],"wp:term":[{"taxonomy":"category","embeddable":true,"href":"https:\/\/blogs.fu-berlin.de\/toolbox\/wp-json\/wp\/v2\/categories?post=2350"},{"taxonomy":"post_tag","embeddable":true,"href":"https:\/\/blogs.fu-berlin.de\/toolbox\/wp-json\/wp\/v2\/tags?post=2350"}],"curies":[{"name":"wp","href":"https:\/\/api.w.org\/{rel}","templated":true}]}}