{"id":250,"date":"2019-07-30T09:30:05","date_gmt":"2019-07-30T07:30:05","guid":{"rendered":"https:\/\/blogs.fu-berlin.de\/toolbox\/?p=250"},"modified":"2025-02-03T11:42:44","modified_gmt":"2025-02-03T10:42:44","slug":"abschied-in-die-sommerpause-mit-preview-auf-unsere-plaene-fuer-herbst-und-winter","status":"publish","type":"post","link":"https:\/\/blogs.fu-berlin.de\/toolbox\/2019\/07\/30\/abschied-in-die-sommerpause-mit-preview-auf-unsere-plaene-fuer-herbst-und-winter\/","title":{"rendered":"Abschied in die Sommerpause mit Preview auf unsere Pl\u00e4ne f\u00fcr das Wintersemester 19\/20"},"content":{"rendered":"\n<div class=\"wp-block-media-text alignwide is-stacked-on-mobile\"><figure class=\"wp-block-media-text__media\"><img loading=\"lazy\" decoding=\"async\" width=\"1024\" height=\"682\" src=\"https:\/\/blogs.fu-berlin.de\/toolbox\/files\/2019\/07\/Strand_mitBildquelle-1024x682.jpg\" alt=\"Strandk\u00f6rbe am Strand, Meer im Hintergrund\" class=\"wp-image-2584 size-full\" srcset=\"https:\/\/blogs.fu-berlin.de\/toolbox\/files\/2019\/07\/Strand_mitBildquelle-1024x682.jpg 1024w, https:\/\/blogs.fu-berlin.de\/toolbox\/files\/2019\/07\/Strand_mitBildquelle-300x200.jpg 300w, https:\/\/blogs.fu-berlin.de\/toolbox\/files\/2019\/07\/Strand_mitBildquelle-768x512.jpg 768w, https:\/\/blogs.fu-berlin.de\/toolbox\/files\/2019\/07\/Strand_mitBildquelle-1200x800.jpg 1200w, https:\/\/blogs.fu-berlin.de\/toolbox\/files\/2019\/07\/Strand_mitBildquelle.jpg 1280w\" sizes=\"auto, (max-width: 709px) 85vw, (max-width: 909px) 67vw, (max-width: 1362px) 62vw, 840px\" \/><\/figure><div class=\"wp-block-media-text__content\">\n<p>Das Toolbox-Blog geht bis September in die Sommerpause.<\/p>\n\n\n\n<p>Wir nutzen die Zeit, um an neuen Inhalten f\u00fcr die <a href=\"http:\/\/www.genderdiversitylehre.fu-berlin.de\/toolbox\/index.html\">Toolbox<\/a> zu arbeiten: Im Wintersemester 19\/20 ver\u00f6ffentlichen wir Materialien zum Thema &#8222;Gender- und diversit\u00e4tsbewusste Pr\u00fcfungen&#8220;, unter anderem zu folgenden Fragen:<\/p>\n\n\n\n<!--more-->\n<\/div><\/div>\n\n\n<ul>\n<li>Welche Vor- und Nachteile haben unterschiedliche Pr\u00fcfungsformen f\u00fcr unterschiedliche Studierende?<\/li>\n<li>Wie k\u00f6nnen Lehrende einen Nachteilsausgleich f\u00fcr Studierende mit Behinderung oder chronischen Erkrankungen umsetzen?<\/li>\n<li>Welche Herausforderungen gibt es bei der Gestaltung m\u00fcndlicher Gruppenpr\u00fcfungen und wie k\u00f6nnen sie so durchgef\u00fchrt werden, dass es keine Benachteiligung gibt?<\/li>\n<li>Warum sollten wir \u00fcber Macht und Grenzen in der Pr\u00fcfungsvorbereitung und in Pr\u00fcfungen nachdenken?<\/li>\n<\/ul>\n<p>Ab September wird es im Toolbox-Blog Hinweise f\u00fcr die Planung und Vorbereitung von Lehrveranstaltungen geben, Anfang Oktober bieten wir ein Webinar zum Kennenlernen der Toolbox an und Ende November feiern wir den dreij\u00e4hrigen Geburtstag der Toolbox mit vielen Angeboten zur Weiterbildung und zum Austausch.<\/p>\n<p>Wenn Sie \u00fcber Termine und Neuigkeiten informiert werden wollen, melden Sie sich per <a href=\"mailto:kontakt@genderdiversitylehre.fu-berlin.de\">Mail<\/a> f\u00fcr unseren <a href=\"https:\/\/blogs.fu-berlin.de\/toolbox\/2019\/06\/12\/toolbox-newsletter-nr-3-sose-2019\/\">Newsletter<\/a> an oder folgen Sie uns auf <a href=\"https:\/\/twitter.com\/toolbox_fu\">Twitter<\/a>.<\/p>\n<p>Wir w\u00fcnschen Ihnen allen einen guten Sommer!<\/p>","protected":false},"excerpt":{"rendered":"<p>Das Toolbox-Blog geht bis September in die Sommerpause. Wir nutzen die Zeit, um an neuen Inhalten f\u00fcr die Toolbox zu arbeiten: Im Wintersemester 19\/20 ver\u00f6ffentlichen wir Materialien zum Thema &#8222;Gender- und diversit\u00e4tsbewusste Pr\u00fcfungen&#8220;, unter anderem zu folgenden Fragen:<\/p>\n","protected":false},"author":3727,"featured_media":0,"comment_status":"open","ping_status":"open","sticky":false,"template":"","format":"aside","meta":{"footnotes":""},"categories":[428608],"tags":[197043,275033],"class_list":["post-250","post","type-post","status-publish","format-aside","hentry","category-informiert","tag-freie-universitaet-berlin","tag-toolbox-kennenlernen","post_format-post-format-aside"],"_links":{"self":[{"href":"https:\/\/blogs.fu-berlin.de\/toolbox\/wp-json\/wp\/v2\/posts\/250","targetHints":{"allow":["GET"]}}],"collection":[{"href":"https:\/\/blogs.fu-berlin.de\/toolbox\/wp-json\/wp\/v2\/posts"}],"about":[{"href":"https:\/\/blogs.fu-berlin.de\/toolbox\/wp-json\/wp\/v2\/types\/post"}],"author":[{"embeddable":true,"href":"https:\/\/blogs.fu-berlin.de\/toolbox\/wp-json\/wp\/v2\/users\/3727"}],"replies":[{"embeddable":true,"href":"https:\/\/blogs.fu-berlin.de\/toolbox\/wp-json\/wp\/v2\/comments?post=250"}],"version-history":[{"count":6,"href":"https:\/\/blogs.fu-berlin.de\/toolbox\/wp-json\/wp\/v2\/posts\/250\/revisions"}],"predecessor-version":[{"id":2585,"href":"https:\/\/blogs.fu-berlin.de\/toolbox\/wp-json\/wp\/v2\/posts\/250\/revisions\/2585"}],"wp:attachment":[{"href":"https:\/\/blogs.fu-berlin.de\/toolbox\/wp-json\/wp\/v2\/media?parent=250"}],"wp:term":[{"taxonomy":"category","embeddable":true,"href":"https:\/\/blogs.fu-berlin.de\/toolbox\/wp-json\/wp\/v2\/categories?post=250"},{"taxonomy":"post_tag","embeddable":true,"href":"https:\/\/blogs.fu-berlin.de\/toolbox\/wp-json\/wp\/v2\/tags?post=250"}],"curies":[{"name":"wp","href":"https:\/\/api.w.org\/{rel}","templated":true}]}}