{"id":2705,"date":"2025-05-14T09:49:46","date_gmt":"2025-05-14T07:49:46","guid":{"rendered":"https:\/\/blogs.fu-berlin.de\/toolbox\/?p=2705"},"modified":"2025-11-03T14:48:06","modified_gmt":"2025-11-03T13:48:06","slug":"toolbox-newsletter-nr-16-sose-2025","status":"publish","type":"post","link":"https:\/\/blogs.fu-berlin.de\/toolbox\/2025\/05\/14\/toolbox-newsletter-nr-16-sose-2025\/","title":{"rendered":"Toolbox Newsletter Nr.16 \u2013 SoSe 2025"},"content":{"rendered":"\n<div class=\"wp-block-media-text is-stacked-on-mobile\"><figure class=\"wp-block-media-text__media\"><img loading=\"lazy\" decoding=\"async\" width=\"1024\" height=\"683\" src=\"https:\/\/blogs.fu-berlin.de\/toolbox\/files\/2025\/05\/Bild_Newsletter_oleg-laptev-unsplash-1024x683.jpg\" alt=\"\" class=\"wp-image-2710 size-full\" srcset=\"https:\/\/blogs.fu-berlin.de\/toolbox\/files\/2025\/05\/Bild_Newsletter_oleg-laptev-unsplash-1024x683.jpg 1024w, https:\/\/blogs.fu-berlin.de\/toolbox\/files\/2025\/05\/Bild_Newsletter_oleg-laptev-unsplash-300x200.jpg 300w, https:\/\/blogs.fu-berlin.de\/toolbox\/files\/2025\/05\/Bild_Newsletter_oleg-laptev-unsplash-768x512.jpg 768w, https:\/\/blogs.fu-berlin.de\/toolbox\/files\/2025\/05\/Bild_Newsletter_oleg-laptev-unsplash-1536x1024.jpg 1536w, https:\/\/blogs.fu-berlin.de\/toolbox\/files\/2025\/05\/Bild_Newsletter_oleg-laptev-unsplash-2048x1366.jpg 2048w, https:\/\/blogs.fu-berlin.de\/toolbox\/files\/2025\/05\/Bild_Newsletter_oleg-laptev-unsplash-1200x800.jpg 1200w\" sizes=\"auto, (max-width: 709px) 85vw, (max-width: 909px) 67vw, (max-width: 1362px) 62vw, 840px\" \/><\/figure><div class=\"wp-block-media-text__content\">\n<p>Wir hoffen, Sie sind gut in das Sommersemester 2025 gestartet! Hiermit m\u00f6chten wir Sie mit einer neuen Ausgabe unseres Newsletters \u00fcber aktuelle Veranstaltungen, Workshops, Ressourcen und Neuigkeiten rund um das Thema \u201aGender und Diversity in der Lehre\u2018 informieren.<\/p>\n<\/div><\/div>\n\n\n\n<p><\/p>\n\n\n\n<!--more-->\n\n\n\n<h1 class=\"wp-block-heading\">Neuigkeiten aus der Toolbox<\/h1>\n\n\n\n<h3 class=\"wp-block-heading\">Neue Toolbox-Rubrik Querschnittsthemen: Barrierefreie Lehre<\/h3>\n\n\n\n<p>Viele gesundheitliche Beeintr\u00e4chtigungen und die daraus resultierenden Barrieren im Studium sind nicht sofort erkennbar. Barrierearme Lehre erfordert daher Wissen \u00fcber unterschiedliche Beeintr\u00e4chtigungen, didaktische sowie technische Kompetenzen. Die neue <a href=\"https:\/\/www.genderdiversitylehre.fu-berlin.de\/querschnittsthemen\/barrierefreiheit\/index.html\">Toolbox-Rubrik \u201eQuerschnittsthemen: Barrierefreie Lehre\u201c<\/a> b\u00fcndelt hierzu hilfreiche Ressourcen und wissenschaftliche Studien. Der <a href=\"https:\/\/blogs.fu-berlin.de\/barrierearme-lehre\/\">FU-Blog \u201eBarrierearme Lehre\u201c<\/a> bietet eine Selbstlerneinheit sowie konkrete Anleitungen zur digitalen Barrierefreiheit. Ein <a href=\"https:\/\/blogs.fu-berlin.de\/toolbox\/2022\/06\/20\/gendergerechte-sprache-barrierefrei-gestalten\/\">Blogbeitrag der Toolbox<\/a> zeigt, dass sich gendersensible Sprache und Barrierefreiheit nicht ausschlie\u00dfen, sondern gemeinsam gedacht werden sollten. Erg\u00e4nzt wird das Angebot durch <a href=\"https:\/\/www.fu-berlin.de\/sites\/studium-barrierefrei\/beratung\/Videos-zum-barrierefreien-Studium\/index.html\">Videos der Beratungsstelle<\/a>, die Studierende mit Beeintr\u00e4chtigungen \u00fcber Themen wie R\u00fcckmeldung, Nachteilsausgleich und Beratungsangebote informieren.<\/p>\n\n\n\n<h3 class=\"wp-block-heading\">Toolbox-Mitarbeiterin ist Preistr\u00e4gerin von FUturist 2025<\/h3>\n\n\n\n<p>Jedes Jahr f\u00f6rdert die Stabstelle Nachhaltigkeit und Energie mit der <a href=\"https:\/\/www.fu-berlin.de\/sites\/nachhaltigkeit\/stabsstelle\/Innovationsmanagement\/Futurist\/index.html\">Ausschreibung FUturist<\/a> problem- und l\u00f6sungsorientierte Ideen, die sich der nachhaltigen Entwicklung an der Freien Universit\u00e4t verschrieben haben. Mit unter den diesj\u00e4hrigen Preistr\u00e4ger*innen ist Toolbox-Mitarbeiterin Jana Gerlach mit ihrem Lehrprojekt&nbsp; <a href=\"https:\/\/www.fu-berlin.de\/sites\/nachhaltigkeit\/stabsstelle\/Innovationsmanagement\/Futurist\/preistraeger25\/wirksam1\/index.html\">\u201cNachhaltig WIRksam&#8220;: Demokratie st\u00e4rken durch Wissenschaftskommunikation&#8220;<\/a>. Innerhalb eines Seminars des ABV-Bereichs Gender- und Diversity-Kompetenz werden mit Studierenden die Zusammenh\u00e4nge zwischen Demokratiekrise und rechtspopulistischen Narrativen analysiert und kommunikative Gegenstrategien entwickelt. Studierende erstellen in Lernwerkst\u00e4tten eigene Projekte der Wissenschaftskommunikation \u2013 eine Auswahl wird im Anschluss in der Toolbox Gender &amp; Diversity in der Lehre ver\u00f6ffentlicht. Einen \u00dcberblick \u00fcber die f\u00fcr 2025 ausgew\u00e4hlten Projekte gibt ein <a href=\"https:\/\/www.fu-berlin.de\/campusleben\/campus\/2025\/250312-futurist-2025\/index.html\">Bericht auf campus.leben<\/a> sowie die <a href=\"https:\/\/www.fu-berlin.de\/sites\/nachhaltigkeit\/stabsstelle\/Innovationsmanagement\/Futurist\/preistraeger25\/index.html\">FUturist-Webseite<\/a>.<\/p>\n\n\n\n<h3 class=\"wp-block-heading\">Genderperspektiven in der Politikdidaktik<\/h3>\n\n\n\n<p>In einem Interview mit der Toolbox beleuchtet Dr. Luisa Girnus, frisch ernannte Juniorprofessorin f\u00fcr Politikdidaktik an der Freien Universit\u00e4t Berlin, die bislang wenig beachtete Rolle von Genderfragen in der politischen Bildung. Sie fordert eine st\u00e4rkere Ber\u00fccksichtigung intersektionaler Perspektiven, um politische Bildung gerechter und inklusiver zu gestalten. Das vollst\u00e4ndige Interview ist auf dem <a href=\"https:\/\/blogs.fu-berlin.de\/toolbox\/2025\/03\/17\/zur-genderperspektive-in-der-politischen-bildung\/#more-2688\">Toolbox-Blog<\/a> verf\u00fcgbar.<\/p>\n\n\n\n<h3 class=\"wp-block-heading\">Super-Gendermarket jetzt online<\/h3>\n\n\n\n<p>Seit Ende M\u00e4rz gibt es eine neue Online-Ressourcen-Sammlung der Hochschule M\u00fcnchen: <a href=\"https:\/\/www.gilundtoni.hm.edu\/\">den Super-Gendermarket<\/a>. In der Logik eines Supermarktregals finden sich dort verschiedene Produkte von Genderbasics bis zu exemplarischen Lehrmethoden. Wir freuen uns, dass wir bei der Entstehung beratend unterst\u00fctzen durften und sind gespannt auf die neuen Inhalte.<\/p>\n\n\n\n<h1 class=\"wp-block-heading\">Neuigkeiten aus dem Margherita-von-Brentano-Zentrum<\/h1>\n\n\n\n<h3 class=\"wp-block-heading\">#4Gender Studies: Poster Session &amp; Open Mic<\/h3>\n\n\n\n<div class=\"wp-block-media-text alignwide is-stacked-on-mobile\"><figure class=\"wp-block-media-text__media\"><img loading=\"lazy\" decoding=\"async\" width=\"546\" height=\"295\" src=\"https:\/\/blogs.fu-berlin.de\/toolbox\/files\/2025\/05\/grafil_newsletter.png\" alt=\"\" class=\"wp-image-2721 size-full\" srcset=\"https:\/\/blogs.fu-berlin.de\/toolbox\/files\/2025\/05\/grafil_newsletter.png 546w, https:\/\/blogs.fu-berlin.de\/toolbox\/files\/2025\/05\/grafil_newsletter-300x162.png 300w\" sizes=\"auto, (max-width: 546px) 85vw, 546px\" \/><\/figure><div class=\"wp-block-media-text__content\">\n<p>Anl\u00e4sslich des Wissenschaftstags #<em>4Gender Studies<\/em> lud das MvBZ am 18.12.2024 zum dritten Mal zu einem <a href=\"https:\/\/blogs.fu-berlin.de\/toolbox\/2025\/01\/29\/open-mic-4genderstudies-2024-jetzt-online\/#more-2551\">Open Mic<\/a> ein: Elf Wissenschaftler*innen verschiedenster Disziplinen hatten die Gelegenheit ihre aktuellen Projekte anhand eines Posters vorzustellen. <\/p>\n<\/div><\/div>\n\n\n\n<p>Die Veranstaltung beinhaltete eine Abstimmung und eine Preisverleihung f\u00fcr das Poster mit den meisten Stimmen. Gewinnerin wurde <a href=\"https:\/\/www.youtube.com\/watch?v=qa8mKzCaqdE&amp;list=PLqiyv4YjL2YKRoVOK3b1rhPrDRTFnll_l&amp;index=7\">Nikolina Klatt <\/a>von der Berlin Graduate School for Global and Transregional Studies mit ihrem Poster zu <em>Abortion Law and Political Regimes<\/em>.<\/p>\n\n\n\n<p>Alle elf Beitr\u00e4ge des Open Mic wurden aufgezeichnet. Die Kurzvideos zu den verschiedenen Projekten stehen somit langfristig auf dem&nbsp;<a href=\"https:\/\/www.youtube.com\/channel\/UCZLmXhRGuEQuoRxqHwQZ1iw\">YouTube-Kanal des Margherita-von-Brentano-Zentrums<\/a>&nbsp;zur Verf\u00fcgung. Schauen Sie gerne rein!<\/p>\n\n\n\n<h3 class=\"wp-block-heading\">Neujahrsempfang: Zum Stand der Geschlechterforschung<\/h3>\n\n\n\n<p>Das Margherita-von-Brentano-Zentrum lud am 4. Februar 2025 zu einem Neujahrsempfang ins Seminarzentrum der Freien Universit\u00e4t. Das Panel war mit Geschlechterforscherinnen unterschiedlicher Generationen und Disziplinen breit aufgestellt und wurde von <a href=\"https:\/\/www.polsoz.fu-berlin.de\/polwiss\/forschung\/grundlagen\/gender-div\/team\/Mitarbeiter-innen\/guelay_caglar\/index.html\">Prof. Dr. G\u00fclay \u00c7a\u011flar<\/a><strong>,<\/strong> der neuen wissenschaftlichen Leitung des Margherita-von-Brentano Zentrums, moderiert. Die Podiumsdiskussion widmete sich den aktuellen Herausforderungen des Faches, auch mit Blick auf die zunehmende Anfeindung von Rechts. Einen vollst\u00e4ndigen Bericht des Abends finden Sie auf dem <a href=\"https:\/\/blogs.fu-berlin.de\/toolbox\/2025\/02\/28\/wehrhafte-geschlechterforschung\/#more-2648\">Blog der Toolbox<\/a>.<\/p>\n\n\n\n<h3 class=\"wp-block-heading\">Save the Date, Open Mic am 24.06., 12:15 \u2013 13:45<\/h3>\n\n\n\n<p>Das Margherita-von-Brentano-Zentrum nimmt dieses Jahr aktiv an der <strong>13. International Staff Training Week <\/strong>der Freien Universit\u00e4t teil und bietet vom <strong>23. bis 27. Juni 2025 einen Programm-Track zu Gender &amp; Diversity im Hochschulkontext an.<\/strong> Besonders freuen wir uns auf das <a href=\"https:\/\/www.mvbz.fu-berlin.de\/termine\/20250624_open_mic.html\">Open Mic: Internationalization meets Gender Studies<\/a>, bei dem <em>visiting scholars<\/em> ihre Forschungsprojekte vorstellen und mit den Teilnehmenden des Programm-Tracks ins Gespr\u00e4ch kommen. Das Open-Mic findet wie in den letzten Jahren im Foyer der H\u00f6rs\u00e4le 1 A\/B der Rost- und Silberlaube statt. Wir freuen uns auf viele interessierte Zuh\u00f6rende!<\/p>\n\n\n\n<h3 class=\"wp-block-heading\">Agenda f\u00fcr das SoSe 2025 online<\/h3>\n\n\n\n<p>Die Agenda f\u00fcr das SoSe 2025 ist online! In der Agenda stellt das MvBZ jedes Semester alle Lehr\u00adveranstaltungen an der Freien Universit\u00e4t zusammen, in denen Forschungsergebnisse der Gender- Diversity- und Queer Studies thematisiert werden. Damit gibt die Agenda eine f\u00e4cher\u00fcbergreifende Orientierung f\u00fcr alle Studierenden, die sich f\u00fcr das interdisziplin\u00e4re Themenfeld Geschlechterforschung (gender\/diversity\/queer) interessieren. Die gesamte \u00dcbersicht ist im <a href=\"https:\/\/www.fu-berlin.de\/vv\/de\/modul?id=61336&amp;sm=870180\">elektronischen Vorlesungsverzeichnis<\/a> und auf der <a href=\"https:\/\/www.mvbz.fu-berlin.de\/lehre\/agenda-gender-diversity-queer\/index.html\">Homepage des MvBZ<\/a> zu finden.<\/p>\n\n\n\n<h3 class=\"wp-block-heading\">Neues vom Open Gender Journal<\/h3>\n\n\n\n<p>Die <strong>aktuelle Ausgabe des Open Gender Journals<\/strong> (Bd. 9 2025) wird laufend aktualisiert. Zu den neuesten Ver\u00f6ffentlichungen geh\u00f6rt der Artikel von Boka En: \u201e<a href=\"https:\/\/opengenderjournal.de\/article\/view\/328\" data-type=\"URL\" data-id=\"https:\/\/opengenderjournal.de\/article\/view\/328\">Es hilft, wenn ich nicht als die inter* Person dastehe, sondern als der normale Typ\u201c. LSBTIQ*-Bewegungen, Glaubw\u00fcrdigkeit und \u201eMis-Fitting\u201c in Wissensr\u00e4umen in \u00d6sterreich\u201c<\/a>. In der Rubrik &#8220; Geschlechtsspezifische und sexuelle Bel\u00e4stigung, Diskriminierung und Gewalt im Hochschulkontext&#8220; wird in Zusammenarbeit mit der mexikanischen Open-Access-Zeitschrift <a href=\"https:\/\/opengenderjournal.de\/catalog\/category\/dfxogj\" data-type=\"URL\" data-id=\"https:\/\/opengenderjournal.de\/catalog\/category\/dfxogj\">Debate Feminista<\/a> internationale Forschung ver\u00f6ffentlicht. In einem neu erschienenen Artikel bespricht Anne Bull <a href=\"https:\/\/opengenderjournal.de\/article\/view\/301\" data-type=\"URL\" data-id=\"https:\/\/opengenderjournal.de\/article\/view\/301\">\u201eDie Rolle von \u201eWendepunkt-F\u00e4llen\u201c bei der Umsetzung von Ma\u00dfnahmen gegen geschlechtsspezifische Gewalt und Bel\u00e4stigung in englischen Hochschulen\u201c<\/a>. Weiterhin freut sich die Redaktion \u00fcber das Einreichen neuer Forschungsartikel und Rezensionen (<a href=\"https:\/\/opengenderjournal.de\/CFP\">Open call<\/a>).<\/p>\n\n\n\n<h1 class=\"wp-block-heading\">Neuigkeiten aus der Stabstelle Diversity &amp; Antidiskriminierung<\/h1>\n\n\n\n<h3 class=\"wp-block-heading\">Empowermentcoaching f\u00fcr queere neurodivergente Studierende\/ Mitarbeitende<\/h3>\n\n\n\n<p>Ab sofort k\u00f6nnen Studierende und Mitarbeitende ein individuelles <a href=\"https:\/\/www.fu-berlin.de\/sites\/diversity\/news\/empowermentcoaching-angebote.html\">Empowermentcoaching<\/a> in Anspruch nehmen. Das Angebot richtet sich an queere und neurodivergente Studierende und Mitarbeitende zu Themen rund um Studium, Arbeitsleben und angrenzende Lebensbereiche. Das Coaching findet online statt und ist vertraulich und ergebnisoffen. Auf Wunsch ist das Coaching auch anonym m\u00f6glich. Queere Studierende und Mitarbeitende k\u00f6nnen sich zur Vereinbarung eines Termins oder bei Fragen vorab an <a href=\"https:\/\/ne-fink.de\/\">N\u00e9 Fink<\/a> wenden: <a href=\"mailto:info@ne-fink.de\">info@ne-fink.de<\/a>. Neurodivergente Studierende und Mitarbeitende k\u00f6nnen sich zur Vereinbarung eines Termins oder bei Fragen vorab an <a href=\"https:\/\/www.reflecta.network\/changemaker\/alexandra-wolf\">Alex Wolf<\/a> wenden: <a href=\"mailto:alex@realutopia.de\">alex@realutopia.de<\/a><\/p>\n\n\n\n<h3 class=\"wp-block-heading\">Theatergruppe \u201eTheater zwischen den Zeilen\u201c<\/h3>\n\n\n\n<p>Ab Mai startet die studentischen Theatergruppe <a href=\"https:\/\/www.fu-berlin.de\/sites\/diversity\/schaufenster\/foerderung\/2025\/6_theatergruppe-gegen-rassismus\/index.html\">\u201eTheater zwischen den Zeilen\u201c.<\/a> Das Projekt setzt sich mit Rassismus und Diskriminierung auseinander. Studierende und Universit\u00e4tsmitglieder aller Fachrichtungen sind eingeladen mitzumachen.<\/p>\n\n\n\n<h3 class=\"wp-block-heading\">Angebot des Weiterbildungszentrums<\/h3>\n\n\n\n<p>Auch dieses Semester werden Weiterbildungen zur <a href=\"https:\/\/veranstaltung.weiterbildung.fu-berlin.de\/Veranstaltung\/cmx669903bbc411c.html\">Diversity-Kompetenz<\/a> sowie <a href=\"https:\/\/veranstaltung.weiterbildung.fu-berlin.de\/Veranstaltung\/cmx669903be24ded.html\">gendergerechtem Formulieren im Englischen<\/a> angeboten. Das komplette Weiterbildungsprogramm finden Sie <a href=\"https:\/\/www.fu-berlin.de\/sites\/weiterbildung\/weiterbildungsprogramm\/pdf\/wbz-prog.pdf\">hier<\/a>.<\/p>\n\n\n\n<h1 class=\"wp-block-heading\">Termine im \u00dcberblick<\/h1>\n\n\n\n<h2 class=\"wp-block-heading\">Termine des Margherita-von-Bretano-Zentrums<\/h2>\n\n\n\n<p><strong>Donnerstag, 22.05.25, 18:00 \u2013 20:00 Uhr<\/strong>, <a href=\"https:\/\/www.mvbz.fu-berlin.de\/termine\/250522_koloniale_erbschaften.html\">Koloniale Erbschaften? Geschlecht, Eigentum und die Reproduktion rassistischer Ordnungen im deutschen Kontext<\/a>, Vortrag von Hannah V\u00f6gele (University of Brighton, FU-BEST)<\/p>\n\n\n\n<p><strong>Donnerstag, 05.06.25, 18:00 \u2013 20:00 Uhr<\/strong>, <a href=\"https:\/\/www.mvbz.fu-berlin.de\/termine\/250605_standpunkte.html\">Standpunkte. Feministische Philosoph:innen im Gespr\u00e4ch | Andrea Maihofer und Liza Mattutat im Gespr\u00e4ch \u00fcber \u00bbFamilie\u00ab<\/a>.<\/p>\n\n\n\n<p><strong>Montag, 16.06.2025, 18:00 \u2013<\/strong> <strong>20:00<\/strong>, <a href=\"https:\/\/www.mvbz.fu-berlin.de\/termine\/250616_mvbz_lectures.html\">MvBZ Lecture in Feminist Theory | Vegetal Reproduction as Reproduction in General: Buffon and the Vegetalisation of Sex<\/a>, Lecture by Stella Sandford (Kingston University London)<\/p>\n\n\n\n<p><strong>Donnerstag, 19.06.2025, 12:30 \u2013 13:30, <\/strong><a href=\"https:\/\/www.mvbz.fu-berlin.de\/termine\/250619_glt.html\">Gender Lunch Talks | Fighting for the River: Gender, Body, and Agency in Environmental Struggles.<\/a> Mit \u00d6zge Yaka (Institut f\u00fcr Geographische Wissenschaften). Hybrid-Veranstaltung.<\/p>\n\n\n\n<p><strong>Dienstag, 24.06.2025, 12:15 \u2013 13:45:<\/strong> <a href=\"https:\/\/www.mvbz.fu-berlin.de\/termine\/20250624_open_mic.html\">Open Mic: Internationalization meets Gender Studies<\/a><\/p>\n\n\n\n<p><strong>Donnerstag, 26.06.2025, 12:30 \u201313:30, <\/strong><a href=\"https:\/\/www.mvbz.fu-berlin.de\/termine\/250626_glt.html\">Gender Lunch Talks | The revolution cannot be unfelt &#8211; Affect, emotion and political protest in Egypt.<\/a> Mit Cilja Harders (Otto-Suhr-Institut f\u00fcr Politikwissenschaft). Hybrid-Veranstaltung.<\/p>\n\n\n\n<p><strong>Donnerstag, 03.07.2025, 12:30 \u2013 13:30, <\/strong><a href=\"https:\/\/www.mvbz.fu-berlin.de\/termine\/250703_glt.html\">Gender Lunch Talks | Menstruelle Gesundheit &amp; Arbeit: Wechseljahre im Fokus.<\/a> Mit Jennifer Chan de Avila. Hybrid-Veranstaltung.<\/p>\n\n\n\n<h2 class=\"wp-block-heading\">Termine der Stabstelle Diversity und Antidiskriminierung<\/h2>\n\n\n\n<p><strong>Donnerstag, 15.05.25:<\/strong>&nbsp;<a href=\"https:\/\/www.fu-berlin.de\/sites\/diversity\/termine\/2025\/Veranstaltungen-DIV\/250515-Workshop-Gegenrede-Lehr-Besch.html\">Workshop<\/a>&nbsp;gegen rechte und diskriminierende Parolen (f\u00fcr Mitarbeitende der FU)<\/p>\n\n\n\n<p><strong>Dienstag, 20.05.25<\/strong>: <a href=\"https:\/\/www.fu-berlin.de\/sites\/diversity\/termine\/2025\/Veranstaltungen-DIV\/250520-Workshop-Anti-Asiat-Rassis-Stud.html\">Empowerment-Workshop<\/a> f\u00fcr von Anti-Asiatischem Rassismus betroffene Studierende<\/p>\n\n\n\n<p><strong>26.\/ 27.05.25:<\/strong> <a href=\"https:\/\/www.fu-berlin.de\/sites\/diversity\/termine\/2025\/Veranstaltungen-DIV\/250526-Workshop-Neuro-ADHS-Stud.html\">Empowerment-Workshop<\/a> f\u00fcr neurodivergente Studierende \u201eADHS im Blick: Gemeinsam neuroinklusive Strukturen schaffen<\/p>\n\n\n\n<p><strong>11 &#8211; 13.06.25:<\/strong> <a href=\"https:\/\/www.fu-berlin.de\/sites\/diversity\/termine\/2025\/Veranstaltungen-DIV\/250611-Workshop-Neuro-ASS-Stud.html\">Empowerment-Workshop<\/a> f\u00fcr neurodivergente Studierende im Autismus Spektrum<\/p>\n\n\n\n<p><strong>Freitag, 20.06.25:<\/strong>&nbsp;<a href=\"https:\/\/www.fu-berlin.de\/sites\/diversity\/termine\/2025\/Veranstaltungen-DIV\/nahost\/250620-Workshop-Antisem-Rass-Lehr-Besch.html\">Workshop<\/a> \u201eAntisemitismus und Rassismus vor dem Hintergrund des Nahostkonflikts\u201c (f\u00fcr Mitarbeitende der FU)<\/p>\n\n\n\n<p><strong>Dienstag, 24.06.25:<\/strong> <a href=\"https:\/\/www.fu-berlin.de\/sites\/diversity\/termine\/2025\/Veranstaltungen-DIV\/250611-Workshop-Rassis-Emotionen-Stud.html\">Empowerment-Workshop<\/a> f\u00fcr von Rassismus betroffene Studierende \u201eEmpowerment &amp; Racialized Emotions\u201c<\/p>\n\n\n\n<p><strong>Freitag, 4.07.25:<\/strong> <a href=\"https:\/\/www.fu-berlin.de\/sites\/diversity\/termine\/2025\/Veranstaltungen-DIV\/250704-Workshop-Anti-Musl-Rassis-Stud.html\">Empowerment-Workshop<\/a> f\u00fcr von antimuslimischem Rassismus betroffene Studierende<\/p>\n\n\n\n<h2 class=\"wp-block-heading\">Termine des Teams geschlechter*gerecht<\/h2>\n\n\n\n<p><strong>Montag, 26.05.25, 14:00 \u2013 18:30:<\/strong> <a href=\"https:\/\/www.fu-berlin.de\/sites\/frauenbeauftragte\/termine\/2025\/20250526_empowermentworkshop-studis.html\">Workshop f\u00fcr Studierende: Empowerment durch feministische Selbstbehauptung und Selbstverteidigung.<\/a><\/p>\n\n\n\n<p><strong>Dienstag, 27.05.2025, 09:00 \u2013 13:00: <\/strong><a href=\"https:\/\/www.fu-berlin.de\/sites\/nein-heisst-nein\/Termine-SBDG\/20250527_empowermentworkshop-beschaeftigte.html\">Fortbildung f\u00fcr Besch\u00e4ftigte: Empowerment durch feministische Selbstbehauptung und Selbstverteidigung<\/a>.<\/p>\n\n\n\n<p>Wir freuen uns \u00fcber Ihr Interesse am Toolbox-Newsletter und senden herzliche Gr\u00fc\u00dfe,<\/p>\n\n\n\n<p>das Team der Toolbox Gender &amp; Diversity in der Lehre<\/p>\n\n\n\n<p>Jana Gerlach und Marija Bule<\/p>\n","protected":false},"excerpt":{"rendered":"<p>Wir hoffen, Sie sind gut in das Sommersemester 2025 gestartet! Hiermit m\u00f6chten wir Sie mit einer neuen Ausgabe unseres Newsletters \u00fcber aktuelle Veranstaltungen, Workshops, Ressourcen und Neuigkeiten rund um das Thema \u201aGender und Diversity in der Lehre\u2018 informieren.<\/p>\n","protected":false},"author":7844,"featured_media":0,"comment_status":"open","ping_status":"open","sticky":false,"template":"","format":"standard","meta":{"footnotes":""},"categories":[428608,62182],"tags":[197043,2789,57446,277],"class_list":["post-2705","post","type-post","status-publish","format-standard","hentry","category-informiert","category-newsletter","tag-freie-universitaet-berlin","tag-gender","tag-geschlechterforschung","tag-hochschule"],"_links":{"self":[{"href":"https:\/\/blogs.fu-berlin.de\/toolbox\/wp-json\/wp\/v2\/posts\/2705","targetHints":{"allow":["GET"]}}],"collection":[{"href":"https:\/\/blogs.fu-berlin.de\/toolbox\/wp-json\/wp\/v2\/posts"}],"about":[{"href":"https:\/\/blogs.fu-berlin.de\/toolbox\/wp-json\/wp\/v2\/types\/post"}],"author":[{"embeddable":true,"href":"https:\/\/blogs.fu-berlin.de\/toolbox\/wp-json\/wp\/v2\/users\/7844"}],"replies":[{"embeddable":true,"href":"https:\/\/blogs.fu-berlin.de\/toolbox\/wp-json\/wp\/v2\/comments?post=2705"}],"version-history":[{"count":11,"href":"https:\/\/blogs.fu-berlin.de\/toolbox\/wp-json\/wp\/v2\/posts\/2705\/revisions"}],"predecessor-version":[{"id":2784,"href":"https:\/\/blogs.fu-berlin.de\/toolbox\/wp-json\/wp\/v2\/posts\/2705\/revisions\/2784"}],"wp:attachment":[{"href":"https:\/\/blogs.fu-berlin.de\/toolbox\/wp-json\/wp\/v2\/media?parent=2705"}],"wp:term":[{"taxonomy":"category","embeddable":true,"href":"https:\/\/blogs.fu-berlin.de\/toolbox\/wp-json\/wp\/v2\/categories?post=2705"},{"taxonomy":"post_tag","embeddable":true,"href":"https:\/\/blogs.fu-berlin.de\/toolbox\/wp-json\/wp\/v2\/tags?post=2705"}],"curies":[{"name":"wp","href":"https:\/\/api.w.org\/{rel}","templated":true}]}}