{"id":2726,"date":"2025-05-19T14:59:26","date_gmt":"2025-05-19T12:59:26","guid":{"rendered":"https:\/\/blogs.fu-berlin.de\/toolbox\/?p=2726"},"modified":"2025-11-03T14:47:05","modified_gmt":"2025-11-03T13:47:05","slug":"futurist-midterm-event","status":"publish","type":"post","link":"https:\/\/blogs.fu-berlin.de\/toolbox\/2025\/05\/19\/futurist-midterm-event\/","title":{"rendered":"FUturist Midterm Event"},"content":{"rendered":"\n<div class=\"wp-block-media-text is-stacked-on-mobile\"><figure class=\"wp-block-media-text__media\"><img loading=\"lazy\" decoding=\"async\" width=\"500\" height=\"425\" src=\"https:\/\/blogs.fu-berlin.de\/toolbox\/files\/2025\/05\/futurist2025-1.jpg\" alt=\"\" class=\"wp-image-2728 size-full\" srcset=\"https:\/\/blogs.fu-berlin.de\/toolbox\/files\/2025\/05\/futurist2025-1.jpg 500w, https:\/\/blogs.fu-berlin.de\/toolbox\/files\/2025\/05\/futurist2025-1-300x255.jpg 300w\" sizes=\"auto, (max-width: 500px) 85vw, 500px\" \/><\/figure><div class=\"wp-block-media-text__content\">\n<p>Seit Februar engagieren sich f\u00fcnf zukunftsweisende Projekte daf\u00fcr, die Freie Universit\u00e4t nachhaltig weiterzuentwickeln. Beim Midterm Event am 19.6. geben sie Einblicke in ihre bisherigen Fortschritte.<\/p>\n<\/div><\/div>\n\n\n\n<p><\/p>\n\n\n\n<!--more-->\n\n\n\n<p>In der vierten Runde von <strong>FUturist<\/strong> wurden im Dezember f\u00fcnf Projekte ausgew\u00e4hlt, die auf innovative Weise soziale und \u00f6kologische Nachhaltigkeit auf dem Campus st\u00e4rken. Sie leisten damit einen direkten Beitrag zur <a href=\"https:\/\/www.fu-berlin.de\/sites\/nachhaltigkeit\/commitment\/klimanotstand\/index.html\" data-type=\"URL\" data-id=\"https:\/\/www.fu-berlin.de\/sites\/nachhaltigkeit\/commitment\/klimanotstand\/index.html\">Klimanotstandserkl\u00e4rung von 2019<\/a> und dem <a href=\"https:\/\/www.fu-berlin.de\/sites\/nachhaltigkeit\/commitment\/leitbild\/Nachhaltigkeitsleitbild_FUB_finale_Fassung-mit-Unterschriften.pdf\" data-type=\"URL\" data-id=\"https:\/\/www.fu-berlin.de\/sites\/nachhaltigkeit\/commitment\/leitbild\/Nachhaltigkeitsleitbild_FUB_finale_Fassung-mit-Unterschriften.pdf\">Nachhaltigkeitsleitbild von 2016<\/a>. Seit Februar arbeiten die Teams intensiv \u2013 und wir freuen uns, sie beim <strong><a href=\"https:\/\/www.fu-berlin.de\/sites\/nachhaltigkeit\/stabsstelle\/Innovationsmanagement\/Futurist\/awarding2025\/index.html\" data-type=\"URL\" data-id=\"https:\/\/www.fu-berlin.de\/sites\/nachhaltigkeit\/stabsstelle\/Innovationsmanagement\/Futurist\/awarding2025\/index.html\">Midterm Event am 19. Juni 2025<\/a><\/strong> willkommen zu hei\u00dfen!<\/p>\n\n\n\n<p>Die Projekte sind vielf\u00e4ltig und zukunftsweisend:<br>Mit <strong>FUFLINTA\u03a6<\/strong> wird der geringen Sichtbarkeit von Frauen und FLINTA-Personen in der Physik begegnet. Um Sch\u00fclerinnen zu motivieren und eine starke <em>Science Identity<\/em> zu f\u00f6rdern, startete am 23.04. das Seminar \u201eScience Identity im Physik- und Naturwissenschaftsunterricht f\u00f6rdern\u201c. Hier entstehen Plakate und Lehrmaterialien zu Wissenschaftlerinnen, eine Open Educational Resource wird aufgebaut und vielf\u00e4ltige Perspektiven werden eingebunden. Studierende lernen, aktiv Geschlechtergerechtigkeit zu f\u00f6rdern \u2013 f\u00fcr eine inklusivere und nachhaltigere Wissenschaftskultur.<\/p>\n\n\n\n<p>Drei Projekte widmen sich dem Thema Nachhaltigkeit und einem ressourcenschonenden Wandel an der Freien Universit\u00e4t: Der <strong>Fahrrad-Fundus<\/strong> erm\u00f6glicht Reparatur und Wiederverwendung und f\u00f6rdert einen bewussten Umgang mit Mobilit\u00e4t. Das Projekt <strong>\u201eRegentonnen Held:innen\u201c<\/strong> entwickelt Kooperationsstrategien zur Wassereinsparung und zum Schutz der B\u00e4ume auf dem Campus. Mit <strong>\u201eRasenm\u00e4\u00e4\u00e4her\u201c<\/strong> wird nachhaltige Gr\u00fcnfl\u00e4chenpflege neu gedacht \u2013 durch Schafe, die Biodiversit\u00e4t f\u00f6rdern und Mensch wie Tier bereichern.<\/p>\n\n\n\n<p>Das Lehrprojekt <strong>\u201enachhaltig WIRksam. Demokratie st\u00e4rken durch Wissenschaftskommunikation\u201c<\/strong> stellt sich populistischen und menschenfeindlichen Narrativen entgegen. Initiiert vom Margherita-von-Brentano-Zentrum st\u00e4rkt es Studierende darin, die aktuelle Demokratiekrise zu verstehen und als Gestalterinnen des Wandels den \u00f6ffentlichen Diskurs mitzupr\u00e4gen. Im ABV-Seminar \u201eVielfalt und Demokratie st\u00e4rken durch Wissenschaftskommunikation\u201c k\u00f6nnen Studierende unterschiedlicher Fachrichtungen im Sommersemester 2025 Wissenstransfer und kommunikative Kompetenzen als <em>Future Skills <\/em>erproben. Sie analysieren den Zusammenhang von Demokratiekrise und gruppenbezogener Menschenfeindlichkeit und entwickeln kommunikative Gegenstrategien. In Zusammenarbeit mit Praxisexpertinnen entstehen eigene kleine Formate der Wissenschaftskommunikation \u2013 etwa Comics, Infografiken, Podcasts oder Videos. Die Ergebnisse flie\u00dfen in die <strong>Toolbox Gender und Diversity in der Lehre<\/strong> ein und stehen Ihnen langfristig frei zur Verf\u00fcgung!<\/p>\n\n\n\n<p><strong>Wir freuen uns \u00fcber zahlreiches Erscheinen!<\/strong><\/p>\n\n\n\n<p>\ud83d\udcc5 <strong>Wann?<\/strong> Donnerstag, 19. Juni, 14\u201318 Uhr<br>\ud83d\udccd <strong>Wo?<\/strong> Raum 2.2059 &amp; 2.2058, Fabeckstra\u00dfe 23\/25 (&#8222;Holzlaube&#8220;) <br>\ud83d\udcac <strong>Was?<\/strong> Impulse, Workshops &amp; Get-Together bei Musik und Snacks<br>\ud83c\udf9f\ufe0f Die Teilnahme ist kostenlos \u2013 f\u00fcr die Planung bitten wir um Anmeldung.<br>\ud83d\udce9 <strong>Kontakt:<\/strong> sabine.heckmann@fu-berlin.de<\/p>\n\n\n\n<p><\/p>\n","protected":false},"excerpt":{"rendered":"<p>Seit Februar engagieren sich f\u00fcnf zukunftsweisende Projekte daf\u00fcr, die Freie Universit\u00e4t nachhaltig weiterzuentwickeln. Beim Midterm Event am 19.6. geben sie Einblicke in ihre bisherigen Fortschritte.<\/p>\n","protected":false},"author":7844,"featured_media":0,"comment_status":"open","ping_status":"open","sticky":false,"template":"","format":"standard","meta":{"footnotes":""},"categories":[428608,603],"tags":[305170,197043,2789,1450,277,303556],"class_list":["post-2726","post","type-post","status-publish","format-standard","hentry","category-informiert","category-vorgestellt","tag-diversity","tag-freie-universitaet-berlin","tag-gender","tag-hochschuldidaktik","tag-hochschule","tag-intersektionalitaet"],"_links":{"self":[{"href":"https:\/\/blogs.fu-berlin.de\/toolbox\/wp-json\/wp\/v2\/posts\/2726","targetHints":{"allow":["GET"]}}],"collection":[{"href":"https:\/\/blogs.fu-berlin.de\/toolbox\/wp-json\/wp\/v2\/posts"}],"about":[{"href":"https:\/\/blogs.fu-berlin.de\/toolbox\/wp-json\/wp\/v2\/types\/post"}],"author":[{"embeddable":true,"href":"https:\/\/blogs.fu-berlin.de\/toolbox\/wp-json\/wp\/v2\/users\/7844"}],"replies":[{"embeddable":true,"href":"https:\/\/blogs.fu-berlin.de\/toolbox\/wp-json\/wp\/v2\/comments?post=2726"}],"version-history":[{"count":6,"href":"https:\/\/blogs.fu-berlin.de\/toolbox\/wp-json\/wp\/v2\/posts\/2726\/revisions"}],"predecessor-version":[{"id":2783,"href":"https:\/\/blogs.fu-berlin.de\/toolbox\/wp-json\/wp\/v2\/posts\/2726\/revisions\/2783"}],"wp:attachment":[{"href":"https:\/\/blogs.fu-berlin.de\/toolbox\/wp-json\/wp\/v2\/media?parent=2726"}],"wp:term":[{"taxonomy":"category","embeddable":true,"href":"https:\/\/blogs.fu-berlin.de\/toolbox\/wp-json\/wp\/v2\/categories?post=2726"},{"taxonomy":"post_tag","embeddable":true,"href":"https:\/\/blogs.fu-berlin.de\/toolbox\/wp-json\/wp\/v2\/tags?post=2726"}],"curies":[{"name":"wp","href":"https:\/\/api.w.org\/{rel}","templated":true}]}}