{"id":681,"date":"2020-06-29T11:02:06","date_gmt":"2020-06-29T09:02:06","guid":{"rendered":"https:\/\/blogs.fu-berlin.de\/toolbox\/?p=681"},"modified":"2025-02-03T14:14:58","modified_gmt":"2025-02-03T13:14:58","slug":"newsletter-6","status":"publish","type":"post","link":"https:\/\/blogs.fu-berlin.de\/toolbox\/2020\/06\/29\/newsletter-6\/","title":{"rendered":"Toolbox-Newsletter Nr. 6 &#8211; SoSe 2020"},"content":{"rendered":"\n<div class=\"wp-block-media-text alignwide is-stacked-on-mobile\"><figure class=\"wp-block-media-text__media\"><img loading=\"lazy\" decoding=\"async\" width=\"1024\" height=\"768\" src=\"https:\/\/blogs.fu-berlin.de\/toolbox\/files\/2024\/08\/newsletter.oleg_.laptev.unsplash-1024x768.png\" alt=\"\" class=\"wp-image-2464 size-full\" srcset=\"https:\/\/blogs.fu-berlin.de\/toolbox\/files\/2024\/08\/newsletter.oleg_.laptev.unsplash-1024x768.png 1024w, https:\/\/blogs.fu-berlin.de\/toolbox\/files\/2024\/08\/newsletter.oleg_.laptev.unsplash-300x225.png 300w, https:\/\/blogs.fu-berlin.de\/toolbox\/files\/2024\/08\/newsletter.oleg_.laptev.unsplash-768x576.png 768w, https:\/\/blogs.fu-berlin.de\/toolbox\/files\/2024\/08\/newsletter.oleg_.laptev.unsplash-1536x1152.png 1536w, https:\/\/blogs.fu-berlin.de\/toolbox\/files\/2024\/08\/newsletter.oleg_.laptev.unsplash-1200x900.png 1200w, https:\/\/blogs.fu-berlin.de\/toolbox\/files\/2024\/08\/newsletter.oleg_.laptev.unsplash.png 2000w\" sizes=\"auto, (max-width: 709px) 85vw, (max-width: 909px) 67vw, (max-width: 1362px) 62vw, 840px\" \/><\/figure><div class=\"wp-block-media-text__content\">\n<p>Der Toolbox Newsletter erscheint einmal pro Semester und informiert \u00fcber die Neuerungen in und Aktivit\u00e4ten rund um die Toolbox Gender und Diversity in der Lehre.<\/p>\n\n\n\n<!--more-->\n<\/div><\/div>\n\n\n\n<p>Liebe Kolleg*innen und Toolbox-Interessierte,&nbsp;<\/p>\n\n\n\n<p>auch in diesem au\u00dfergew\u00f6hnlichen Semester m\u00f6chten wir Sie \u00fcber Neuigkeiten aus der \u201aToolbox Gender und Diversity in der Lehre\u2018 informieren. Weil es dieses Semester nur eine Ausgabe des Newsletters gibt, f\u00e4llt diese etwas l\u00e4nger aus als sonst.<\/p>\n\n\n\n<p><strong>Corona, Gender und Diversit\u00e4t<\/strong><\/p>\n\n\n\n<p>Die Corona-Pandemie hat unser aller Leben ver\u00e4ndert. Wir sprechen pl\u00f6tzlich \u00fcber Systemrelevanz, den R-Wert und Risikogruppen. Und doch hat sich gezeigt, dass auch in der Pandemie und beim Umgang damit nicht alle gleich betroffen sind. Eine Zusammenstellung von journalistischen und wissenschaftlichen Beitr\u00e4gen zu&nbsp;<a href=\"https:\/\/uni-tuebingen.de\/einrichtungen\/zentrale-einrichtungen\/zentrum-fuer-gender-und-diversitaetsforschung-zgd\/aktuelles\/corona-gender-und-diversitaet\/\" target=\"_blank\" rel=\"noreferrer noopener\">Corona, Gender und Diversit\u00e4t<\/a>&nbsp;finden Sie zum Beispiel beim Zentrum f\u00fcr Gender- und Diversit\u00e4tsforschung der Universit\u00e4t T\u00fcbingen.&nbsp;<a href=\"https:\/\/bukof.de\/service\/corona-gleichstellung-und-hochschule-in-der-pandemie\/\" target=\"_blank\" rel=\"noreferrer noopener\">Good-Practice-Beispiele zu Corona und Gleichstellung an Hochschulen<\/a>&nbsp;hat die Bundeskonferenz der Frauen- und Gleichstellungsbeauftragten (bukof) ver\u00f6ffentlicht. Das Margherita-von-Brentano-Zentrum tr\u00e4gt mit der digitalen Veranstaltungsreihe \u201e<a href=\"https:\/\/www.mvbz.fu-berlin.de\/termine\/20200623_0714_transnational_feminist_dialogues_in_times_of_corona_crisis1.html\" target=\"_blank\" rel=\"noreferrer noopener\">Transnational Feminist Dialogues in Times of Corona Crisis<\/a>\u201c zur Debatte bei. Der erste Roundtable findet am 23.06.20 statt.&nbsp;&nbsp;<\/p>\n\n\n\n<p><strong>Institutioneller Rassismus<\/strong><\/p>\n\n\n\n<p>Die T\u00f6tung George Floyds durch wei\u00dfe Polizisten hat zu einer Welle antirassistischer Proteste gef\u00fchrt. Die Ausma\u00dfe von Rassismus in staatlichen Institutionen und der gesamten Gesellschaft werden auch in Deutschland thematisiert bzw. es wird endlich auch von der Mehrheitsgesellschaft aufmerksamer zugeh\u00f6rt und reagiert. Auf Twitter haben viele Nutzer*innen unter dem Hashtag&nbsp;<a href=\"https:\/\/twitter.com\/search?q=%23BlackInTheIvoryTower&amp;src=typed_query\" target=\"_blank\" rel=\"noreferrer noopener\">#BlackInTheIvoryTower<\/a>&nbsp;ihre Rassismuserfahrungen&nbsp;&nbsp;im Wissenschaftssystem geteilt.&nbsp;Das John-F.-Kennedy-Institut der Freien Universit\u00e4t hat ein&nbsp;<a href=\"https:\/\/www.jfki.fu-berlin.de\/information\/solidarity_diversity\/index.html\" target=\"_blank\" rel=\"noreferrer noopener\">Statement of Solidarity<\/a> verabschiedet: \u201cToday, we (\u2026) declare solidarity with all those protesting for justice, for equal application of the law, and for an end to anti-Black violence and oppression.\u201dWenn Sie sich \u00fcber die Geschichte und Kultur Schwarzer Menschen, strukturellen Rassismus und antirassistische K\u00e4mpfe informieren wollen, finden Sie Anregungen im&nbsp;<a href=\"https:\/\/blogs.fu-berlin.de\/toolbox\" target=\"_blank\" rel=\"noreferrer noopener\">Toolbox-Blog<\/a>. Aus Anlass des Black History Month im Februar haben wir&nbsp;<a href=\"https:\/\/blogs.fu-berlin.de\/toolbox\/2020\/02\/05\/black-history-month-buecher\/\" target=\"_blank\" rel=\"noreferrer noopener\">B\u00fccher<\/a>&nbsp;und&nbsp;<a href=\"https:\/\/blogs.fu-berlin.de\/toolbox\/tag\/black-history-month\/\" target=\"_blank\" rel=\"noreferrer noopener\">Podcasts<\/a>&nbsp;zusammengestellt.&nbsp;F\u00fcr das Wintersemester planen wir Weiterbildungsangebote zu (Anti-)Rassismus.&nbsp;&nbsp;<\/p>\n\n\n\n<p><strong>Weiterbildungsangebote zu Gender und Diversity in der (digitalen) Lehre<\/strong><\/p>\n\n\n\n<p>Die kurzfristige Umstellung auf ausschlie\u00dflich digitale Lehre hat den Hochschulmitgliedern einiges abverlangt. F\u00fcr gender- und diversit\u00e4tsbewusste Didaktik lassen sich viele Aspekte von Pr\u00e4senzlehre auf digitale Lehre \u00fcbertragen, aber es entstehen auch neue Herausforderungen.&nbsp;In Kooperation mit&nbsp;<a href=\"https:\/\/www.fu-berlin.de\/sites\/qualitaetspakt\/lehrqualifizierung\/e_aufbau\/index.html\" target=\"_blank\" rel=\"noreferrer noopener\">SUPPORT f\u00fcr die Lehre<\/a>&nbsp;haben wir zwei Online-Veranstaltungen zur gender- und diversit\u00e4tsbewussten Gestaltung von (digitalen) Lehrveranstaltungen angeboten und uns \u00fcber die gro\u00dfe Nachfrage gefreut. Im Wintersemester wird der Workshop an folgenden Terminen angeboten:&nbsp;<\/p>\n\n\n\n<ul class=\"wp-block-list\"><li>&nbsp; &nbsp; &nbsp; &nbsp;<a href=\"https:\/\/www.fu-berlin.de\/sites\/qualitaetspakt\/lehrqualifizierung\/e_aufbau\/sup$eam613-ss20.html\">Dienstag, 08.09.20, 9-12.30 Uhr<\/a><\/li><li>&nbsp; &nbsp; &nbsp; &nbsp;<a href=\"https:\/\/www.fu-berlin.de\/sites\/qualitaetspakt\/lehrqualifizierung\/e_aufbau\/sup$eam632-ss20.html\">Montag, 23.11.20, 9-12.30 Uhr<\/a><\/li><\/ul>\n\n\n\n<p>Bei Interesse bieten wir zus\u00e4tzliche Termine f\u00fcr Fachbereiche, Institute oder Arbeitsbereiche der Freien Universit\u00e4t Berlin an und gehen dabei auch gerne auf Ihre spezifischen Anliegen ein.&nbsp;&nbsp;<\/p>\n\n\n\n<p><strong>Gender- und diversit\u00e4tsbewusste Pr\u00fcfungen auf dem #CoronaCampus<\/strong><\/p>\n\n\n\n<p>Einige Fragen zur Umsetzung von Pr\u00fcfungen sind aktuell noch ungekl\u00e4rt, was die Planbarkeit f\u00fcr Lehrende und Studierende erschwert. Generell ist das Wiki der CeDiS zu&nbsp;<a href=\"https:\/\/wikis.fu-berlin.de\/pages\/viewpage.action?pageId=1040941541\" target=\"_blank\" rel=\"noreferrer noopener\">Distanzpr\u00fcfungen<\/a>&nbsp;hier die zentrale Anlaufstelle. Falls Sie m\u00fcndliche Pr\u00fcfungen durchf\u00fchren werden, empfehlen wir Ihnen unseren Beitrag \u201e<a href=\"https:\/\/www.genderdiversitylehre.fu-berlin.de\/toolbox\/3-Lehrmethoden\/pruefen\/Pruefungsangst\/index.html\" target=\"_blank\" rel=\"noreferrer noopener\">Zeit geben, Transparenz und Wertsch\u00e4tzung \u2013 Studierende mit Pr\u00fcfungsangst unterst\u00fctzen<\/a>\u201c. In einem Interview erkl\u00e4rt Dr.&nbsp;<strong>Michael Cugialy<\/strong> von der ZE Studienberatung und Psychologische Beratung der Freien Universit\u00e4t die Hintergr\u00fcnde von Pr\u00fcfungsangst und gibt Tipps f\u00fcr Lehrende. Gerade die ungewohnte Form von digitalen m\u00fcndlichen Pr\u00fcfungen wird vermutlich bei vielen Studierenden die Nervosit\u00e4t verst\u00e4rken.Um Pr\u00fcfungen gerechter zu gestalten gibt es f\u00fcr Studierende mit Behinderung und\/oder chronischer Erkrankung sowie f\u00fcr Schwangere und Studierende im Mutterschutz ggf. einen Anspruch auf&nbsp;<a href=\"https:\/\/www.studentenwerke.de\/sites\/default\/files\/Handbuch_Studium_und_Behinderung_Kap6.pdf\" target=\"_blank\" rel=\"noreferrer noopener\">Nachteilsausgleich<\/a>. Tragen Sie zur Enttabuisierung dieses Instruments zur Inklusion bei und weisen Sie alle Studierenden unabh\u00e4ngig von erkennbarer Betroffenheit proaktiv darauf hin. Fr\u00fchzeitige Planung und bei Unsicherheiten eine Beratung durch die zust\u00e4ndige&nbsp;<a href=\"https:\/\/www.fu-berlin.de\/service\/behinderung\/index.html\" target=\"_blank\" rel=\"noreferrer noopener\">Ansprechperson<\/a>&nbsp;erleichtern eine reibungslose Umsetzung.&nbsp;<\/p>\n\n\n\n<p><strong>Kooperation mit ArbeiterKind.de<\/strong><\/p>\n\n\n\n<p>Was hei\u00dft es als Erste*r in der Familie zu studieren? Welchen Einfluss hat die soziale Herkunft auf Bildungsgerechtigkeit? Wie k\u00f6nnen \u201eStudierende der ersten Generation\u201c in der Hochschullehre unterst\u00fctzt werden?&nbsp;Diesen Fragen gehen wir in unserer Kooperation mit ArbeiterKind.de nach:&nbsp;&nbsp;<\/p>\n\n\n\n<ul class=\"wp-block-list\"><li>In einem Beitrag in der Toolbox stellen wir&nbsp;<a href=\"https:\/\/www.genderdiversitylehre.fu-berlin.de\/toolbox\/5-Good-Practice\/Arbeiterkind_de\/index.html\" target=\"_blank\" rel=\"noreferrer noopener\">ArbeiterKind.de als Good-Practice-Beispiel<\/a>&nbsp;vor. Daf\u00fcr haben wir ein Interview mit Hannah Rindler gef\u00fchrt, die in Berlin sowohl f\u00fcr die Koordination der Ehrenamtlichen zust\u00e4ndig ist als auch als Ansprechperson f\u00fcr die Hochschulen fungiert.<\/li><li>Freitag, 03.07.20, 9-13 Uhr: Online-Veranstaltung &#8222;<a href=\"https:\/\/www.genderdiversitylehre.fu-berlin.de\/toolbox\/News\/20200617_Webinar_ArbeiterKind.html\" target=\"_blank\" rel=\"noreferrer noopener\">Was hei\u00dft es als Erste*r in der Familie zu studieren? Herausforderungen und Chancen f\u00fcr Studierende und die Hochschullehre<\/a>&#8222;<\/li><\/ul>\n\n\n\n<p><strong>Aktualisierte&nbsp;<\/strong><a href=\"https:\/\/www.genderdiversitylehre.fu-berlin.de\/toolbox\/1-Starterkit\/3-sprache\/index.html\" target=\"_blank\" rel=\"noreferrer noopener\"><strong>Toolbox-Seite zu genderinklusiver Sprache<\/strong><\/a><\/p>\n\n\n\n<p>Die sprachliche Sichtbarmachung von Frauen durch sogenannte Beidnennung wie \u201eSch\u00fclerinnen und Sch\u00fcler\u201c oder Sch\u00fcler\/-innen war eine wichtige sprachpolitische Forderung und hat zur Sensibilisierung f\u00fcr die Macht von Sprache beigetragen. Allerdings f\u00fchrt sie wiederum dazu, dass Menschen jenseits der zweigeschlechtlichen Norm unsichtbar gemacht und diskriminiert werden. Daher wird sie in der &#8218;Toolbox Gender und Diversity in der Lehre&#8216; nicht mehr als Alternative zum generischen Maskulinum empfohlen. Auf unserer aktualisierten Seite zu Sprache gehen wir st\u00e4rker auf die Auswirkung der \u201eDritten Option\u201c und genderinklusive Sprache im Hochschulalltag ein.&nbsp;<\/p>\n\n\n\n<p><strong>Abbau von Diskriminierung bei der Namensanzeige in Webex und Blackboard<\/strong><\/p>\n\n\n\n<p>Studierende, die in \u00dcbereinstimmung mit ihrer Geschlechtsidentit\u00e4t ihren Vornamen ge\u00e4ndert haben, stehen vor gro\u00dfen H\u00fcrden bei der Teilnahme an der digitalen Lehre. Wenn das Identit\u00e4tsmanagement den alten Namen anzeigt, werden Studierende durch die Hochschule geoutet und dadurch in inakzeptable Situationen gebracht. Wir begr\u00fc\u00dfen daher den&nbsp;<a href=\"https:\/\/www.fu-berlin.de\/studium\/studienorganisation\/immatrikulation\/rueckmeldung\/persoenliche_Daten\/index.html\" target=\"_blank\" rel=\"noreferrer noopener\">Pilotversuch<\/a>&nbsp;zur leichteren Namens\u00e4nderung in Webex und Blackboard sowie die eindeutige Regelung zur Akzeptanz des&nbsp;<a href=\"https:\/\/dgti.org\/ergaenzungsausweis.html\" target=\"_blank\" rel=\"noreferrer noopener\">dgti-Erg\u00e4nzungsausweises<\/a>&nbsp;durch die Freie Universit\u00e4t. Weitere Schritte sind dringend notwendig. Konkrete&nbsp;<a href=\"https:\/\/bukof.de\/wp-content\/uploads\/20-05-19-bukof-Handlungsempfehlungen-Geschlechtervielfalt-an-Hochschulen.pdf\" target=\"_blank\" rel=\"noreferrer noopener\">Handlungsempfehlungen<\/a>&nbsp;hat k\u00fcrzlich die bukof verabschiedet.<\/p>\n\n\n\n<p><\/p>\n\n\n\n<p>&nbsp;<\/p>\n","protected":false},"excerpt":{"rendered":"<p>Der Toolbox Newsletter erscheint einmal pro Semester und informiert \u00fcber die Neuerungen in und Aktivit\u00e4ten rund um die Toolbox Gender und Diversity in der Lehre.<\/p>\n","protected":false},"author":3727,"featured_media":0,"comment_status":"open","ping_status":"open","sticky":false,"template":"","format":"standard","meta":{"footnotes":""},"categories":[62182],"tags":[334853,334852,274010,334563,2740,10098,334295],"class_list":["post-681","post","type-post","status-publish","format-standard","hentry","category-newsletter","tag-antirassismus","tag-care","tag-digitales","tag-inter","tag-rassismus","tag-sprache","tag-trans"],"_links":{"self":[{"href":"https:\/\/blogs.fu-berlin.de\/toolbox\/wp-json\/wp\/v2\/posts\/681","targetHints":{"allow":["GET"]}}],"collection":[{"href":"https:\/\/blogs.fu-berlin.de\/toolbox\/wp-json\/wp\/v2\/posts"}],"about":[{"href":"https:\/\/blogs.fu-berlin.de\/toolbox\/wp-json\/wp\/v2\/types\/post"}],"author":[{"embeddable":true,"href":"https:\/\/blogs.fu-berlin.de\/toolbox\/wp-json\/wp\/v2\/users\/3727"}],"replies":[{"embeddable":true,"href":"https:\/\/blogs.fu-berlin.de\/toolbox\/wp-json\/wp\/v2\/comments?post=681"}],"version-history":[{"count":12,"href":"https:\/\/blogs.fu-berlin.de\/toolbox\/wp-json\/wp\/v2\/posts\/681\/revisions"}],"predecessor-version":[{"id":2633,"href":"https:\/\/blogs.fu-berlin.de\/toolbox\/wp-json\/wp\/v2\/posts\/681\/revisions\/2633"}],"wp:attachment":[{"href":"https:\/\/blogs.fu-berlin.de\/toolbox\/wp-json\/wp\/v2\/media?parent=681"}],"wp:term":[{"taxonomy":"category","embeddable":true,"href":"https:\/\/blogs.fu-berlin.de\/toolbox\/wp-json\/wp\/v2\/categories?post=681"},{"taxonomy":"post_tag","embeddable":true,"href":"https:\/\/blogs.fu-berlin.de\/toolbox\/wp-json\/wp\/v2\/tags?post=681"}],"curies":[{"name":"wp","href":"https:\/\/api.w.org\/{rel}","templated":true}]}}