{"id":755,"date":"2020-12-08T15:52:18","date_gmt":"2020-12-08T14:52:18","guid":{"rendered":"https:\/\/blogs.fu-berlin.de\/toolbox\/?p=755"},"modified":"2025-02-03T11:29:38","modified_gmt":"2025-02-03T10:29:38","slug":"20201215-podium-rassismus","status":"publish","type":"post","link":"https:\/\/blogs.fu-berlin.de\/toolbox\/2020\/12\/08\/20201215-podium-rassismus\/","title":{"rendered":"Online-Podiumsdiskussion zu &#8222;(Anti-)Rassismus an Hochschulen&#8220; am 15.12.2020"},"content":{"rendered":"\n<div class=\"wp-block-media-text alignwide is-stacked-on-mobile\"><figure class=\"wp-block-media-text__media\"><img loading=\"lazy\" decoding=\"async\" width=\"1024\" height=\"684\" src=\"https:\/\/blogs.fu-berlin.de\/toolbox\/files\/2021\/03\/Screenshot-2-e1666699212270-1024x684.png\" alt=\"\" class=\"wp-image-1839 size-full\" srcset=\"https:\/\/blogs.fu-berlin.de\/toolbox\/files\/2021\/03\/Screenshot-2-e1666699212270-1024x684.png 1024w, https:\/\/blogs.fu-berlin.de\/toolbox\/files\/2021\/03\/Screenshot-2-e1666699212270-300x200.png 300w, https:\/\/blogs.fu-berlin.de\/toolbox\/files\/2021\/03\/Screenshot-2-e1666699212270-768x513.png 768w, https:\/\/blogs.fu-berlin.de\/toolbox\/files\/2021\/03\/Screenshot-2-e1666699212270-1200x801.png 1200w, https:\/\/blogs.fu-berlin.de\/toolbox\/files\/2021\/03\/Screenshot-2-e1666699212270.png 1459w\" sizes=\"auto, (max-width: 709px) 85vw, (max-width: 909px) 67vw, (max-width: 1362px) 62vw, 840px\" \/><\/figure><div class=\"wp-block-media-text__content\">\n<p>Welche Rolle spielen Hochschulen im aktuellen Diskurs \u00fcber Rassismus? Wie wirkt institutioneller Rassismus an Hochschulen? Welche antirassistischen Forderungen und Initiativen gibt es?<\/p>\n\n\n\n<!--more-->\n<\/div><\/div>\n\n\n\n<p>Das Margherita-von-Brentano-Zentrum und die \u201aToolbox Gender und Diversity in der Lehre\u2018 laden alle Mitglieder der Freien Universit\u00e4t Berlin sowie weitere interessierte Personen zu einer Podiumsdiskussion ein, bei der diese Fragen thematisiert werden. Sie soll der Auftakt f\u00fcr eine Veranstaltungsreihe zu (Anti-)Rassismus an Hochschulen im Sommersemester 2021 sein. Mit diesem Angebot m\u00f6chten wir zur dringend notwendigen Auseinandersetzung mit rassistischen Strukturen im Hochschulkontext beitragen und R\u00e4ume schaffen, in denen Wege zur St\u00e4rkung von&nbsp;Antidiskriminierung an der Freien Universit\u00e4t entwickelt werden k\u00f6nnen.&nbsp;<\/p>\n\n\n\n<p>Die Podiumsdiskussion ist Teil der Aktivit\u00e4ten zum Wissenschaftstag <a rel=\"noreferrer noopener\" href=\"https:\/\/wordpress.afg-berliner-hochschulen.de\/wp-content\/uploads\/2020\/11\/SAVE-THE-DATE-4GenderStudies.pdf\" target=\"_blank\">#4Gender Studies<\/a>, der nun zum vierten Mal deutschlandweit rund um den 18. Dezember stattfindet. Er verfolgt das Anliegen, die Bandbreite der Themen,&nbsp;Forschungsergebnisse und Akteur*innen der Gender Studies&nbsp;sichtbarer zu machen. Dieses Jahr besch\u00e4ftigen sich die Angebote in Berlin mit&nbsp;dem Themenschwerpunkt \u201eInstitutioneller Rassismus&#8220;. Weitere Informationen dazu finden sich <a href=\"https:\/\/afg-berliner-hochschulen.de\/#aktuelles\">hier<\/a>. <\/p>\n\n\n\n<p><\/p>\n\n\n\n<h3 class=\"wp-block-heading\">Es diskutieren:<\/h3>\n\n\n\n<ul class=\"wp-block-list\"><li><a href=\"https:\/\/astafu.de\/referate\/bpoc\">AStA Referat f\u00fcr Schwarze Studierende und Studierende of Color<\/a>, vertreten durch Naledi Maskia Mmoledi (Politikwissenschaft), Santiago Velez Vargas (Politikwissenschaft) und Nataly Castillo Bennett (Lateinamerikastudien)<\/li><li><a href=\"https:\/\/mamjahid.net\/\">Mohamed Amjahid<\/a>&nbsp;(Politikwissenschaftler, Journalist und Autor)<\/li><li><a href=\"https:\/\/www.uni-marburg.de\/de\/fb21\/erzwinst\/arbeitsbereiche\/soreha\/personen\/denise-bergold-caldwell\">Dr. Denise Bergold-Caldwell<\/a>&nbsp;(Bildungs- und Erziehungswissenschaftlerin, wissenschaftliche Gesch\u00e4ftsf\u00fchrerin des Zentrums f\u00fcr Gender Studies und feministische Zukunftsforschung an der Philipps-Universit\u00e4t Marburg)<\/li><li><a href=\"https:\/\/www.polsoz.fu-berlin.de\/polwiss\/forschung\/hon-vert-s-prof\/transf-diskurs\/team\/team\/Liebscher\/index.html\">Dr. Doris Liebscher<\/a>&nbsp;(Juristin, Leiterin der Ombudsstelle der Landesstelle f\u00fcr Gleichbehandlung \u2013 gegen Diskriminierung)<\/li><li><a href=\"https:\/\/www.dezim-institut.de\/das-dezim-institut\/saboura-naqshband\/\">Saboura Naqshband<\/a>&nbsp;(Politikwissenschaftler*in, Sozial- und Kulturanthropolog*in, Deutsches Zentrum f\u00fcr Integrations- und Migrationsforschung)&nbsp;<\/li><\/ul>\n\n\n\n<h3 class=\"wp-block-heading\">Veranstalterinnen:<\/h3>\n\n\n\n<p><a href=\"https:\/\/www.fu-berlin.de\/sites\/frauenbeauftragte\/ueber-uns\/team\/Bittner\/index.html\">Melanie Bittner<\/a>&nbsp;(Toolbox Gender und Diversity in der Lehre) und&nbsp;<a href=\"https:\/\/www.mvbz.fu-berlin.de\/ueber-uns\/team\/pantelmann\/index.html\">Dr. Heike Pantelmann<\/a>&nbsp;(Margherita-von-Brentano-Zentrum)<\/p>\n\n\n\n<h3 class=\"wp-block-heading\">Organisatorische Informationen:<\/h3>\n\n\n\n<p>Die Podiumsdiskussion findet in Webex-Events statt. Sie k\u00f6nnen sich \u00fcber einen moderierten Chat an der Diskussion beteiligen. Bitte melden Sie sich bis zum <strong>13.12.<\/strong> \u00fcber das&nbsp;<a href=\"https:\/\/www.genderdiversitylehre.fu-berlin.de\/toolbox\/Termine\/Anmeldeformulare\/PM_registration_20201215\/index.html\">Anmeldeformular&nbsp;<\/a>f\u00fcr die Veranstaltung an. Den Webex-Link erhalten Sie dann wenige Tage vor der Podiumsdiskussion.<\/p>\n","protected":false},"excerpt":{"rendered":"<p>Welche Rolle spielen Hochschulen im aktuellen Diskurs \u00fcber Rassismus? Wie wirkt institutioneller Rassismus an Hochschulen? Welche antirassistischen Forderungen und Initiativen gibt es?<\/p>\n","protected":false},"author":3953,"featured_media":0,"comment_status":"open","ping_status":"open","sticky":false,"template":"","format":"standard","meta":{"footnotes":""},"categories":[428608],"tags":[334853,90487,2789,2740],"class_list":["post-755","post","type-post","status-publish","format-standard","hentry","category-informiert","tag-antirassismus","tag-diskriminierung","tag-gender","tag-rassismus"],"_links":{"self":[{"href":"https:\/\/blogs.fu-berlin.de\/toolbox\/wp-json\/wp\/v2\/posts\/755","targetHints":{"allow":["GET"]}}],"collection":[{"href":"https:\/\/blogs.fu-berlin.de\/toolbox\/wp-json\/wp\/v2\/posts"}],"about":[{"href":"https:\/\/blogs.fu-berlin.de\/toolbox\/wp-json\/wp\/v2\/types\/post"}],"author":[{"embeddable":true,"href":"https:\/\/blogs.fu-berlin.de\/toolbox\/wp-json\/wp\/v2\/users\/3953"}],"replies":[{"embeddable":true,"href":"https:\/\/blogs.fu-berlin.de\/toolbox\/wp-json\/wp\/v2\/comments?post=755"}],"version-history":[{"count":5,"href":"https:\/\/blogs.fu-berlin.de\/toolbox\/wp-json\/wp\/v2\/posts\/755\/revisions"}],"predecessor-version":[{"id":2575,"href":"https:\/\/blogs.fu-berlin.de\/toolbox\/wp-json\/wp\/v2\/posts\/755\/revisions\/2575"}],"wp:attachment":[{"href":"https:\/\/blogs.fu-berlin.de\/toolbox\/wp-json\/wp\/v2\/media?parent=755"}],"wp:term":[{"taxonomy":"category","embeddable":true,"href":"https:\/\/blogs.fu-berlin.de\/toolbox\/wp-json\/wp\/v2\/categories?post=755"},{"taxonomy":"post_tag","embeddable":true,"href":"https:\/\/blogs.fu-berlin.de\/toolbox\/wp-json\/wp\/v2\/tags?post=755"}],"curies":[{"name":"wp","href":"https:\/\/api.w.org\/{rel}","templated":true}]}}