{"id":54,"date":"2023-05-09T21:49:13","date_gmt":"2023-05-09T19:49:13","guid":{"rendered":"https:\/\/blogs.fu-berlin.de\/torollblog\/?p=54"},"modified":"2023-05-09T21:49:46","modified_gmt":"2023-05-09T19:49:46","slug":"zwischen-mosel-weinhaengen-und-wechselvoller-geschichte","status":"publish","type":"post","link":"https:\/\/blogs.fu-berlin.de\/torollblog\/2023\/05\/09\/zwischen-mosel-weinhaengen-und-wechselvoller-geschichte\/","title":{"rendered":"<strong>Zwischen Mosel, Weinh\u00e4ngen und wechselvoller Geschichte<\/strong>"},"content":{"rendered":"\n<p class=\"has-medium-font-size\">Teilnahme an der <em>DHd 2023 Open Humanities Open Culture<\/em><\/p>\n\n\n\n<p>Dana Eichhorst<\/p>\n\n\n\n<p>Nach Trier f\u00fchren nicht nur die \u00e4ltesten Spuren r\u00f6mischer Geschichte, sondern auch die Anf\u00e4nge der universit\u00e4ren Ausbildung in den <em>Digital Humanities <\/em>in Deutschland. Vom 13. bis 17. M\u00e4rz fand die 9. Jahrestagung des Verbandes der \u201eDigital Humanities im deutschsprachigen Raum\u201c an den Universit\u00e4ten Trier und Luxemburg so einen geb\u00fchrenden Austragungsort. Unser Projekt blickte zu diesem Zeitpunkt seinem 1. Jahrestag entgegen und die Teilnahme an der deutschlandweit gr\u00f6\u00dften Fachtagung der <em>Digital Humanities<\/em> bot erstmalig Gelegenheit das Projekt \u201eMaterialisierte Heiligkeit\u201c selbst als auch erste Ergebnisse in einem breiteren Rahmen und einem gr\u00f6\u00dferen Fachpublikum vorzustellen. Mit unserer Bewerbung hatten wir uns mit \u00fcber vierzig weiteren Projekten f\u00fcr eine Posterpr\u00e4sentation qualifiziert.<\/p>\n\n\n\n<p><strong>Best Poster Slam Award &amp; Posterpr\u00e4sentation<\/strong><\/p>\n\n\n\n<p>Am vierten Tag der Tagung \u2013 nach drei abwechslungsreichen Konferenztagen und -beitr\u00e4gen in Panels, Workshops und dem Doktorandenkonsortien \u2013 fand am Donnerstag im Audimax der Uni Trier eines von vielen Highlights der Tagung statt: der POSTERSLAM. Mit der B\u00fchne als Austragungsort und dem Publikum als zu begeisternde kritische Masse ging es um die Wurst, das hei\u00dft um die Troph\u00e4e des <em>Best Poster Slam Award<\/em>. <\/p>\n\n\n<div class=\"wp-block-image\">\n<figure class=\"aligncenter size-large is-resized\"><img loading=\"lazy\" decoding=\"async\" src=\"https:\/\/blogs.fu-berlin.de\/torollblog\/files\/2023\/05\/Poster-721x1024.png\" alt=\"\" class=\"wp-image-55\" width=\"361\" height=\"512\" srcset=\"https:\/\/blogs.fu-berlin.de\/torollblog\/files\/2023\/05\/Poster-721x1024.png 721w, https:\/\/blogs.fu-berlin.de\/torollblog\/files\/2023\/05\/Poster-211x300.png 211w, https:\/\/blogs.fu-berlin.de\/torollblog\/files\/2023\/05\/Poster-768x1091.png 768w, https:\/\/blogs.fu-berlin.de\/torollblog\/files\/2023\/05\/Poster.png 926w\" sizes=\"auto, (max-width: 361px) 85vw, 361px\" \/><figcaption>Poster DHd 2023: Schrifttradition digital &#8211; Rituell reine Torarollen in der j\u00fcdischen Dispora.<\/figcaption><\/figure><\/div>\n\n\n<p>22 Projekte buhlten in je 60 Sekunden mit einem Kurzbeitrag um die Gunst des Publikums, um diesem den h\u00f6chstm\u00f6glichen Ger\u00e4uschpegel zu entlocken \u2013 denn das untr\u00fcgliche <em>Applausometer<\/em> verzeichnete weder wohlwollendes Nicken noch verhaltenes Kichern, sondern allein das Get\u00f6se sich hei\u00df klatschender H\u00e4nde, trampelnder F\u00fc\u00dfe und herzhafter Lacher. Im Prinzip ist beim Slam alles erlaubt: Kurzvideos, schauspielerische Einlagen, Witze, Klangspiele \u2013 der Fantasie und Kreativit\u00e4t sind keine Grenzen gesetzt. Unter dem Titel \u201eSchrifttradition digital: Rituell reine Torarollen in der j\u00fcdischen Diaspora\u201c trat auch unser Team an. Herausforderung war nicht nur, das Auditorium auf der B\u00fchne zu unterhalten, sondern auch neugierig auf das Projektposter zu machen. Das ist uns gelungen: Wir haben den <em>Best Poster Slam Award<\/em> 2023 gewonnen. Bei der anschlie\u00dfenden Posterpr\u00e4sentation kam es in Folge zu vielen Gespr\u00e4chen; Kontakte wurden gekn\u00fcpft und ein nachhaltiger Eindruck von der Vielfalt der teilnehmenden Projekte gewonnen, die die Breite der Forschungslandschaft im Bereich der <em>Digital Humanities<\/em> repr\u00e4sentieren.<\/p>\n\n\n\n<p><strong>Fazit<\/strong><\/p>\n\n\n\n<p>Die Teilnahme an der <strong>DHd 2023 Open Humanities Open Culture<\/strong> war lohnenswert \u2013 sowohl in Hinblick auf die digitalen als auch die geisteswissenschaftlichen Aspekte. Das Doktorandenkonsortium erm\u00f6glicht dem Forschungsnachwuchs in einem gesch\u00fctzten Raum, die eigene Arbeit vorzustellen und mit anderen Doktorand*innen und erfahrenen Wissenschaftler*innen zu diskutieren. Die Panels und Vortr\u00e4ge bieten die M\u00f6glichkeit der Thematisierung verschiedener Schwerpunkte und Einzelaspekte, wie beispielsweise die Frage nach dem Gelingen und Scheitern von Forschungsprojekten oder politische Aspekte von Diversit\u00e4t, Feminismus, Toleranz und Dekolonialisierung, indem gezielt Korpuskritik und Datensensibilit\u00e4t ge\u00fcbt wird. Zudem ist Raum und Gelegenheit Grundsatzfragen zu debattieren, wie die Frage danach: Wie marginal ist eine Randnotiz oder was ist eigentlich eine Marginalie? Datenmodellierung, -verarbeitung, und -darstellung, nachhaltige Speicherung der Daten und die Frage nach der Verkn\u00fcpfung von Quellen und Daten usw. sind zentral f\u00fcr die Expert*innen der Informationstechnologie. F\u00fcr uns steht fest: die diesj\u00e4hrige Tagung der DHd war bereichernd, informativ und Gelegenheit wertvolle Kontakte zu kn\u00fcpfen. Eine Bewerbung f\u00fcr die 10. Tagung 2024 in Passau ist mehr als nur eine \u00dcberlegung wert.<\/p>\n\n\n\n<p>Link zu den <em>Digital Humanities<\/em> im deutschsprachigen Raum: https:\/\/dig-hum.de\/<\/p>\n\n\n\n<p>Link zu unserem Abstract: <a href=\"https:\/\/zenodo.org\/record\/7715864#.ZFo74HbP2rc\">https:\/\/zenodo.org\/record\/7715864#.ZFo74HbP2rc<\/a><\/p>\n\n\n\n<p>Link zu unserem Poster: <a href=\"https:\/\/zenodo.org\/record\/7711515#.ZFo8RnbP2rc\">https:\/\/zenodo.org\/record\/7711515#.ZFo8RnbP2rc<\/a><\/p>\n","protected":false},"excerpt":{"rendered":"<p>Teilnahme an der DHd 2023 Open Humanities Open Culture Dana Eichhorst Nach Trier f\u00fchren nicht nur die \u00e4ltesten Spuren r\u00f6mischer Geschichte, sondern auch die Anf\u00e4nge der universit\u00e4ren Ausbildung in den Digital Humanities in Deutschland. Vom 13. bis 17. M\u00e4rz fand die 9. Jahrestagung des Verbandes der \u201eDigital Humanities im deutschsprachigen Raum\u201c an den Universit\u00e4ten Trier &hellip; <a href=\"https:\/\/blogs.fu-berlin.de\/torollblog\/2023\/05\/09\/zwischen-mosel-weinhaengen-und-wechselvoller-geschichte\/\" class=\"more-link\"><span class=\"screen-reader-text\">\u201e<strong>Zwischen Mosel, Weinh\u00e4ngen und wechselvoller Geschichte<\/strong>\u201c<\/span> weiterlesen<\/a><\/p>\n","protected":false},"author":7544,"featured_media":0,"comment_status":"closed","ping_status":"open","sticky":false,"template":"","format":"standard","meta":{"footnotes":""},"categories":[9],"tags":[],"class_list":["post-54","post","type-post","status-publish","format-standard","hentry","category-allgemein"],"_links":{"self":[{"href":"https:\/\/blogs.fu-berlin.de\/torollblog\/wp-json\/wp\/v2\/posts\/54","targetHints":{"allow":["GET"]}}],"collection":[{"href":"https:\/\/blogs.fu-berlin.de\/torollblog\/wp-json\/wp\/v2\/posts"}],"about":[{"href":"https:\/\/blogs.fu-berlin.de\/torollblog\/wp-json\/wp\/v2\/types\/post"}],"author":[{"embeddable":true,"href":"https:\/\/blogs.fu-berlin.de\/torollblog\/wp-json\/wp\/v2\/users\/7544"}],"replies":[{"embeddable":true,"href":"https:\/\/blogs.fu-berlin.de\/torollblog\/wp-json\/wp\/v2\/comments?post=54"}],"version-history":[{"count":2,"href":"https:\/\/blogs.fu-berlin.de\/torollblog\/wp-json\/wp\/v2\/posts\/54\/revisions"}],"predecessor-version":[{"id":57,"href":"https:\/\/blogs.fu-berlin.de\/torollblog\/wp-json\/wp\/v2\/posts\/54\/revisions\/57"}],"wp:attachment":[{"href":"https:\/\/blogs.fu-berlin.de\/torollblog\/wp-json\/wp\/v2\/media?parent=54"}],"wp:term":[{"taxonomy":"category","embeddable":true,"href":"https:\/\/blogs.fu-berlin.de\/torollblog\/wp-json\/wp\/v2\/categories?post=54"},{"taxonomy":"post_tag","embeddable":true,"href":"https:\/\/blogs.fu-berlin.de\/torollblog\/wp-json\/wp\/v2\/tags?post=54"}],"curies":[{"name":"wp","href":"https:\/\/api.w.org\/{rel}","templated":true}]}}