{"id":16,"date":"2018-07-05T15:25:53","date_gmt":"2018-07-05T13:25:53","guid":{"rendered":"https:\/\/blogs.fu-berlin.de\/wbzdigital\/?p=16"},"modified":"2018-07-12T13:26:09","modified_gmt":"2018-07-12T11:26:09","slug":"blog-serie-digitalisierung-und-digitale-transformationen","status":"publish","type":"post","link":"https:\/\/blogs.fu-berlin.de\/wbzdigital\/2018\/07\/05\/blog-serie-digitalisierung-und-digitale-transformationen\/","title":{"rendered":"Blog-Serie: Digitalisierung und \u201eDigitale Transformationen\u201c"},"content":{"rendered":"<p><a href=\"https:\/\/pixabay.com\/de\/technologie-informationen-digital-2082642\/\" target=\"_blank\" rel=\"noopener\">Bild: pixabay.com, ar130405, CC0 Creative Commons<\/a><\/p>\n<hr \/>\n<h1><strong>Folge 1: Der Einstieg<br \/>\n<\/strong><\/h1>\n<p style=\"text-align: left\">Alle reden davon, es ist der neue gro\u00dfe Trend, aber nur wenige durchblicken dieses Thema wirklich: Digitalisierung und digitale Transformationen bestimmen zunehmend den beruflichen und privaten Alltag und ver\u00e4ndern unsere Arbeit und unser Leben massiv und in immer k\u00fcrzerenZeitintervallen. Die durch die Technik hervorgerufenen \u00c4nderungen betreffen gleicherma\u00dfen Mensch, Gesellschaft, Kultur, Arbeitswelt, Politik und nat\u00fcrlich auch wieder bereits vorhandene Technik. Mit unserer Blog-Serie Digitalisierung und \u201eDigitale Transformationen\u201c wollen wir Sie mit kleinen, gut verdaulichen Appetith\u00e4ppchen mit auf die digitale Reise nehmen.<\/p>\n<p><!--more--><\/p>\n<p style=\"text-align: left\">Am Anfang sollten wir kl\u00e4ren, wor\u00fcber wir \u00fcberhaupt reden \u2013 sprich &#8211; einige Begriffsdefinitionen vornehmen.<\/p>\n<p><strong>Klicken Sie auf einen der Begriffe, um mehr zu erfahren:<\/strong><\/p>\n<p>Prof. Dr. Thomas Hess (Ludwig-Maximilians-Universit\u00e4t M\u00fcnchen)<br \/>\n<a href=\"http:\/\/www.enzyklopaedie-der-wirtschaftsinformatik.de\/lexikon\/technologien-methoden\/Informatik--Grundlagen\/digitalisierung\" target=\"_blank\" rel=\"noopener\"><strong><span style=\"text-decoration: underline\">Digitalisierung<\/span><\/strong><\/a><\/p>\n<p>Prof. Dr. Key Pousttchi \u00a0(Lehrstuhl f\u00fcr Wirtschaftsinformatik und Digitalisierung, Universit\u00e4t Potsdam)<br \/>\n<a href=\"http:\/\/www.enzyklopaedie-der-wirtschaftsinformatik.de\/lexikon\/technologien-methoden\/Informatik--Grundlagen\/digitalisierung\/digitale-transformation\" target=\"_blank\" rel=\"noopener\"><strong><span style=\"text-decoration: underline\">Digitale Transformation<\/span><\/strong><\/a><\/p>\n<p style=\"text-align: left\"><strong><a href=\"https:\/\/wirtschaftslexikon.gabler.de\/definition\/digitalisierung-54195\" target=\"_blank\" rel=\"noopener\"><span style=\"text-decoration: underline\">Digitalisierung und die vielseitigen Ver\u00e4stelungen in der Arbeitswelt<\/span><br \/>\n<span style=\"text-decoration: underline\">(Gabler Wirtschaftslexikon)<\/span><\/a><\/strong><\/p>\n<p style=\"text-align: left\">Auf der Seite des Gabler-Wirtschaftslexikons ist vor allem die interaktive Mindmap auf dem unteren Bereich der Seite interessant, bei der man mit jedem Mausklick merkt, wie man bei diesem Thema ganz schnell vom \u201eErsten ins Tausendste\u201c kommt.<\/p>\n<p style=\"text-align: left\">In diesem Zusammenhang f\u00e4llt auch immer wieder Der Begriff von der <strong>Industrie 4.0.<\/strong> <span style=\"text-decoration: underline\"><a href=\"https:\/\/www.youtube.com\/watch?v=kQLbVVPNTMQ\" target=\"_blank\" rel=\"noopener\">Hier ein ausgezeichnetes 3-min\u00fctiges Erkl\u00e4rvideo<\/a><\/span> aus der sch\u00f6nen Schweiz (keine Bange, in hochdeutsch erkl\u00e4rt).<\/p>\n<p style=\"text-align: left\">Im Zusammenhang mit der Digitalisierung fallen immer wieder etliche weitere Begriffe, auf die wir in dieser Serie immer wieder zur\u00fcckkommen werden. Ein wunderbares Lexikon dazu finden Sie <a href=\"https:\/\/www.computerwoche.de\/a\/glossar-fuer-die-digitale-transformation,3329759\" target=\"_blank\" rel=\"noopener\"><span style=\"text-decoration: underline\">hier<\/span><\/a>.<\/p>\n<p style=\"text-align: left\">Oft wird angenommen, dass die USA und China die digitalen Vorreiter in der Welt sind. Dem ist nicht unbedingt so. Ganz vorne dabei ist Estland, wenn es um Fragen einer digitalisierten Gesellschaft und des digitalen Staates geht. Hier zum Abschluss der ersten Folge unserer Serie <span style=\"text-decoration: underline\"><a href=\"https:\/\/www.youtube.com\/watch?v=uVLUY6ydFNQ\" target=\"_blank\" rel=\"noopener\">eine kurze und eindrucksvolle 4-min-Doku aus Estland<\/a><\/span>. Wussten Sie eigentlich, dass der Videotelefoniedienst \u201eSkype\u201c aus Estland kommt?<\/p>\n<p style=\"text-align: left\"><em>Autor: Ralf Herrmann<\/em><\/p>\n","protected":false},"excerpt":{"rendered":"<p>Bild: pixabay.com, ar130405, CC0 Creative Commons Folge 1: Der Einstieg Alle reden davon, es ist der neue gro\u00dfe Trend, aber nur wenige durchblicken dieses Thema wirklich: Digitalisierung und digitale Transformationen bestimmen zunehmend den beruflichen und privaten Alltag und ver\u00e4ndern unsere Arbeit und unser Leben massiv und in immer k\u00fcrzerenZeitintervallen. Die durch die Technik hervorgerufenen \u00c4nderungen &hellip; <a href=\"https:\/\/blogs.fu-berlin.de\/wbzdigital\/2018\/07\/05\/blog-serie-digitalisierung-und-digitale-transformationen\/\" class=\"more-link\"><span class=\"screen-reader-text\">\u201eBlog-Serie: Digitalisierung und \u201eDigitale Transformationen\u201c\u201c<\/span> weiterlesen<\/a><\/p>\n","protected":false},"author":3005,"featured_media":42,"comment_status":"open","ping_status":"open","sticky":false,"template":"","format":"standard","meta":{"footnotes":""},"categories":[9,225958],"tags":[201687,480,225967,225957,12668],"class_list":["post-16","post","type-post","status-publish","format-standard","has-post-thumbnail","hentry","category-allgemein","category-blog-serie-digitalisierung-und-digitale-transformationen","tag-digitale-transformation","tag-digitalisierung","tag-digitalisierung-und-digitale-transformationen","tag-industrie-4-0","tag-it"],"_links":{"self":[{"href":"https:\/\/blogs.fu-berlin.de\/wbzdigital\/wp-json\/wp\/v2\/posts\/16","targetHints":{"allow":["GET"]}}],"collection":[{"href":"https:\/\/blogs.fu-berlin.de\/wbzdigital\/wp-json\/wp\/v2\/posts"}],"about":[{"href":"https:\/\/blogs.fu-berlin.de\/wbzdigital\/wp-json\/wp\/v2\/types\/post"}],"author":[{"embeddable":true,"href":"https:\/\/blogs.fu-berlin.de\/wbzdigital\/wp-json\/wp\/v2\/users\/3005"}],"replies":[{"embeddable":true,"href":"https:\/\/blogs.fu-berlin.de\/wbzdigital\/wp-json\/wp\/v2\/comments?post=16"}],"version-history":[{"count":35,"href":"https:\/\/blogs.fu-berlin.de\/wbzdigital\/wp-json\/wp\/v2\/posts\/16\/revisions"}],"predecessor-version":[{"id":94,"href":"https:\/\/blogs.fu-berlin.de\/wbzdigital\/wp-json\/wp\/v2\/posts\/16\/revisions\/94"}],"wp:featuredmedia":[{"embeddable":true,"href":"https:\/\/blogs.fu-berlin.de\/wbzdigital\/wp-json\/wp\/v2\/media\/42"}],"wp:attachment":[{"href":"https:\/\/blogs.fu-berlin.de\/wbzdigital\/wp-json\/wp\/v2\/media?parent=16"}],"wp:term":[{"taxonomy":"category","embeddable":true,"href":"https:\/\/blogs.fu-berlin.de\/wbzdigital\/wp-json\/wp\/v2\/categories?post=16"},{"taxonomy":"post_tag","embeddable":true,"href":"https:\/\/blogs.fu-berlin.de\/wbzdigital\/wp-json\/wp\/v2\/tags?post=16"}],"curies":[{"name":"wp","href":"https:\/\/api.w.org\/{rel}","templated":true}]}}