{"id":213,"date":"2019-09-16T12:59:39","date_gmt":"2019-09-16T10:59:39","guid":{"rendered":"https:\/\/blogs.fu-berlin.de\/wbzdigital\/?p=213"},"modified":"2019-09-24T09:01:58","modified_gmt":"2019-09-24T07:01:58","slug":"ablenkung-am-arbeitsplatz-fuer-digitalarbeiter-innen-besonders-stressig","status":"publish","type":"post","link":"https:\/\/blogs.fu-berlin.de\/wbzdigital\/2019\/09\/16\/ablenkung-am-arbeitsplatz-fuer-digitalarbeiter-innen-besonders-stressig\/","title":{"rendered":"Ablenkung am Arbeitsplatz \u2013 f\u00fcr Digitalarbeiter\/innen besonders stressig"},"content":{"rendered":"<p><a href=\"https:\/\/www.pexels.com\/photo\/business-charts-commerce-computer-265087\/\" target=\"_blank\" rel=\"noopener\">Bild: pixabay.com, Pixabay, CC0 Creative Commons<\/a><\/p>\n<hr \/>\n<p>Eine aktuelle Studie der Gewerkschaft VERDI zeigt, dass sich rund 52% aller Arbeitnehmer\/innen von h\u00e4ufigen oder gar st\u00e4ndigen Unterbrechungen am Arbeitsplatz genervt f\u00fchlen.<br \/>\nBei Digitalarbeiter\/innen ist die Quote noch h\u00f6her: 62% aller Befragten geben an, nicht ungest\u00f6rt ihrer Arbeit nachgehen zu k\u00f6nnen. Das kann ernstzunehmende gesundheitliche Folgen haben.<\/p>\n<p><a href=\"https:\/\/www.heise.de\/newsticker\/meldung\/Ablenkung-macht-die-Arbeit-schwer-und-stressig-4512695.html\" target=\"_blank\" rel=\"noopener\">Lesen Sie in diesem Artikel auf heise.de N\u00e4heres zu dieser Studie<\/a><\/p>\n<p>Das Weiterbildungszentrum bietet auch im n\u00e4chsten Jahresprogramm verschiedene Kurse, um dem geschilderten Problem entgegenzutreten.<\/p>\n<p><!--more--><\/p>\n<p>Merken Sie sich schon einmal vor und \u201esave the date\u201c:<\/p>\n<p><strong>-&gt; 23.6.2020<\/strong><br \/>\nAuf den Punkt: MS Outlook \u2013 effektive Selbstorganisation<\/p>\n<p><strong>-&gt;16.6.2020<\/strong><br \/>\nUmgang mit Unterbrechungen Arbeitsalltag \u2013 Ach Mensch, endlich mal in Ruhe arbeiten k\u00f6nnen\u2026<\/p>\n<p><strong>-&gt;25.8.2020<\/strong><br \/>\nDas Red-Nose-Prinzip im B\u00fcro: Mehr Leichtigkeit und Entspannung am Arbeitsplatz<\/p>\n<p>Das Weiterbildungsprogramm 2020 erscheint ca. <strong>Anfang November 2019<\/strong>. Neben den genannten Kursen warten wieder viele spannende innovative Kursangebote \u2013 auch aus dem Bereich Digitalisierung &#8211; auf Sie. Schauen Sie also regelm\u00e4\u00dfig auf <a href=\"https:\/\/www.fu-berlin.de\/sites\/weiterbildung\/index.html\">unserer Homepage<\/a> vorbei!<\/p>\n","protected":false},"excerpt":{"rendered":"<p>Bild: pixabay.com, Pixabay, CC0 Creative Commons Eine aktuelle Studie der Gewerkschaft VERDI zeigt, dass sich rund 52% aller Arbeitnehmer\/innen von h\u00e4ufigen oder gar st\u00e4ndigen Unterbrechungen am Arbeitsplatz genervt f\u00fchlen. Bei Digitalarbeiter\/innen ist die Quote noch h\u00f6her: 62% aller Befragten geben an, nicht ungest\u00f6rt ihrer Arbeit nachgehen zu k\u00f6nnen. Das kann ernstzunehmende gesundheitliche Folgen haben. Lesen &hellip; <a href=\"https:\/\/blogs.fu-berlin.de\/wbzdigital\/2019\/09\/16\/ablenkung-am-arbeitsplatz-fuer-digitalarbeiter-innen-besonders-stressig\/\" class=\"more-link\"><span class=\"screen-reader-text\">\u201eAblenkung am Arbeitsplatz \u2013 f\u00fcr Digitalarbeiter\/innen besonders stressig\u201c<\/span> weiterlesen<\/a><\/p>\n","protected":false},"author":3005,"featured_media":214,"comment_status":"open","ping_status":"open","sticky":false,"template":"","format":"standard","meta":{"footnotes":""},"categories":[9],"tags":[226025,480,12668,225977,226027,226026,2339,226030,226028],"class_list":["post-213","post","type-post","status-publish","format-standard","has-post-thumbnail","hentry","category-allgemein","tag-arbeitsalltag","tag-digitalisierung","tag-it","tag-ms-outlook","tag-red-nose-prinzip","tag-selbstorganisation","tag-studie","tag-verdi","tag-weiterbildungsprogramm-2020"],"_links":{"self":[{"href":"https:\/\/blogs.fu-berlin.de\/wbzdigital\/wp-json\/wp\/v2\/posts\/213","targetHints":{"allow":["GET"]}}],"collection":[{"href":"https:\/\/blogs.fu-berlin.de\/wbzdigital\/wp-json\/wp\/v2\/posts"}],"about":[{"href":"https:\/\/blogs.fu-berlin.de\/wbzdigital\/wp-json\/wp\/v2\/types\/post"}],"author":[{"embeddable":true,"href":"https:\/\/blogs.fu-berlin.de\/wbzdigital\/wp-json\/wp\/v2\/users\/3005"}],"replies":[{"embeddable":true,"href":"https:\/\/blogs.fu-berlin.de\/wbzdigital\/wp-json\/wp\/v2\/comments?post=213"}],"version-history":[{"count":2,"href":"https:\/\/blogs.fu-berlin.de\/wbzdigital\/wp-json\/wp\/v2\/posts\/213\/revisions"}],"predecessor-version":[{"id":217,"href":"https:\/\/blogs.fu-berlin.de\/wbzdigital\/wp-json\/wp\/v2\/posts\/213\/revisions\/217"}],"wp:featuredmedia":[{"embeddable":true,"href":"https:\/\/blogs.fu-berlin.de\/wbzdigital\/wp-json\/wp\/v2\/media\/214"}],"wp:attachment":[{"href":"https:\/\/blogs.fu-berlin.de\/wbzdigital\/wp-json\/wp\/v2\/media?parent=213"}],"wp:term":[{"taxonomy":"category","embeddable":true,"href":"https:\/\/blogs.fu-berlin.de\/wbzdigital\/wp-json\/wp\/v2\/categories?post=213"},{"taxonomy":"post_tag","embeddable":true,"href":"https:\/\/blogs.fu-berlin.de\/wbzdigital\/wp-json\/wp\/v2\/tags?post=213"}],"curies":[{"name":"wp","href":"https:\/\/api.w.org\/{rel}","templated":true}]}}