{"id":227,"date":"2019-10-21T07:28:13","date_gmt":"2019-10-21T05:28:13","guid":{"rendered":"https:\/\/blogs.fu-berlin.de\/wbzdigital\/?p=227"},"modified":"2019-10-21T07:28:13","modified_gmt":"2019-10-21T05:28:13","slug":"das-neue-it-weiterbildungsprogramm-2020-ist-online","status":"publish","type":"post","link":"https:\/\/blogs.fu-berlin.de\/wbzdigital\/2019\/10\/21\/das-neue-it-weiterbildungsprogramm-2020-ist-online\/","title":{"rendered":"Das neue IT-Weiterbildungsprogramm 2020 ist online"},"content":{"rendered":"<p><a href=\"https:\/\/pixabay.com\/photos\/team-team-building-success-computer-3373638\/\" target=\"_blank\" rel=\"noopener\">Bild: pixabay.com, GDJ, Pixabay License<\/a><\/p>\n<p>Wir freuen uns, Ihnen mitzuteilen zu d\u00fcrfen, dass das neue IT -Weiterbildungsprogramm 2020 online ist!<br \/>\nNeben speziellen Kursen zu IT-Verfahren an der FU Berlin (nur f\u00fcr FU-Besch\u00e4ftigte) haben wir wieder ein breites Kurssortiment mit unterschiedlichen Schwierigkeitsleveln zu <strong>Standardsoftwareprodukten<\/strong> (MS Office, Adobe etc.) und zum gro\u00dfen Bereich der <strong>Digitalisierung<\/strong> (Trends, Tools, Techniken) an Bord.<\/p>\n<p>Da bei uns immer wieder die M\u00f6glichkeit angefragt wird, Kurse im Rahmen eines <strong>Bildungsurlaubs<\/strong> zu besuchen, haben wir zudem eine neue Sparte mit ausgesuchten Kursen unseres Programms eingef\u00fchrt, die ideal f\u00fcr einen Bildungsurlaub sind.<\/p>\n<p>Wir w\u00fcnschen Ihnen viel Spa\u00df beim St\u00f6bern und freuen uns auf Ihre Buchungen.\u00a0<a href=\"https:\/\/ssl2.cms.fu-berlin.de\/fu-berlin\/sites\/weiterbildung\/PM_weiterbildungsprogramm\/edv\/index.html\" target=\"_blank\" rel=\"noopener\">Hier gelangen Sie zum Kursangebot.<\/a><\/p>\n","protected":false},"excerpt":{"rendered":"<p>Bild: pixabay.com, GDJ, Pixabay License Wir freuen uns, Ihnen mitzuteilen zu d\u00fcrfen, dass das neue IT -Weiterbildungsprogramm 2020 online ist! Neben speziellen Kursen zu IT-Verfahren an der FU Berlin (nur f\u00fcr FU-Besch\u00e4ftigte) haben wir wieder ein breites Kurssortiment mit unterschiedlichen Schwierigkeitsleveln zu Standardsoftwareprodukten (MS Office, Adobe etc.) und zum gro\u00dfen Bereich der Digitalisierung (Trends, Tools, &hellip; <a href=\"https:\/\/blogs.fu-berlin.de\/wbzdigital\/2019\/10\/21\/das-neue-it-weiterbildungsprogramm-2020-ist-online\/\" class=\"more-link\"><span class=\"screen-reader-text\">\u201eDas neue IT-Weiterbildungsprogramm 2020 ist online\u201c<\/span> weiterlesen<\/a><\/p>\n","protected":false},"author":3384,"featured_media":228,"comment_status":"open","ping_status":"open","sticky":false,"template":"","format":"standard","meta":{"footnotes":""},"categories":[9],"tags":[226037,306,225666],"class_list":["post-227","post","type-post","status-publish","format-standard","has-post-thumbnail","hentry","category-allgemein","tag-it-kurse","tag-weiterbildung","tag-weiterbildungszentrum"],"_links":{"self":[{"href":"https:\/\/blogs.fu-berlin.de\/wbzdigital\/wp-json\/wp\/v2\/posts\/227","targetHints":{"allow":["GET"]}}],"collection":[{"href":"https:\/\/blogs.fu-berlin.de\/wbzdigital\/wp-json\/wp\/v2\/posts"}],"about":[{"href":"https:\/\/blogs.fu-berlin.de\/wbzdigital\/wp-json\/wp\/v2\/types\/post"}],"author":[{"embeddable":true,"href":"https:\/\/blogs.fu-berlin.de\/wbzdigital\/wp-json\/wp\/v2\/users\/3384"}],"replies":[{"embeddable":true,"href":"https:\/\/blogs.fu-berlin.de\/wbzdigital\/wp-json\/wp\/v2\/comments?post=227"}],"version-history":[{"count":3,"href":"https:\/\/blogs.fu-berlin.de\/wbzdigital\/wp-json\/wp\/v2\/posts\/227\/revisions"}],"predecessor-version":[{"id":231,"href":"https:\/\/blogs.fu-berlin.de\/wbzdigital\/wp-json\/wp\/v2\/posts\/227\/revisions\/231"}],"wp:featuredmedia":[{"embeddable":true,"href":"https:\/\/blogs.fu-berlin.de\/wbzdigital\/wp-json\/wp\/v2\/media\/228"}],"wp:attachment":[{"href":"https:\/\/blogs.fu-berlin.de\/wbzdigital\/wp-json\/wp\/v2\/media?parent=227"}],"wp:term":[{"taxonomy":"category","embeddable":true,"href":"https:\/\/blogs.fu-berlin.de\/wbzdigital\/wp-json\/wp\/v2\/categories?post=227"},{"taxonomy":"post_tag","embeddable":true,"href":"https:\/\/blogs.fu-berlin.de\/wbzdigital\/wp-json\/wp\/v2\/tags?post=227"}],"curies":[{"name":"wp","href":"https:\/\/api.w.org\/{rel}","templated":true}]}}