{"id":276,"date":"2020-07-13T13:49:51","date_gmt":"2020-07-13T11:49:51","guid":{"rendered":"https:\/\/blogs.fu-berlin.de\/wbzdigital\/?p=276"},"modified":"2020-07-13T13:49:51","modified_gmt":"2020-07-13T11:49:51","slug":"estland-der-digitale-vorreiter","status":"publish","type":"post","link":"https:\/\/blogs.fu-berlin.de\/wbzdigital\/2020\/07\/13\/estland-der-digitale-vorreiter\/","title":{"rendered":"Estland, der digitale Vorreiter"},"content":{"rendered":"\n<p><a rel=\"noreferrer noopener\" href=\"https:\/\/www.pexels.com\/photo\/business-charts-commerce-computer-265087\/\" target=\"_blank\">Bild: pixabay.com, Pixabay, CC0 Creative Commons<\/a><\/p>\n\n\n\n<p>In einem fr\u00fcheren Beitrag dieses Blogs haben wir uns schon einmal mit den technologisch f\u00fchrenden L\u00e4ndern im Bereich der Digitalisierung besch\u00e4ftigt.<\/p>\n\n\n\n<p>Bis heute hat sich wenig ge\u00e4ndert: Immer noch ist <strong>Estland<\/strong> mit einem nahezu vollst\u00e4ndig digital funktionierenden Staat  ein innovativer Vorreiter.<\/p>\n\n\n\n<p>Was macht man in Estland anders als in vielen anderen europ\u00e4ischen L\u00e4ndern, einschlie\u00dflich Deutschland? Was funktioniert gut, was sind die Voraussetzungen f\u00fcr eine digital funktionierende Gesellschaft, was sind aktuelle Herausforderungen?<\/p>\n\n\n\n<p>Der Tagesspiegel hat dazu einmal Estlands Staatspr\u00e4sidentin pers\u00f6nlich, Fr. <strong>Kersti Kaljulaid<\/strong>, befragt. Lesen das interessante Interview<a href=\"https:\/\/www.tagesspiegel.de\/wirtschaft\/digitaltechnik-ist-sehr-einfach-skalierbar-wie-wurde-estland-zum-digitalen-vorreiter-frau-praesidentin\/25981136.html\" target=\"_blank\" rel=\"noreferrer noopener\"> hier<\/a>. <\/p>\n","protected":false},"excerpt":{"rendered":"<p>Bild: pixabay.com, Pixabay, CC0 Creative Commons In einem fr\u00fcheren Beitrag dieses Blogs haben wir uns schon einmal mit den technologisch f\u00fchrenden L\u00e4ndern im Bereich der Digitalisierung besch\u00e4ftigt. Bis heute hat sich wenig ge\u00e4ndert: Immer noch ist Estland mit einem nahezu vollst\u00e4ndig digital funktionierenden Staat ein innovativer Vorreiter. Was macht man in Estland anders als in &hellip; <a href=\"https:\/\/blogs.fu-berlin.de\/wbzdigital\/2020\/07\/13\/estland-der-digitale-vorreiter\/\" class=\"more-link\"><span class=\"screen-reader-text\">\u201eEstland, der digitale Vorreiter\u201c<\/span> weiterlesen<\/a><\/p>\n","protected":false},"author":3384,"featured_media":278,"comment_status":"open","ping_status":"open","sticky":false,"template":"","format":"standard","meta":{"footnotes":""},"categories":[9],"tags":[],"class_list":["post-276","post","type-post","status-publish","format-standard","has-post-thumbnail","hentry","category-allgemein"],"_links":{"self":[{"href":"https:\/\/blogs.fu-berlin.de\/wbzdigital\/wp-json\/wp\/v2\/posts\/276","targetHints":{"allow":["GET"]}}],"collection":[{"href":"https:\/\/blogs.fu-berlin.de\/wbzdigital\/wp-json\/wp\/v2\/posts"}],"about":[{"href":"https:\/\/blogs.fu-berlin.de\/wbzdigital\/wp-json\/wp\/v2\/types\/post"}],"author":[{"embeddable":true,"href":"https:\/\/blogs.fu-berlin.de\/wbzdigital\/wp-json\/wp\/v2\/users\/3384"}],"replies":[{"embeddable":true,"href":"https:\/\/blogs.fu-berlin.de\/wbzdigital\/wp-json\/wp\/v2\/comments?post=276"}],"version-history":[{"count":4,"href":"https:\/\/blogs.fu-berlin.de\/wbzdigital\/wp-json\/wp\/v2\/posts\/276\/revisions"}],"predecessor-version":[{"id":281,"href":"https:\/\/blogs.fu-berlin.de\/wbzdigital\/wp-json\/wp\/v2\/posts\/276\/revisions\/281"}],"wp:featuredmedia":[{"embeddable":true,"href":"https:\/\/blogs.fu-berlin.de\/wbzdigital\/wp-json\/wp\/v2\/media\/278"}],"wp:attachment":[{"href":"https:\/\/blogs.fu-berlin.de\/wbzdigital\/wp-json\/wp\/v2\/media?parent=276"}],"wp:term":[{"taxonomy":"category","embeddable":true,"href":"https:\/\/blogs.fu-berlin.de\/wbzdigital\/wp-json\/wp\/v2\/categories?post=276"},{"taxonomy":"post_tag","embeddable":true,"href":"https:\/\/blogs.fu-berlin.de\/wbzdigital\/wp-json\/wp\/v2\/tags?post=276"}],"curies":[{"name":"wp","href":"https:\/\/api.w.org\/{rel}","templated":true}]}}