{"id":283,"date":"2020-09-07T12:12:03","date_gmt":"2020-09-07T10:12:03","guid":{"rendered":"https:\/\/blogs.fu-berlin.de\/wbzdigital\/?p=283"},"modified":"2020-09-07T12:12:03","modified_gmt":"2020-09-07T10:12:03","slug":"digitalisierung-und-das-aelterwerden-wie-geht-man-damit-um","status":"publish","type":"post","link":"https:\/\/blogs.fu-berlin.de\/wbzdigital\/2020\/09\/07\/digitalisierung-und-das-aelterwerden-wie-geht-man-damit-um\/","title":{"rendered":"Digitalisierung und das \u00c4lterwerden &#8211; wie geht man damit um?"},"content":{"rendered":"\n<p><a rel=\"noreferrer noopener\" href=\"https:\/\/www.pexels.com\/photo\/business-charts-commerce-computer-265087\/\" target=\"_blank\">Bild: pixabay.com, Pixabay, CC0 Creative Commons<\/a><\/p>\n\n\n\n<p>Die Digitalisierung unseres Alltags geht mit gro\u00dfen Schritten voran und viele machen begeistert mit. Was ist aber mit unseren \u00e4lteren Mitb\u00fcrgern, die mit zunehmenden Alter immer gr\u00f6\u00dfere Schwierigkeiten bekommen, mit der Entwicklung Schritt zu halten? F\u00fcr einige eine willkommene Herausforderung, &#8222;jung und dabei&#8220; zu bleiben, f\u00fcr andere praktisch nicht leistbar.<\/p>\n\n\n\n<p>Dieser Artikel auf heise.de soll zum Nachdenken und Diskutieren \u00fcber dieses wichtige Thema anregen: <a href=\"https:\/\/www.heise.de\/hintergrund\/Missing-Link-Zwangsmassnahme-Digitalisierung-kein-Platz-fuer-alte-Menschen-4881999.html\" target=\"_blank\" rel=\"noreferrer noopener\">Lesen Sie hier!<\/a><\/p>\n\n\n\n<p><\/p>\n\n\n\n<p><\/p>\n","protected":false},"excerpt":{"rendered":"<p>Bild: pixabay.com, Pixabay, CC0 Creative Commons Die Digitalisierung unseres Alltags geht mit gro\u00dfen Schritten voran und viele machen begeistert mit. Was ist aber mit unseren \u00e4lteren Mitb\u00fcrgern, die mit zunehmenden Alter immer gr\u00f6\u00dfere Schwierigkeiten bekommen, mit der Entwicklung Schritt zu halten? F\u00fcr einige eine willkommene Herausforderung, &#8222;jung und dabei&#8220; zu bleiben, f\u00fcr andere praktisch nicht &hellip; <a href=\"https:\/\/blogs.fu-berlin.de\/wbzdigital\/2020\/09\/07\/digitalisierung-und-das-aelterwerden-wie-geht-man-damit-um\/\" class=\"more-link\"><span class=\"screen-reader-text\">\u201eDigitalisierung und das \u00c4lterwerden &#8211; wie geht man damit um?\u201c<\/span> weiterlesen<\/a><\/p>\n","protected":false},"author":3384,"featured_media":286,"comment_status":"open","ping_status":"open","sticky":false,"template":"","format":"standard","meta":{"footnotes":""},"categories":[9],"tags":[],"class_list":["post-283","post","type-post","status-publish","format-standard","has-post-thumbnail","hentry","category-allgemein"],"_links":{"self":[{"href":"https:\/\/blogs.fu-berlin.de\/wbzdigital\/wp-json\/wp\/v2\/posts\/283","targetHints":{"allow":["GET"]}}],"collection":[{"href":"https:\/\/blogs.fu-berlin.de\/wbzdigital\/wp-json\/wp\/v2\/posts"}],"about":[{"href":"https:\/\/blogs.fu-berlin.de\/wbzdigital\/wp-json\/wp\/v2\/types\/post"}],"author":[{"embeddable":true,"href":"https:\/\/blogs.fu-berlin.de\/wbzdigital\/wp-json\/wp\/v2\/users\/3384"}],"replies":[{"embeddable":true,"href":"https:\/\/blogs.fu-berlin.de\/wbzdigital\/wp-json\/wp\/v2\/comments?post=283"}],"version-history":[{"count":2,"href":"https:\/\/blogs.fu-berlin.de\/wbzdigital\/wp-json\/wp\/v2\/posts\/283\/revisions"}],"predecessor-version":[{"id":285,"href":"https:\/\/blogs.fu-berlin.de\/wbzdigital\/wp-json\/wp\/v2\/posts\/283\/revisions\/285"}],"wp:featuredmedia":[{"embeddable":true,"href":"https:\/\/blogs.fu-berlin.de\/wbzdigital\/wp-json\/wp\/v2\/media\/286"}],"wp:attachment":[{"href":"https:\/\/blogs.fu-berlin.de\/wbzdigital\/wp-json\/wp\/v2\/media?parent=283"}],"wp:term":[{"taxonomy":"category","embeddable":true,"href":"https:\/\/blogs.fu-berlin.de\/wbzdigital\/wp-json\/wp\/v2\/categories?post=283"},{"taxonomy":"post_tag","embeddable":true,"href":"https:\/\/blogs.fu-berlin.de\/wbzdigital\/wp-json\/wp\/v2\/tags?post=283"}],"curies":[{"name":"wp","href":"https:\/\/api.w.org\/{rel}","templated":true}]}}