{"id":99,"date":"2018-08-17T10:39:46","date_gmt":"2018-08-17T08:39:46","guid":{"rendered":"https:\/\/blogs.fu-berlin.de\/wbzdigital\/?p=99"},"modified":"2018-08-17T10:41:56","modified_gmt":"2018-08-17T08:41:56","slug":"blog-serie-digitalisierung-und-digitale-transformationen-2","status":"publish","type":"post","link":"https:\/\/blogs.fu-berlin.de\/wbzdigital\/2018\/08\/17\/blog-serie-digitalisierung-und-digitale-transformationen-2\/","title":{"rendered":"Blog-Serie: Digitalisierung und \u201eDigitale Transformationen\u201c"},"content":{"rendered":"<p><a href=\"https:\/\/pixabay.com\/de\/technologie-informationen-digital-2082642\/\" target=\"_blank\" rel=\"noopener\">Bild: pixabay.com, ar130405, CC0 Creative Commons<\/a><\/p>\n<hr \/>\n<h1><strong>Folge 2: Wo steht Deutschland?<\/strong><\/h1>\n<p>Auch in Deutschland ist die Digitalisierung angekommen. Gegen\u00fcber anderen L\u00e4ndern \u2013 <a href=\"https:\/\/www.youtube.com\/watch?v=uVLUY6ydFNQ\" target=\"_blank\" rel=\"noopener\">wie z.B. Estland aus dem Video der Folge 1<\/a> &#8211;\u00a0 hinkt Deutschland aber in vielen Bereichen hinterher und hat in den n\u00e4chsten Jahren eine Menge \u201eHausaufgaben\u201c zu machen. Folgende Dinge gelten als Grundvoraussetzung f\u00fcr erfolgreiche Digitalisierungsprojekte in der Wirtschaft, der \u00f6ff. Verwaltung und im privaten Sektor \u2013 ein kleiner Ausschnitt:<\/p>\n<ol>\n<li>Schneller effizienter Ausbau der Infrastruktur, schnelle fl\u00e4chendeckende Breitbandnetze (auch in l\u00e4ndlichen Bereichen), WLAN-Hotspots usw.<\/li>\n<li>Klare politische Rahmenbedingungen &#8211; Datenschutz, IT-Sicherheit einerseits, F\u00f6rderung digitaler innovativer Projekte mit unb\u00fcrokratischen schnellen Entscheidungswegen andererseits<\/li>\n<li>Schlanke, effiziente und moderne \u00f6ff. Verwaltung \u2013 eGovernment<\/li>\n<li>Geschultes Personal in der Wirtschaft<\/li>\n<li>Geschulte B\u00fcrger\/innen im privaten Bereich, f\u00fcr die der Umgang mit modernen Technologien selbstverst\u00e4ndlich ist \u2013 dabei beginnt digitale Bildung bereits in der Schule<\/li>\n<li>Hohe Akzeptanz in der Bev\u00f6lkerung<\/li>\n<\/ol>\n<p>Wie lassen sich nun diese wesentlichen Dinge umsetzen?<\/p>\n<p><!--more--><\/p>\n<p>Sehr interessante Ans\u00e4tze hat der <strong>Digital Business Innovator&amp;Coach, Kurt Brand<\/strong>, <a href=\"https:\/\/www.linkedin.com\/pulse\/digitalisierungsstrategie-f%C3%BCr-deutschland-kurt-brand?trk=eml-email_feed_ecosystem_digest_01-recommended_articles-6-Unknown&amp;midToken=AQH2Apdm68UJxw&amp;fromEmail=fromEmail&amp;ut=3kF-kAZXqvl881\" target=\"_blank\" rel=\"noopener\">in folgendem Artikel formuliert<\/a>. Erg\u00e4nzende Ans\u00e4tze formuliert <strong>Christian R\u00e4tsch, CEO der Agentur Saatchi &amp; Saatchi Deutschland<\/strong>, <a href=\"https:\/\/www.linkedin.com\/pulse\/deutscher-weg-der-digitalisierung-christian-r%C3%A4tsch?trk=eml-email_feed_ecosystem_digest_01-recommended_articles-11-Unknown&amp;midToken=AQH2Apdm68UJxw&amp;fromEmail=fromEmail&amp;ut=1bsKR-Bge5uU81\" target=\"_blank\" rel=\"noopener\">in seinem Blog auf LinkedIn<\/a>.<\/p>\n<p>Auch in der deutschen Wirtschaft ist die Digitalisierung das Thema der Stunde. In den meisten F\u00fchrungsetagen mittelst\u00e4ndischer, aber auch gr\u00f6\u00dferen Unternehmen ist das Thema angekommen. Interessant ist dabei, dass dadurch auch immer wieder neue Herausforderungen zu Tage treten. Eine interessante Studie hat dazu die <strong>Unternehmensberatung Capgemini <\/strong>gemacht. <a href=\"https:\/\/www.youtube.com\/watch?v=XakrwblHO60\" target=\"_blank\" rel=\"noopener\">Hier ein Kurzvideo zu den Studienergebnissen.<\/a><\/p>\n<p><strong>Lesen Sie in Folge 3 unserer Digitalisierungsserie:<br \/>\n<\/strong>Die Schl\u00fcssel und die Herausforderungen digitaler Transformationen<\/p>\n<p><em>Autor: Ralf Herrmann<\/em><\/p>\n","protected":false},"excerpt":{"rendered":"<p>Bild: pixabay.com, ar130405, CC0 Creative Commons Folge 2: Wo steht Deutschland? Auch in Deutschland ist die Digitalisierung angekommen. Gegen\u00fcber anderen L\u00e4ndern \u2013 wie z.B. Estland aus dem Video der Folge 1 &#8211;\u00a0 hinkt Deutschland aber in vielen Bereichen hinterher und hat in den n\u00e4chsten Jahren eine Menge \u201eHausaufgaben\u201c zu machen. Folgende Dinge gelten als Grundvoraussetzung &hellip; <a href=\"https:\/\/blogs.fu-berlin.de\/wbzdigital\/2018\/08\/17\/blog-serie-digitalisierung-und-digitale-transformationen-2\/\" class=\"more-link\"><span class=\"screen-reader-text\">\u201eBlog-Serie: Digitalisierung und \u201eDigitale Transformationen\u201c\u201c<\/span> weiterlesen<\/a><\/p>\n","protected":false},"author":3005,"featured_media":42,"comment_status":"open","ping_status":"open","sticky":false,"template":"","format":"standard","meta":{"footnotes":""},"categories":[225958],"tags":[201687,480,225967,225957,12668],"class_list":["post-99","post","type-post","status-publish","format-standard","has-post-thumbnail","hentry","category-blog-serie-digitalisierung-und-digitale-transformationen","tag-digitale-transformation","tag-digitalisierung","tag-digitalisierung-und-digitale-transformationen","tag-industrie-4-0","tag-it"],"_links":{"self":[{"href":"https:\/\/blogs.fu-berlin.de\/wbzdigital\/wp-json\/wp\/v2\/posts\/99","targetHints":{"allow":["GET"]}}],"collection":[{"href":"https:\/\/blogs.fu-berlin.de\/wbzdigital\/wp-json\/wp\/v2\/posts"}],"about":[{"href":"https:\/\/blogs.fu-berlin.de\/wbzdigital\/wp-json\/wp\/v2\/types\/post"}],"author":[{"embeddable":true,"href":"https:\/\/blogs.fu-berlin.de\/wbzdigital\/wp-json\/wp\/v2\/users\/3005"}],"replies":[{"embeddable":true,"href":"https:\/\/blogs.fu-berlin.de\/wbzdigital\/wp-json\/wp\/v2\/comments?post=99"}],"version-history":[{"count":7,"href":"https:\/\/blogs.fu-berlin.de\/wbzdigital\/wp-json\/wp\/v2\/posts\/99\/revisions"}],"predecessor-version":[{"id":106,"href":"https:\/\/blogs.fu-berlin.de\/wbzdigital\/wp-json\/wp\/v2\/posts\/99\/revisions\/106"}],"wp:featuredmedia":[{"embeddable":true,"href":"https:\/\/blogs.fu-berlin.de\/wbzdigital\/wp-json\/wp\/v2\/media\/42"}],"wp:attachment":[{"href":"https:\/\/blogs.fu-berlin.de\/wbzdigital\/wp-json\/wp\/v2\/media?parent=99"}],"wp:term":[{"taxonomy":"category","embeddable":true,"href":"https:\/\/blogs.fu-berlin.de\/wbzdigital\/wp-json\/wp\/v2\/categories?post=99"},{"taxonomy":"post_tag","embeddable":true,"href":"https:\/\/blogs.fu-berlin.de\/wbzdigital\/wp-json\/wp\/v2\/tags?post=99"}],"curies":[{"name":"wp","href":"https:\/\/api.w.org\/{rel}","templated":true}]}}