{"id":1015,"date":"2025-05-20T10:40:39","date_gmt":"2025-05-20T10:40:39","guid":{"rendered":"https:\/\/blogs.fu-berlin.de\/wissenschaftspraxis-lai\/?p=1015"},"modified":"2025-05-20T10:46:57","modified_gmt":"2025-05-20T10:46:57","slug":"praktikum-im-zdf-studio-rio-de-janeiro-deutsche-berichterstattung-aus-und-ueber-suedamerika","status":"publish","type":"post","link":"https:\/\/blogs.fu-berlin.de\/wissenschaftspraxis-lai\/2025\/05\/20\/praktikum-im-zdf-studio-rio-de-janeiro-deutsche-berichterstattung-aus-und-ueber-suedamerika\/","title":{"rendered":"Praktikum im ZDF-Studio Rio de Janeiro: Deutsche Berichterstattung aus und \u00fcber S\u00fcdamerika"},"content":{"rendered":"\n<hr class=\"wp-block-separator has-alpha-channel-opacity\" \/>\n\n\n\n<p><a id=\"_msocom_1\"><\/a><\/p>\n\n\n\n<p>Wer sich f\u00fcr Journalismus und Lateinamerika interessiert, findet im ZDF-Auslandsstudio in Rio de Janeiro einen spannenden und vielseitigen Praktikumsplatz. Von hier aus berichtet das Studio \u00fcber die ganze Region \u2013 darunter Brasilien, Argentinien, Venezuela oder Kolumbien \u2013 und beleuchtet politische Umbr\u00fcche, soziale Entwicklungen und kulturelle Trends.<\/p>\n\n\n\n<p>Im Rahmen meines Praktikums konnte ich das journalistische Arbeiten im internationalen Kontext hautnah miterleben. Als Teil des Teams geh\u00f6rten t\u00e4gliche Recherchen zur Nachrichtenlage in S\u00fcdamerika ebenso zu meinen Aufgaben wie die Mitarbeit an Beitr\u00e4gen f\u00fcr verschiedene ZDF-Formate.<\/p>\n\n\n\n<p><strong>Recherchieren, Schreiben, Produzieren<\/strong><\/p>\n\n\n\n<p>Schon fr\u00fch durfte ich eigene Themen vorschlagen und umsetzen \u2013 darunter Artikel f\u00fcr \u201eZDF heute\u201c zur Wahl in Ecuador und zur umstrittenen Amtseinf\u00fchrung von Nicol\u00e1s Maduro in Venezuela. Die redaktionelle Arbeit verlangte nicht nur journalistisches Handwerk, sondern auch ein tiefes Verst\u00e4ndnis f\u00fcr politische Kontexte und die F\u00e4higkeit, komplexe Zusammenh\u00e4nge verst\u00e4ndlich aufzubereiten.<\/p>\n\n\n\n<p>Besonders hilfreich war dabei meine Vorbereitung durch das Studium der Interdisziplin\u00e4ren Lateinamerikastudien. Sprachkenntnisse in Portugiesisch und ein breites Wissen \u00fcber die Region bildeten die Grundlage f\u00fcr souver\u00e4ne Recherchen \u2013 ebenso wie bestehende Kontakte zu Wissenschaftlerinnen und Wissenschaftlern, die als Expertinnen und Experten f\u00fcr Interviews zur Verf\u00fcgung standen.<\/p>\n\n\n\n<p><strong>Eigene Fernsehbeitr\u00e4ge f\u00fcr ZDF logo! und das ZDF-Mittagsmagazin<\/strong><\/p>\n\n\n\n<p>Ein besonderes Highlight meines Praktikums war die M\u00f6glichkeit, zwei eigene Fernsehbeitr\u00e4ge umzusetzen. F\u00fcr die Kindernachrichtensendung \u201elogo!\u201c begleitete ich eine neunj\u00e4hrige Sch\u00fclerin aus einer Sambaschule in Rio de Janeiro, die sich auf ihren gro\u00dfen Auftritt beim Karneval vorbereitete. Ich filmte sie beim Training und zu Hause, f\u00fchrte Interviews, schrieb den Text, schnitt den Beitrag und durfte ihn auch selbst einsprechen.<\/p>\n\n\n\n<p>Auch f\u00fcr das ZDF-Mittagsmagazin realisierte ich einen eigenen Beitrag: Ich portr\u00e4tierte eine junge Frau im Rollstuhl, die trotz ihrer schweren k\u00f6rperlichen Einschr\u00e4nkungen einen der Berge Rios erklommen hat. Es war eine emotionale Geschichte \u00fcber Durchhalteverm\u00f6gen und Lebensfreude. Die Interviews f\u00fchrte ich auf Portugiesisch, der gesamte Beitrag entstand unter meiner inhaltlichen und gestalterischen Verantwortung, was eine wertvolle und bereichernde Erfahrung war.<\/p>\n\n\n\n<p><strong>Fazit<\/strong>: <strong>Journalistisch<\/strong> <strong>Arbeiten im Ausland \u2013 Chancen und Herausforderungen<\/strong><\/p>\n\n\n\n<p>Die Arbeit im Studio war gepr\u00e4gt von enger Teamarbeit, intensiver Recherche und dem st\u00e4ndigen Blick auf tagesaktuelle Entwicklungen. Gleichzeitig war es eine Herausforderung, sich in einer neuen Stadt mit einer anderen Sprache und Kultur zurechtzufinden. Doch gerade diese Erfahrungen hat mein Auslandspraktikum so wertvoll gemacht: Es hat nicht nur mein journalistisches Profil gesch\u00e4rft, sondern auch mein Gesp\u00fcr f\u00fcr internationale Zusammenh\u00e4nge.<\/p>\n\n\n\n<p>Das Praktikum im ZDF-Studio Rio de Janeiro hat mir gezeigt, wie anspruchsvoll und vielseitig Auslandsjournalismus sein kann \u2013 besonders in einer Region wie Lateinamerika. Studierende, die sich f\u00fcr ein solches Praktikum interessieren, sollten regelm\u00e4\u00dfig nach Stellenausschreibungen auf der ZDF-Webseite Ausschau halten sich fr\u00fchzeitig bewerben \u2013 denn die Pl\u00e4tze sind begrenzt und eine rechtzeitige Planung erh\u00f6ht die Chancen auf einen Praktikumsplatz.<\/p>\n\n\n\n<p>Autorin: Mia Veigel (2025)<\/p>\n","protected":false},"excerpt":{"rendered":"<p>Wer sich f\u00fcr Journalismus und Lateinamerika interessiert, findet im ZDF-Auslandsstudio in Rio de Janeiro einen spannenden und vielseitigen Praktikumsplatz. Von hier aus berichtet das Studio \u00fcber die ganze Region \u2013 darunter Brasilien, Argentinien, Venezuela oder Kolumbien \u2013 und beleuchtet politische Umbr\u00fcche, soziale Entwicklungen und kulturelle Trends. Im Rahmen meines Praktikums konnte ich das journalistische Arbeiten &hellip; <a href=\"https:\/\/blogs.fu-berlin.de\/wissenschaftspraxis-lai\/2025\/05\/20\/praktikum-im-zdf-studio-rio-de-janeiro-deutsche-berichterstattung-aus-und-ueber-suedamerika\/\" class=\"more-link\"><span class=\"screen-reader-text\">\u201ePraktikum im ZDF-Studio Rio de Janeiro: Deutsche Berichterstattung aus und \u00fcber S\u00fcdamerika\u201c<\/span> weiterlesen<\/a><\/p>\n","protected":false},"author":1659,"featured_media":0,"comment_status":"open","ping_status":"open","sticky":false,"template":"","format":"standard","meta":{"footnotes":""},"categories":[587663],"tags":[],"class_list":["post-1015","post","type-post","status-publish","format-standard","hentry","category-1-3-praktikumsberichte"],"_links":{"self":[{"href":"https:\/\/blogs.fu-berlin.de\/wissenschaftspraxis-lai\/wp-json\/wp\/v2\/posts\/1015","targetHints":{"allow":["GET"]}}],"collection":[{"href":"https:\/\/blogs.fu-berlin.de\/wissenschaftspraxis-lai\/wp-json\/wp\/v2\/posts"}],"about":[{"href":"https:\/\/blogs.fu-berlin.de\/wissenschaftspraxis-lai\/wp-json\/wp\/v2\/types\/post"}],"author":[{"embeddable":true,"href":"https:\/\/blogs.fu-berlin.de\/wissenschaftspraxis-lai\/wp-json\/wp\/v2\/users\/1659"}],"replies":[{"embeddable":true,"href":"https:\/\/blogs.fu-berlin.de\/wissenschaftspraxis-lai\/wp-json\/wp\/v2\/comments?post=1015"}],"version-history":[{"count":1,"href":"https:\/\/blogs.fu-berlin.de\/wissenschaftspraxis-lai\/wp-json\/wp\/v2\/posts\/1015\/revisions"}],"predecessor-version":[{"id":1016,"href":"https:\/\/blogs.fu-berlin.de\/wissenschaftspraxis-lai\/wp-json\/wp\/v2\/posts\/1015\/revisions\/1016"}],"wp:attachment":[{"href":"https:\/\/blogs.fu-berlin.de\/wissenschaftspraxis-lai\/wp-json\/wp\/v2\/media?parent=1015"}],"wp:term":[{"taxonomy":"category","embeddable":true,"href":"https:\/\/blogs.fu-berlin.de\/wissenschaftspraxis-lai\/wp-json\/wp\/v2\/categories?post=1015"},{"taxonomy":"post_tag","embeddable":true,"href":"https:\/\/blogs.fu-berlin.de\/wissenschaftspraxis-lai\/wp-json\/wp\/v2\/tags?post=1015"}],"curies":[{"name":"wp","href":"https:\/\/api.w.org\/{rel}","templated":true}]}}